{"id":81024,"date":"2016-06-15T09:44:00","date_gmt":"2016-06-15T07:44:00","guid":{"rendered":"http:\/\/gazdasagportal.hu\/?p=81024"},"modified":"2016-06-15T09:44:00","modified_gmt":"2016-06-15T07:44:00","slug":"belga-lapertesules-merenyletekre-keszulo-dzsihadistak-indultak-europaba","status":"publish","type":"post","link":"https:\/\/gazdasagportal.hu\/index.php\/belga-lapertesules-merenyletekre-keszulo-dzsihadistak-indultak-europaba\/","title":{"rendered":"Belga lap\u00e9rtes\u00fcl\u00e9s: mer\u00e9nyletekre k\u00e9sz\u00fcl\u0151 dzsihadist\u00e1k indultak Eur\u00f3p\u00e1ba"},"content":{"rendered":"<p><strong>Belgiumi \u00e9s franciaorsz\u00e1gi mer\u00e9nyletekre k\u00e9sz\u00fcl\u0151 dzsihadist\u00e1k tartanak Eur\u00f3p\u00e1ba, az Iszl\u00e1m \u00c1llam nev\u0171 terrorszervezet harcosai m\u00e1sf\u00e9l h\u00e9ttel ezel\u0151tt indultak \u00fatnak Sz\u00edri\u00e1b\u00f3l, hogy T\u00f6r\u00f6korsz\u00e1gon \u00e9s G\u00f6r\u00f6gorsz\u00e1gon kereszt\u00fcl a kontinensre jussanak &#8211; jelentette szerd\u00e1n a La Derniere Heure c\u00edm\u0171 belga napilap a terrorellenes hat\u00f3s\u00e1gok inform\u00e1ci\u00f3ira hivatkozva.<\/strong><!--more--><\/p>\n<div class=\"ads-in-post1\"><div id=\"gazdasagportal.hu_fullbanner_wideboard\"><\/div>\r\n<\/div>\n<p>    Az \u00fajs\u00e1g \u00e1ll\u00edt\u00f3lag megszerezte azt a levelet, amelyben az illet\u00e9kes belga hat\u00f3s\u00e1g az azonnali terrorfenyegetetts\u00e9gre figyelmeztette a rend\u0151rs\u00e9gi szerveket. Az \u00fczenetben az \u00e1ll, hogy a terrorist\u00e1k \u00fatlev\u00e9l n\u00e9lk\u00fcl sz\u00e1nd\u00e9koznak Eur\u00f3p\u00e1ba jutni, egyik csoportjuk Belgiumba, a m\u00e1sik pedig Franciaorsz\u00e1gba.<br \/>\n    A belga szervek szerint az Iszl\u00e1m \u00c1llam terrorist\u00e1inak els\u0151 sz\u00e1m\u00fa c\u00e9lpontja Franciaorsz\u00e1g, azonban nem z\u00e1rhat\u00f3 ki annak a lehet\u0151s\u00e9ge sem, hogy egyes terrorsejtek Belgiumban is mer\u00e9nyleteket terveznek.<br \/>\n    A La Derniere Heure szerint h\u00e1rom lehets\u00e9ges belgiumi c\u00e9lpontot eml\u00edtettek a lev\u00e9lben: egy nagy br\u00fcsszeli bev\u00e1s\u00e1rl\u00f3k\u00f6zpontot, egy amerikai gyors\u00e9ttereml\u00e1nc egyik helyi egys\u00e9g\u00e9t, valamint egy rend\u0151rkapit\u00e1nys\u00e1got.<br \/>\n    A fenyeget\u00e9seket elemz\u0151 belga test\u00fclet (OCAM), amely tov\u00e1bbra is h\u00e1rmas, azaz &#8222;s\u00falyos&#8221; fokozaton tartja az orsz\u00e1g terrork\u00e9sz\u00fclts\u00e9gi szintj\u00e9t, arra h\u00edvta fel a figyelmet, hogy m\u00e9g mindig nem siker\u00fclt nyom\u00e1ra akadni a m\u00e1rcius 22-i mer\u00e9nyleteket elk\u00f6vet\u0151 terrorkommand\u00f3 birtok\u00e1ban l\u00e9v\u0151 fegyvereknek \u00e9s robban\u00f3szereknek &#8211; \u00edrta a lap.<br \/>\n    Az OCAM szerint az is n\u00f6veli a terrorfenyegetetts\u00e9get, hogy Belgium j\u00falius 1-j\u00e9n megkezdi az Iszl\u00e1m \u00c1llam sz\u00edriai \u00e1ll\u00e1sainak bomb\u00e1z\u00e1s\u00e1t.<br \/>\n    M\u00e1rcius 22-\u00e9n Br\u00fcsszelben a Zaventem nemzetk\u00f6zi rep\u00fcl\u0151t\u00e9ren \u00e9s a Maelbeek metr\u00f3\u00e1llom\u00e1son hajtottak v\u00e9gre terrort\u00e1mad\u00e1st, 32-en meghaltak. Tavaly november 13-\u00e1n P\u00e1rizsban h\u00e9t helysz\u00ednen k\u00f6vettek el mer\u00e9nyleteket, ezekben 130 ember vesztette \u00e9let\u00e9t. A hat\u00f3s\u00e1gok szerint bizony\u00edtott kapcsolat van a p\u00e1rizsi \u00e9s a br\u00fcsszeli mer\u00e9nyletek kitervel\u0151i \u00e9s elk\u00f6vet\u0151i csoportjai k\u00f6z\u00f6tt. Mindk\u00e9t t\u00e1mad\u00e1s elk\u00f6vet\u0151jek\u00e9nt az Iszl\u00e1m \u00c1llam jelentkezett.(MTI)<\/p>\n","protected":false},"excerpt":{"rendered":"<p>Belgiumi \u00e9s franciaorsz\u00e1gi mer\u00e9nyletekre k\u00e9sz\u00fcl\u0151 dzsihadist\u00e1k tartanak Eur\u00f3p\u00e1ba, az Iszl\u00e1m \u00c1llam nev\u0171 terrorszervezet harcosai m\u00e1sf\u00e9l h\u00e9ttel ezel\u0151tt indultak \u00fatnak Sz\u00edri\u00e1b\u00f3l, hogy T\u00f6r\u00f6korsz\u00e1gon \u00e9s G\u00f6r\u00f6gorsz\u00e1gon kereszt\u00fcl a kontinensre jussanak &#8211; jelentette szerd\u00e1n a La Derniere Heure c\u00edm\u0171 belga napilap a terrorellenes hat\u00f3s\u00e1gok inform\u00e1ci\u00f3ira hivatkozva.<\/p>\n","protected":false},"author":1,"featured_media":0,"comment_status":"open","ping_status":"closed","sticky":false,"template":"","format":"standard","meta":[],"categories":[12],"tags":[],"_links":{"self":[{"href":"https:\/\/gazdasagportal.hu\/index.php\/wp-json\/wp\/v2\/posts\/81024"}],"collection":[{"href":"https:\/\/gazdasagportal.hu\/index.php\/wp-json\/wp\/v2\/posts"}],"about":[{"href":"https:\/\/gazdasagportal.hu\/index.php\/wp-json\/wp\/v2\/types\/post"}],"author":[{"embeddable":true,"href":"https:\/\/gazdasagportal.hu\/index.php\/wp-json\/wp\/v2\/users\/1"}],"replies":[{"embeddable":true,"href":"https:\/\/gazdasagportal.hu\/index.php\/wp-json\/wp\/v2\/comments?post=81024"}],"version-history":[{"count":1,"href":"https:\/\/gazdasagportal.hu\/index.php\/wp-json\/wp\/v2\/posts\/81024\/revisions"}],"predecessor-version":[{"id":81025,"href":"https:\/\/gazdasagportal.hu\/index.php\/wp-json\/wp\/v2\/posts\/81024\/revisions\/81025"}],"wp:attachment":[{"href":"https:\/\/gazdasagportal.hu\/index.php\/wp-json\/wp\/v2\/media?parent=81024"}],"wp:term":[{"taxonomy":"category","embeddable":true,"href":"https:\/\/gazdasagportal.hu\/index.php\/wp-json\/wp\/v2\/categories?post=81024"},{"taxonomy":"post_tag","embeddable":true,"href":"https:\/\/gazdasagportal.hu\/index.php\/wp-json\/wp\/v2\/tags?post=81024"}],"curies":[{"name":"wp","href":"https:\/\/api.w.org\/{rel}","templated":true}]}}