{"id":80894,"date":"2016-06-13T13:54:42","date_gmt":"2016-06-13T11:54:42","guid":{"rendered":"http:\/\/gazdasagportal.hu\/?p=80894"},"modified":"2016-06-13T21:43:03","modified_gmt":"2016-06-13T19:43:03","slug":"negativra-rontotta-japan-kilatasat-a-fitch-ratings","status":"publish","type":"post","link":"https:\/\/gazdasagportal.hu\/index.php\/negativra-rontotta-japan-kilatasat-a-fitch-ratings\/","title":{"rendered":"Negat\u00edvra rontotta Jap\u00e1n kil\u00e1t\u00e1s\u00e1t a Fitch Ratings"},"content":{"rendered":"<p><strong>Lemin\u0151s\u00edt\u00e9s lehet\u0151s\u00e9g\u00e9re utal\u00f3 negat\u00edvra rontotta Jap\u00e1n &#8222;A&#8221; kateg\u00f3ri\u00e1j\u00fa hossz\u00fa t\u00e1v\u00fa \u00e1llamad\u00f3s-oszt\u00e1lyzat\u00e1nak kil\u00e1t\u00e1s\u00e1t h\u00e9tf\u0151n a Fitch Ratings, els\u0151sorban azzal indokolva a d\u00f6nt\u00e9st, hogy a jap\u00e1n korm\u00e1ny ism\u00e9t elhalasztotta a fogyaszt\u00e1si ad\u00f3 emel\u00e9s\u00e9t, \u00e9s nem jelentett be konkr\u00e9t l\u00e9p\u00e9seket az ebb\u0151l ered\u0151 bev\u00e9teli kies\u00e9sek p\u00f3tl\u00e1s\u00e1ra.<\/strong><!--more--><\/p>\n<div class=\"ads-in-post1\"><div id=\"gazdasagportal.hu_fullbanner_wideboard\"><\/div>\r\n<\/div>\n<p>A nemzetk\u00f6zi hitelmin\u0151s\u00edt\u0151 a Londonban bejelentett d\u00f6nt\u00e9s indokl\u00e1s\u00e1ban kiemelte, hogy a fogyaszt\u00e1si ad\u00f3 emel\u00e9s\u00e9nek kijel\u00f6lt id\u0151pontja j\u00f6v\u0151 \u00e1prilis lett volna, \u00e1m a jap\u00e1n korm\u00e1ny ezt a minap 2019 okt\u00f3ber\u00e9ig elhalasztotta. A Fitch hangs\u00falyozta azt is, hogy ez m\u00e1r a m\u00e1sodik halaszt\u00e1s volt, mivel a fogyaszt\u00e1si ad\u00f3 emel\u00e9s\u00e9t a korm\u00e1ny eredetileg tavaly okt\u00f3berre tervezte.<br \/>\n    A Fitch londoni elemz\u0151i k\u00f6z\u00f6lt\u00e9k: a jap\u00e1n \u00e1llamad\u00f3s-besorol\u00e1s kil\u00e1t\u00e1s\u00e1nak ront\u00e1sa mindenekel\u0151tt azt t\u00fckr\u00f6zi, hogy cs\u00f6kkent a c\u00e9g bizalma a k\u00f6lts\u00e9gvet\u00e9si konszolid\u00e1ci\u00f3 melletti jap\u00e1n korm\u00e1nyzati elk\u00f6telezetts\u00e9gben.<br \/>\n    A fogyaszt\u00e1si ad\u00f3 emel\u00e9se fontos eleme volt a jap\u00e1n korm\u00e1ny k\u00f6lts\u00e9gvet\u00e9si konszolid\u00e1ci\u00f3s strat\u00e9gi\u00e1j\u00e1nak, amelynek c\u00e9lja az els\u0151dleges \u00e1llamh\u00e1ztart\u00e1si egyenleg egyens\u00falyba hoz\u00e1sa a 2020-2021-es p\u00e9nz\u00fcgyi \u00e9vig a hazai \u00f6sszterm\u00e9khez (GDP) m\u00e9rt 3,3 sz\u00e1zal\u00e9kos tavalyi hi\u00e1ny ut\u00e1n &#8211; \u00e1ll a Fitch elemz\u00e9s\u00e9ben.<br \/>\n    A c\u00e9g k\u00f6z\u00f6lte: saj\u00e1t sz\u00e1m\u00edt\u00e1sai szerint a fogyaszt\u00e1si ad\u00f3 emel\u00e9se \u00f6nmag\u00e1ban a GDP-\u00e9rt\u00e9k hozz\u00e1vet\u0151leg 0,8 sz\u00e1zal\u00e9k\u00e1val egyenl\u0151 m\u00e9rt\u00e9kben cs\u00f6kkentette volna a deficitet. A Fitch Ratings mindazon\u00e1ltal most m\u00e1r egy\u00e1ltal\u00e1n nem sz\u00e1m\u00edt arra, hogy a jap\u00e1n korm\u00e1ny emelni fogja ezt az ad\u00f3t.<br \/>\n    A hitelmin\u0151s\u00edt\u0151 ennek alapj\u00e1n fel\u00fclvizsg\u00e1lt el\u0151rejelz\u00e9se szerint a hazai \u00f6sszterm\u00e9k ar\u00e1ny\u00e1ban m\u00e9rt brutt\u00f3 jap\u00e1n \u00e1llamad\u00f3ss\u00e1g-r\u00e1ta a 2016 v\u00e9g\u00e9re v\u00e1rt 245 sz\u00e1zal\u00e9kr\u00f3l \u00e9vente 1-2 sz\u00e1zal\u00e9kponttal emelkedik a 2024-ig tart\u00f3 el\u0151rejelz\u00e9si id\u0151szak v\u00e9g\u00e9ig. A Fitch eddigi progn\u00f3zisa azt val\u00f3sz\u00edn\u0171s\u00edtette, hogy az ad\u00f3ss\u00e1gr\u00e1ta 2020-ban 247 sz\u00e1zal\u00e9kon tet\u0151zik.<br \/>\n    <a href=\"https:\/\/gazdasagportal.hu\/wp-content\/uploads\/2016\/05\/fitch04.jpg\"><img decoding=\"async\" loading=\"lazy\" src=\"https:\/\/gazdasagportal.hu\/wp-content\/uploads\/2016\/05\/fitch04.jpg\" alt=\"fitch04\" width=\"308\" height=\"164\" class=\"alignleft size-full wp-image-79636\" srcset=\"https:\/\/gazdasagportal.hu\/wp-content\/uploads\/2016\/05\/fitch04.jpg 308w, https:\/\/gazdasagportal.hu\/wp-content\/uploads\/2016\/05\/fitch04-300x160.jpg 300w\" sizes=\"(max-width: 308px) 100vw, 308px\" \/><\/a>A Fitch nem el\u0151sz\u00f6r hajt v\u00e9gre negat\u00edv min\u0151s\u00edt\u00e9si l\u00e9p\u00e9st a fogyaszt\u00e1si ad\u00f3 emel\u00e9s\u00e9nek halaszt\u00e1sa miatt. Tavaly ugyanezzel az indokkal Jap\u00e1n hossz\u00fa futamidej\u0171 k\u00fcls\u0151 \u00e9s hazai szuver\u00e9n ad\u00f3ss\u00e1g\u00e1llom\u00e1ny\u00e1nak besorol\u00e1s\u00e1t az addigi &#8222;A plusz&#8221;-r\u00f3l egy fokozattal a jelenleg \u00e9rv\u00e9nyes &#8222;A&#8221;-ra rontotta. Az \u00faj oszt\u00e1lyzatra a c\u00e9g akkor stabil kil\u00e1t\u00e1st adott; ezt rontotta most negat\u00edvra.<br \/>\n    A hitelmin\u0151s\u00edt\u0151 a kil\u00e1t\u00e1sront\u00e1s h\u00e9tf\u0151i bejelent\u00e9s\u00e9hez f\u0171z\u00f6tt elemz\u00e9s\u00e9ben hangs\u00falyozta azonban, hogy a tov\u00e1bbra is els\u0151rend\u0171 jap\u00e1n ad\u00f3soszt\u00e1lyzatot al\u00e1t\u00e1masztja a jap\u00e1n \u00e1llamh\u00e1ztart\u00e1si szektor rendk\u00edv\u00fcli finansz\u00edroz\u00e1si rugalmass\u00e1ga.<br \/>\n    A Fitch Ratings kimutat\u00e1sa szerint a p\u00e9nz\u00fcgyi szolg\u00e1ltat\u00e1si k\u00f6r\u00f6n k\u00edv\u00fcli hazai szektorok brutt\u00f3 p\u00e9nz\u00fcgyi eszk\u00f6z\u00e1llom\u00e1nya 2015 v\u00e9g\u00e9n az \u00e9ves GDP-\u00e9rt\u00e9k 707 sz\u00e1zal\u00e9k\u00e1nak felelt meg, a hivatalos devizatartal\u00e9k m\u00e1jus v\u00e9g\u00e9n 1254 milli\u00e1rd doll\u00e1r volt.<br \/>\n    A m\u00e1sik k\u00e9t nagy hitelmin\u0151s\u00edt\u0151 egy fokozattal jobb szuver\u00e9n besorol\u00e1st tart \u00e9rv\u00e9nyben Jap\u00e1nra, mint a Fitch. A Standard &#038; Poor&#8217;s &#8222;A plusz&#8221;, a Moody&#8217;s Investors Service ugyanennek megfelel\u0151 &#8222;A1&#8221; oszt\u00e1lyzattal \u00e9s egyar\u00e1nt stabil kil\u00e1t\u00e1ssal tartja nyilv\u00e1n a jap\u00e1n \u00e1llamad\u00f3ss\u00e1got.(MTI)<\/p>\n","protected":false},"excerpt":{"rendered":"<p>Lemin\u0151s\u00edt\u00e9s lehet\u0151s\u00e9g\u00e9re utal\u00f3 negat\u00edvra rontotta Jap\u00e1n &#8222;A&#8221; kateg\u00f3ri\u00e1j\u00fa hossz\u00fa t\u00e1v\u00fa \u00e1llamad\u00f3s-oszt\u00e1lyzat\u00e1nak kil\u00e1t\u00e1s\u00e1t h\u00e9tf\u0151n a Fitch Ratings, els\u0151sorban azzal indokolva a d\u00f6nt\u00e9st, hogy a jap\u00e1n korm\u00e1ny ism\u00e9t elhalasztotta a fogyaszt\u00e1si ad\u00f3 emel\u00e9s\u00e9t, \u00e9s nem jelentett be konkr\u00e9t l\u00e9p\u00e9seket az ebb\u0151l ered\u0151 bev\u00e9teli kies\u00e9sek p\u00f3tl\u00e1s\u00e1ra.<\/p>\n","protected":false},"author":1,"featured_media":79636,"comment_status":"open","ping_status":"closed","sticky":false,"template":"","format":"standard","meta":[],"categories":[146,246],"tags":[],"_links":{"self":[{"href":"https:\/\/gazdasagportal.hu\/index.php\/wp-json\/wp\/v2\/posts\/80894"}],"collection":[{"href":"https:\/\/gazdasagportal.hu\/index.php\/wp-json\/wp\/v2\/posts"}],"about":[{"href":"https:\/\/gazdasagportal.hu\/index.php\/wp-json\/wp\/v2\/types\/post"}],"author":[{"embeddable":true,"href":"https:\/\/gazdasagportal.hu\/index.php\/wp-json\/wp\/v2\/users\/1"}],"replies":[{"embeddable":true,"href":"https:\/\/gazdasagportal.hu\/index.php\/wp-json\/wp\/v2\/comments?post=80894"}],"version-history":[{"count":2,"href":"https:\/\/gazdasagportal.hu\/index.php\/wp-json\/wp\/v2\/posts\/80894\/revisions"}],"predecessor-version":[{"id":80921,"href":"https:\/\/gazdasagportal.hu\/index.php\/wp-json\/wp\/v2\/posts\/80894\/revisions\/80921"}],"wp:featuredmedia":[{"embeddable":true,"href":"https:\/\/gazdasagportal.hu\/index.php\/wp-json\/wp\/v2\/media\/79636"}],"wp:attachment":[{"href":"https:\/\/gazdasagportal.hu\/index.php\/wp-json\/wp\/v2\/media?parent=80894"}],"wp:term":[{"taxonomy":"category","embeddable":true,"href":"https:\/\/gazdasagportal.hu\/index.php\/wp-json\/wp\/v2\/categories?post=80894"},{"taxonomy":"post_tag","embeddable":true,"href":"https:\/\/gazdasagportal.hu\/index.php\/wp-json\/wp\/v2\/tags?post=80894"}],"curies":[{"name":"wp","href":"https:\/\/api.w.org\/{rel}","templated":true}]}}