{"id":80880,"date":"2016-06-13T10:49:00","date_gmt":"2016-06-13T08:49:00","guid":{"rendered":"http:\/\/gazdasagportal.hu\/?p=80880"},"modified":"2016-06-13T10:49:00","modified_gmt":"2016-06-13T08:49:00","slug":"mnb-ujabb-birsag-a-lombard-lizingnek-a-jogserto-devizas-casco-dijak-miatt","status":"publish","type":"post","link":"https:\/\/gazdasagportal.hu\/index.php\/mnb-ujabb-birsag-a-lombard-lizingnek-a-jogserto-devizas-casco-dijak-miatt\/","title":{"rendered":"MNB: \u00fajabb b\u00edrs\u00e1g a Lombard L\u00edzingnek a jogs\u00e9rt\u0151 deviz\u00e1s casco d\u00edjak miatt"},"content":{"rendered":"<p><strong>A Magyar Nemzeti Bank (MNB) 8,4 milli\u00f3 forint fogyaszt\u00f3v\u00e9delmi b\u00edrs\u00e1ggal s\u00fajtotta a Lombard L\u00edzing Zrt.-t, mert a p\u00e9nz\u00fcgyi v\u00e1llalkoz\u00e1s k\u00e9sedelmesen sz\u00fcntette meg a forint alap\u00fa casco d\u00edjak deviz\u00e1ban t\u00f6rt\u00e9n\u0151 felsz\u00e1m\u00edt\u00e1s\u00e1nak jogs\u00e9rt\u0151 gyakorlat\u00e1t, illetve t\u00f6bb \u00fcgyf\u00e9lnek a jogtalanul felsz\u00e1m\u00edtott \u00e1rfolyam-k\u00fcl\u00f6nb\u00f6zetet is hat\u00e1rid\u0151n t\u00fal fizette vissza &#8211; k\u00f6z\u00f6lte a jegybank h\u00e9tf\u0151n.<\/strong><!--more--><\/p>\n<div class=\"ads-in-post1\"><div id=\"gazdasagportal.hu_fullbanner_wideboard\"><\/div>\r\n<\/div>\n<p>    A Magyar Nemzeti Bank (MNB) fogyaszt\u00f3v\u00e9delmi ut\u00f3vizsg\u00e1latot folytatott a Lombard L\u00edzing Zrt.-n\u00e9l, \u00e9s ellen\u0151rizte, hogy a p\u00e9nz\u00fcgyi v\u00e1llalkoz\u00e1s mik\u00e9nt tett eleget a casco d\u00edjak deviz\u00e1ban t\u00f6rt\u00e9n\u0151, jogs\u00e9rt\u0151 felsz\u00e1m\u00edt\u00e1sa miatti kor\u00e1bbi fel\u00fcgyeleti k\u00f6telez\u00e9snek.<br \/>\n    T\u00e1j\u00e9koztat\u00e1s\u00e1ban a jegybank felid\u00e9zte: a p\u00e9nz\u00fcgyi fel\u00fcgyelet 2013. j\u00faniusi hat\u00e1rozat\u00e1ban meg\u00e1llap\u00edtotta, hogy a Lombard L\u00edzing csaknem 14 ezer casco biztos\u00edt\u00e1ssal egybek\u00f6t\u00f6tt devizaalap\u00fa g\u00e9pj\u00e1rm\u0171hitel eset\u00e9ben a szerz\u0151d\u00e9sek \u00fcgyleti kamat\u00e1ba \u00e9p\u00edtette be a forint alap\u00fa casco d\u00edj\u00e1t. Emiatt az \u00e9rintett fogyaszt\u00f3knak a deviz\u00e1ban felsz\u00e1m\u00edtott casco d\u00edjakn\u00e1l is viselni\u00fck kellett az \u00e1rfolyamv\u00e1ltoz\u00e1sb\u00f3l ered\u0151 tehern\u00f6veked\u00e9st, mik\u00f6zben a Lombard L\u00edzing a biztos\u00edt\u00e1si d\u00edjat forintban fizette meg a biztos\u00edt\u00f3nak.<br \/>\n    A fel\u00fcgyelet emiatt kor\u00e1bbi hat\u00e1rozat\u00e1ban k\u00f6telezte a Lombard L\u00edzinget, hogy jogs\u00e9rt\u0151 gyakorlat\u00e1t azonnal sz\u00fcntesse meg, \u00e9s a deviz\u00e1ban felsz\u00e1m\u00edtott casco d\u00edjra es\u0151 \u00e1rfolyam-k\u00fcl\u00f6nb\u00f6zetet t\u00e9r\u00edtse vissza a fogyaszt\u00f3knak.<br \/>\n    A d\u00f6nt\u00e9ssel szemben a Lombard L\u00edzing pert ind\u00edtott \u00e9s egyben k\u00e9rte a fel\u00fcgyeleti hat\u00e1rozat v\u00e9grehajt\u00e1s\u00e1nak felf\u00fcggeszt\u00e9s\u00e9t is. A b\u00edr\u00f3s\u00e1g ugyanakkor csak r\u00e9szlegesen, az \u00e1rfolyam-k\u00fcl\u00f6nb\u00f6zet visszat\u00e9r\u00edt\u00e9se tekintet\u00e9ben f\u00fcggesztette fel a hat\u00e1rozatban foglaltak v\u00e9grehajt\u00e1s\u00e1t, \u00edgy a jogs\u00e9rt\u0151 magatart\u00e1s folytat\u00e1s\u00e1val a Lombard L\u00edzingnek m\u00e1r 2013 szeptember\u00e9ben fel kellett volna hagynia &#8211; hangs\u00falyozta az MNB.<br \/>\n    A F\u0151v\u00e1rosi T\u00f6rv\u00e9nysz\u00e9k tavaly febru\u00e1rban joger\u0151sen meg\u00e1llap\u00edtotta az MNB pernyertess\u00e9g\u00e9t, \u00edgy a p\u00e9nz\u00fcgyi v\u00e1llalkoz\u00e1snak a kor\u00e1bban felf\u00fcggesztett hat\u00e1rozati k\u00f6telez\u00e9st az \u00edr\u00e1sbeli \u00edt\u00e9let k\u00e9zhezv\u00e9tel\u00e9t k\u00f6vet\u0151 60 napon bel\u00fcl v\u00e9gre kellett hajtania, vagyis a jogtalanul beszedett \u00e1rfolyam-k\u00fcl\u00f6nb\u00f6zetet az \u00e9rintett fogyaszt\u00f3knak vissza kellett fizetnie.<br \/>\n    Az MNB ut\u00f3vizsg\u00e1lata meg\u00e1llap\u00edtotta, hogy a Lombard L\u00edzing a casco d\u00edjakat a hat\u00e1rozatban foglaltak ellen\u00e9re eg\u00e9szen 2015. \u00e1prilis 30-ig deviz\u00e1ban sz\u00e1m\u00edtotta fel.<br \/>\n    A jegybank a jogs\u00e9rt\u00e9s miatt s\u00fajtotta 8,4 milli\u00f3 forint fogyaszt\u00f3v\u00e9delmi b\u00edrs\u00e1ggal a Lombard L\u00edzinget, tov\u00e1bb\u00e1 felh\u00edvta a j\u00f6v\u0151beli fel\u00fcgyeleti k\u00f6telez\u00e9sek mindenkori marad\u00e9ktalan teljes\u00edt\u00e9s\u00e9re.<br \/>\n    Az MNB k\u00fcl\u00f6n\u00f6s s\u00fallyal vette figyelembe, hogy a p\u00e9nz\u00fcgyi v\u00e1llalkoz\u00e1s a jogs\u00e9rt\u0151 gyakorlatot megtilt\u00f3 k\u00f6telez\u00e9snek b\u0151 m\u00e1sf\u00e9l \u00e9v k\u00e9s\u00e9ssel tett eleget.<br \/>\n    Az ut\u00f3vizsg\u00e1lat tov\u00e1bbi meg\u00e1llap\u00edt\u00e1sa szerint a Lombard L\u00edzing az integr\u00e1lt casco biztos\u00edt\u00e1s d\u00edj\u00e1nak deviz\u00e1ban t\u00f6rt\u00e9n\u0151 felsz\u00e1m\u00edt\u00e1s\u00e1b\u00f3l ered\u0151 \u00e1rfolyam-k\u00fcl\u00f6nb\u00f6zet visszat\u00e9r\u00edt\u00e9s\u00e9t egyes fogyaszt\u00f3knak nem a hat\u00e1rozatban foglaltak szerint teljes\u00edtette, ezzel \u00f6sszef\u00fcgg\u00e9sben az MNB szint\u00e9n a fel\u00fcgyeleti hat\u00e1rozatokban foglaltaknak val\u00f3 j\u00f6v\u0151beni megfelel\u00e9sre h\u00edvta fel az int\u00e9zm\u00e9nyt.<br \/>\n    A jegybank felid\u00e9zte, az elm\u00falt \u00e9vek sor\u00e1n minden olyan p\u00e9nz\u00fcgyi int\u00e9zm\u00e9nyn\u00e9l vizsg\u00e1latot ind\u00edtottak, ahol hasonl\u00f3 konstrukci\u00f3ban k\u00f6t\u00f6ttek szerz\u0151d\u00e9st a fogyaszt\u00f3kkal. Az ellen\u0151rz\u00e9sek sor\u00e1n a Lombard L\u00edzinggel egy\u00fctt nyolc aut\u00f3finansz\u00edroz\u00e1si t\u00e1rsas\u00e1gn\u00e1l \u00e1llap\u00edtottak meg jogszab\u00e1lys\u00e9rt\u00e9st. Ezeket a t\u00e1rsas\u00e1gokat a fogyaszt\u00f3v\u00e9delmi b\u00edrs\u00e1g kiszab\u00e1sa mellett minden esetben k\u00f6telezt\u00e9k a jogs\u00e9rt\u0151en felsz\u00e1m\u00edtott \u00e1rfolyam-k\u00fcl\u00f6nb\u00f6zet visszat\u00e9r\u00edt\u00e9s\u00e9re &#8211; hangs\u00falyozta k\u00f6zlem\u00e9ny\u00e9ben az MNB.(MTI)<\/p>\n","protected":false},"excerpt":{"rendered":"<p>A Magyar Nemzeti Bank (MNB) 8,4 milli\u00f3 forint fogyaszt\u00f3v\u00e9delmi b\u00edrs\u00e1ggal s\u00fajtotta a Lombard L\u00edzing Zrt.-t, mert a p\u00e9nz\u00fcgyi v\u00e1llalkoz\u00e1s k\u00e9sedelmesen sz\u00fcntette meg a forint alap\u00fa casco d\u00edjak deviz\u00e1ban t\u00f6rt\u00e9n\u0151 felsz\u00e1m\u00edt\u00e1s\u00e1nak jogs\u00e9rt\u0151 gyakorlat\u00e1t, illetve t\u00f6bb \u00fcgyf\u00e9lnek a jogtalanul felsz\u00e1m\u00edtott \u00e1rfolyam-k\u00fcl\u00f6nb\u00f6zetet is hat\u00e1rid\u0151n t\u00fal fizette vissza &#8211; k\u00f6z\u00f6lte a jegybank h\u00e9tf\u0151n.<\/p>\n","protected":false},"author":1,"featured_media":0,"comment_status":"open","ping_status":"closed","sticky":false,"template":"","format":"standard","meta":[],"categories":[51,19],"tags":[],"_links":{"self":[{"href":"https:\/\/gazdasagportal.hu\/index.php\/wp-json\/wp\/v2\/posts\/80880"}],"collection":[{"href":"https:\/\/gazdasagportal.hu\/index.php\/wp-json\/wp\/v2\/posts"}],"about":[{"href":"https:\/\/gazdasagportal.hu\/index.php\/wp-json\/wp\/v2\/types\/post"}],"author":[{"embeddable":true,"href":"https:\/\/gazdasagportal.hu\/index.php\/wp-json\/wp\/v2\/users\/1"}],"replies":[{"embeddable":true,"href":"https:\/\/gazdasagportal.hu\/index.php\/wp-json\/wp\/v2\/comments?post=80880"}],"version-history":[{"count":1,"href":"https:\/\/gazdasagportal.hu\/index.php\/wp-json\/wp\/v2\/posts\/80880\/revisions"}],"predecessor-version":[{"id":80881,"href":"https:\/\/gazdasagportal.hu\/index.php\/wp-json\/wp\/v2\/posts\/80880\/revisions\/80881"}],"wp:attachment":[{"href":"https:\/\/gazdasagportal.hu\/index.php\/wp-json\/wp\/v2\/media?parent=80880"}],"wp:term":[{"taxonomy":"category","embeddable":true,"href":"https:\/\/gazdasagportal.hu\/index.php\/wp-json\/wp\/v2\/categories?post=80880"},{"taxonomy":"post_tag","embeddable":true,"href":"https:\/\/gazdasagportal.hu\/index.php\/wp-json\/wp\/v2\/tags?post=80880"}],"curies":[{"name":"wp","href":"https:\/\/api.w.org\/{rel}","templated":true}]}}