{"id":80820,"date":"2016-06-11T13:36:08","date_gmt":"2016-06-11T11:36:08","guid":{"rendered":"http:\/\/gazdasagportal.hu\/?p=80820"},"modified":"2016-06-11T09:17:05","modified_gmt":"2016-06-11T07:17:05","slug":"mintegy-1200-fot-varnak-a-budapesti-viz-vilagtalalkozora","status":"publish","type":"post","link":"https:\/\/gazdasagportal.hu\/index.php\/mintegy-1200-fot-varnak-a-budapesti-viz-vilagtalalkozora\/","title":{"rendered":"Mintegy 1200 f\u0151t v\u00e1rnak a budapesti V\u00edz Vil\u00e1gtal\u00e1lkoz\u00f3ra"},"content":{"rendered":"<p><strong>Mintegy 1200 f\u0151t v\u00e1rnak a vil\u00e1g sz\u00e1mos orsz\u00e1g\u00e1b\u00f3l a november 28. \u00e9s 30. k\u00f6z\u00f6tt Budapesten megrendezend\u0151 V\u00edz Vil\u00e1gtal\u00e1lkoz\u00f3ra &#8211; k\u00f6z\u00f6lte Jo\u00f3 Istv\u00e1n, a Duna R\u00e9gi\u00f3 Strat\u00e9giai v\u00e9grehajt\u00e1s\u00e1\u00e9rt \u00e9s a 2016-os  vil\u00e1gtal\u00e1lkoz\u00f3 el\u0151k\u00e9sz\u00edt\u00e9s\u00e9\u00e9rt felel\u0151s miniszteri biztos az MTI-vel.<\/strong><!--more--><\/p>\n<div class=\"ads-in-post1\"><div id=\"gazdasagportal.hu_fullbanner_wideboard\"><\/div>\r\n<\/div>\n<p>    Az \u00c1der J\u00e1nos k\u00f6zt\u00e1rsas\u00e1gi eln\u00f6k f\u0151v\u00e9dn\u00f6ks\u00e9ge alatt megrendez\u00e9sre ker\u00fcl\u0151 esem\u00e9nyre megh\u00edvt\u00e1k a v\u00edz, a szanit\u00e1ci\u00f3 \u00e9s a fenntarthat\u00f3 v\u00edzgazd\u00e1lkod\u00e1s t\u00e9mak\u00f6reivel foglalkoz\u00f3 ENSZ int\u00e9zm\u00e9nyek, szakir\u00e1ny\u00fa nemzetk\u00f6zi int\u00e9zm\u00e9nyek, tov\u00e1bb\u00e1 a korm\u00e1nyok, az \u00fczleti \u00e9s a tudom\u00e1nyos \u00e9let k\u00e9pvisel\u0151it.<br \/>\n    A t\u00e1j\u00e9koztat\u00e1s szerint az esem\u00e9nyre v\u00e1rj\u00e1k az ENSZ f\u0151titk\u00e1r\u00e1t, illetve az &#8211; \u00c1der J\u00e1nos r\u00e9szv\u00e9tel\u00e9vel megalakult &#8211; ENSZ V\u00edz\u00fcgyi Eln\u00f6ki Test\u00fclet tagjait is.<br \/>\n    A budapesti V\u00edz Vil\u00e1gtal\u00e1lkoz\u00f3 2016 rendezv\u00e9ny lesz az els\u0151 olyan glob\u00e1lis konferencia, amely a v\u00edzzel kapcsolatos fejleszt\u00e9spolitikai c\u00e9lkit\u0171z\u00e9s eset\u00e9ben \u00f6sszegzi az el\u00e9rt eredm\u00e9nyeket, \u00e9s hozz\u00e1j\u00e1rul a k\u00f6vetkez\u0151 15 \u00e9v teend\u0151inek kijel\u00f6l\u00e9s\u00e9hez &#8211; emelt\u00e9k ki.<br \/>\n    Az idei vil\u00e1gtal\u00e1lkoz\u00f3 c\u00e9lja, hogy sikeresen \u00f6sszekapcsolja a politikai d\u00f6nt\u00e9shozatali folyamatokat a t\u0151ke, a tud\u00e1s, a technol\u00f3gia \u00e1ltal k\u00edn\u00e1lt megold\u00e1si lehet\u0151s\u00e9gekkel \u00e9s a kulcsszerepet j\u00e1tsz\u00f3 civilekkel. A konferenci\u00e1val emellett el\u0151 szeretn\u00e9k mozd\u00edtani a 2015-2030 k\u00f6z\u00f6tti id\u0151szakra elfogadott fenntarthat\u00f3 fejleszt\u00e9si c\u00e9lokat \u00e9s a P\u00e1rizsi Kl\u00edma Meg\u00e1llapod\u00e1s v\u00edzgazd\u00e1lkod\u00e1si vonatkoz\u00e1sainak gyakorlati megval\u00f3s\u00edt\u00e1s\u00e1t.<br \/>\n    A V\u00edz Vil\u00e1gtal\u00e1lkoz\u00f3 r\u00e9szek\u00e9nt megrendezik a &#8222;Fenntarthat\u00f3 V\u00edzipari Megold\u00e1sok&#8221; c\u00edm\u0171 szakki\u00e1ll\u00edt\u00e1st is, ahol olyan versenyk\u00e9pes, innovat\u00edv \u00e9s k\u00f6rnyezetbar\u00e1t technol\u00f3gi\u00e1kat mutatnak be, amelyek hozz\u00e1j\u00e1rulhatnak a v\u00edzhez kapcsol\u00f3d\u00f3 glob\u00e1lis kih\u00edv\u00e1sok megold\u00e1s\u00e1hoz.<br \/>\n    A korm\u00e1ny az \u00e9v elej\u00e9n d\u00f6nt\u00f6tt arr\u00f3l, hogy 2013 ut\u00e1n Magyarorsz\u00e1g \u00fajabb V\u00edz Vil\u00e1gtal\u00e1lkoz\u00f3t szervez, hogy ezzel tev\u0151legesen is hozz\u00e1j\u00e1ruljon a glob\u00e1lis v\u00edzpolitikai folyamatok alak\u00edt\u00e1s\u00e1hoz.(MTI)<\/p>\n","protected":false},"excerpt":{"rendered":"<p>Mintegy 1200 f\u0151t v\u00e1rnak a vil\u00e1g sz\u00e1mos orsz\u00e1g\u00e1b\u00f3l a november 28. \u00e9s 30. k\u00f6z\u00f6tt Budapesten megrendezend\u0151 V\u00edz Vil\u00e1gtal\u00e1lkoz\u00f3ra &#8211; k\u00f6z\u00f6lte Jo\u00f3 Istv\u00e1n, a Duna R\u00e9gi\u00f3 Strat\u00e9giai v\u00e9grehajt\u00e1s\u00e1\u00e9rt \u00e9s a 2016-os vil\u00e1gtal\u00e1lkoz\u00f3 el\u0151k\u00e9sz\u00edt\u00e9s\u00e9\u00e9rt felel\u0151s miniszteri biztos az MTI-vel.<\/p>\n","protected":false},"author":1,"featured_media":0,"comment_status":"open","ping_status":"closed","sticky":false,"template":"","format":"standard","meta":[],"categories":[19],"tags":[],"_links":{"self":[{"href":"https:\/\/gazdasagportal.hu\/index.php\/wp-json\/wp\/v2\/posts\/80820"}],"collection":[{"href":"https:\/\/gazdasagportal.hu\/index.php\/wp-json\/wp\/v2\/posts"}],"about":[{"href":"https:\/\/gazdasagportal.hu\/index.php\/wp-json\/wp\/v2\/types\/post"}],"author":[{"embeddable":true,"href":"https:\/\/gazdasagportal.hu\/index.php\/wp-json\/wp\/v2\/users\/1"}],"replies":[{"embeddable":true,"href":"https:\/\/gazdasagportal.hu\/index.php\/wp-json\/wp\/v2\/comments?post=80820"}],"version-history":[{"count":1,"href":"https:\/\/gazdasagportal.hu\/index.php\/wp-json\/wp\/v2\/posts\/80820\/revisions"}],"predecessor-version":[{"id":80821,"href":"https:\/\/gazdasagportal.hu\/index.php\/wp-json\/wp\/v2\/posts\/80820\/revisions\/80821"}],"wp:attachment":[{"href":"https:\/\/gazdasagportal.hu\/index.php\/wp-json\/wp\/v2\/media?parent=80820"}],"wp:term":[{"taxonomy":"category","embeddable":true,"href":"https:\/\/gazdasagportal.hu\/index.php\/wp-json\/wp\/v2\/categories?post=80820"},{"taxonomy":"post_tag","embeddable":true,"href":"https:\/\/gazdasagportal.hu\/index.php\/wp-json\/wp\/v2\/tags?post=80820"}],"curies":[{"name":"wp","href":"https:\/\/api.w.org\/{rel}","templated":true}]}}