{"id":80816,"date":"2016-06-11T12:21:27","date_gmt":"2016-06-11T10:21:27","guid":{"rendered":"http:\/\/gazdasagportal.hu\/?p=80816"},"modified":"2016-06-11T09:14:54","modified_gmt":"2016-06-11T07:14:54","slug":"iszlam-allam-amerikai-velemeny-szerint-a-terrorszervezetnek-csokkent-a-befolyasa","status":"publish","type":"post","link":"https:\/\/gazdasagportal.hu\/index.php\/iszlam-allam-amerikai-velemeny-szerint-a-terrorszervezetnek-csokkent-a-befolyasa\/","title":{"rendered":"Iszl\u00e1m \u00c1llam &#8211; Amerikai v\u00e9lem\u00e9ny szerint a terrorszervezetnek cs\u00f6kkent a befoly\u00e1sa"},"content":{"rendered":"<p><strong>Az Iszl\u00e1m \u00c1llam (I\u00c1) vesz\u00edt befoly\u00e1s\u00e1b\u00f3l \u00e9s eddig uralt ter\u00fcleteib\u0151l &#8211; k\u00f6z\u00f6lte \u00fajs\u00e1g\u00edr\u00f3kkal p\u00e9nteken Brett McGurk, az amerikai eln\u00f6k k\u00fcl\u00f6nmegb\u00edzottja a terrorszervezet ellen k\u00fczd\u0151 glob\u00e1lis koal\u00edci\u00f3ban.<\/strong><!--more--><\/p>\n<div class=\"ads-in-post1\"><div id=\"gazdasagportal.hu_fullbanner_wideboard\"><\/div>\r\n<\/div>\n<p>    McGurk egy gyeng\u00fcl\u0151 szervezet k\u00e9p\u00e9t v\u00e1zolta fel az \u00fajs\u00e1g\u00edr\u00f3knak, s arr\u00f3l t\u00e1j\u00e9koztatott, hogy az Iszl\u00e1m \u00c1llam &#8211; amerikai h\u00edrszerz\u00e9si jelent\u00e9sek szerint &#8211; m\u00e1r elvesz\u00edtette az ellen\u0151rz\u00e9st az eddig \u00e1ltala uralt ter\u00fcletek legal\u00e1bb \u00f6tven sz\u00e1zal\u00e9ka f\u00f6l\u00f6tt Irakban, \u00e9s nem ura a helyzetnek az iraki-t\u00f6r\u00f6k hat\u00e1rvid\u00e9ken sem. A k\u00fcl\u00f6nmegb\u00edzott azt is elmondta, hogy fogyatkozik a terrorszervezet tagjainak sz\u00e1ma, maga az I\u00c1 tesz k\u00f6zz\u00e9 vide\u00f3kat arr\u00f3l, hogy az egyes parancsnokok hogyan v\u00e9gzik ki a saj\u00e1t harcosaikat. Egyre t\u00f6bb a dezert\u0151r \u00e9s jelent\u0151sen apadt azoknak a nyugati fiataloknak a sz\u00e1ma, akik csatlakoznak a terrorszervezethez. Mindezt, McGurk szerint, maga az Iszl\u00e1m \u00c1llam is elismeri a propaganda-anyagaiban, \u00e9s nemr\u00e9giben p\u00e9ld\u00e1ul azzal a felsz\u00f3l\u00edt\u00e1ssal fordult h\u00edveihez, hogy ne Sz\u00edri\u00e1ba, hanem L\u00edbi\u00e1ba menjenek, ha csatlakozni akarnak a terrorszervezethez.     McGurk kit\u00e9rt a terrorszervezet vezet\u0151j\u00e9re, Abu Bakr al-Bagdadira is. Cs\u00fct\u00f6rt\u00f6k \u00f3ta ugyanis olyan, nem meger\u0151s\u00edtett inform\u00e1ci\u00f3k kaptak l\u00e1bra, hogy al-Bagdadi egy sz\u00edr hat\u00e1r melletti l\u00e9gicsap\u00e1sban megsebes\u00fclt, vagy tal\u00e1n meg is halt. McGurk szerint &#8222;nincs ok azt felt\u00e9telezni, hogy nem volna \u00e9letben&#8221;, de m\u00e1r az is fontos jel, hogy nem mondott besz\u00e9det h\u00edveinek a muszlimok szent h\u00f3napja, a ramad\u00e1n kezdetekor.<br \/>\n    P\u00e9nteken az amerikai k\u00e9pvisel\u0151h\u00e1z belbiztons\u00e1gi bizotts\u00e1g\u00e1nak eln\u00f6ke, a republik\u00e1nus Michael McCaul viszont olyan \u00e9rtelm\u0171 k\u00f6zlem\u00e9nyt tett k\u00f6zz\u00e9, amely szerint az Obama-korm\u00e1nyzat helyzet\u00e9rt\u00e9kel\u00e9se t\u00e9ves, sz\u00f3 sincs r\u00f3la, hogy az Iszl\u00e1m \u00c1llam nev\u0171 terrorszervezet gyeng\u00fclne. McCaul nemr\u00e9giben j\u00e1rt a h\u00e1bor\u00fas \u00f6vezetekben \u00e9s tapasztalatai szerint az Iszl\u00e1m \u00c1llam nem hogy visszaszorulna, hanem kiterjesztette befoly\u00e1s\u00e1t a t\u00e9rs\u00e9gben, \u00c9szak-Afrik\u00e1t\u00f3l eg\u00e9szen Pakiszt\u00e1nig. &#8222;B\u00e1rhol, ahol kudarcos, sikertelen \u00e1llamokat l\u00e1tunk, vagy hatalmi v\u00e1kuum alakul ki, ott a terrorszervezet megjelenik \u00e9s megveti a l\u00e1b\u00e1t&#8221; &#8211; fogalmazott a texasi republik\u00e1nus k\u00e9pvisel\u0151.<br \/>\n    Obama eln\u00f6k kedden tart tan\u00e1cskoz\u00e1st a nemzetbiztons\u00e1gi tan\u00e1csad\u00f3ival \u00e9s a p\u00e9nz\u00fcgyminiszt\u00e9rium illet\u00e9keseivel arr\u00f3l, hogyan v\u00e1gj\u00e1k el az Iszl\u00e1m \u00c1llam p\u00e9nz\u00fcgyi forr\u00e1sait.(MTI)<\/p>\n","protected":false},"excerpt":{"rendered":"<p>Az Iszl\u00e1m \u00c1llam (I\u00c1) vesz\u00edt befoly\u00e1s\u00e1b\u00f3l \u00e9s eddig uralt ter\u00fcleteib\u0151l &#8211; k\u00f6z\u00f6lte \u00fajs\u00e1g\u00edr\u00f3kkal p\u00e9nteken Brett McGurk, az amerikai eln\u00f6k k\u00fcl\u00f6nmegb\u00edzottja a terrorszervezet ellen k\u00fczd\u0151 glob\u00e1lis koal\u00edci\u00f3ban.<\/p>\n","protected":false},"author":1,"featured_media":0,"comment_status":"open","ping_status":"closed","sticky":false,"template":"","format":"standard","meta":[],"categories":[13,16],"tags":[],"_links":{"self":[{"href":"https:\/\/gazdasagportal.hu\/index.php\/wp-json\/wp\/v2\/posts\/80816"}],"collection":[{"href":"https:\/\/gazdasagportal.hu\/index.php\/wp-json\/wp\/v2\/posts"}],"about":[{"href":"https:\/\/gazdasagportal.hu\/index.php\/wp-json\/wp\/v2\/types\/post"}],"author":[{"embeddable":true,"href":"https:\/\/gazdasagportal.hu\/index.php\/wp-json\/wp\/v2\/users\/1"}],"replies":[{"embeddable":true,"href":"https:\/\/gazdasagportal.hu\/index.php\/wp-json\/wp\/v2\/comments?post=80816"}],"version-history":[{"count":1,"href":"https:\/\/gazdasagportal.hu\/index.php\/wp-json\/wp\/v2\/posts\/80816\/revisions"}],"predecessor-version":[{"id":80819,"href":"https:\/\/gazdasagportal.hu\/index.php\/wp-json\/wp\/v2\/posts\/80816\/revisions\/80819"}],"wp:attachment":[{"href":"https:\/\/gazdasagportal.hu\/index.php\/wp-json\/wp\/v2\/media?parent=80816"}],"wp:term":[{"taxonomy":"category","embeddable":true,"href":"https:\/\/gazdasagportal.hu\/index.php\/wp-json\/wp\/v2\/categories?post=80816"},{"taxonomy":"post_tag","embeddable":true,"href":"https:\/\/gazdasagportal.hu\/index.php\/wp-json\/wp\/v2\/tags?post=80816"}],"curies":[{"name":"wp","href":"https:\/\/api.w.org\/{rel}","templated":true}]}}