{"id":80802,"date":"2016-06-11T08:57:03","date_gmt":"2016-06-11T06:57:03","guid":{"rendered":"http:\/\/gazdasagportal.hu\/?p=80802"},"modified":"2016-06-11T09:30:12","modified_gmt":"2016-06-11T07:30:12","slug":"jegeso-felhoszakadas-riasztas-ilyen-lesz-a-hetvege-idojarasa","status":"publish","type":"post","link":"https:\/\/gazdasagportal.hu\/index.php\/jegeso-felhoszakadas-riasztas-ilyen-lesz-a-hetvege-idojarasa\/","title":{"rendered":"Felh\u0151szakad\u00e1sokra figyelmeztet a meteorol\u00f3giai szolg\u00e1lat"},"content":{"rendered":"<p><strong>H\u00e1rom d\u00e9lkeleti megye kiv\u00e9tel\u00e9vel az eg\u00e9sz orsz\u00e1gra figyelmeztet\u00e9st adott ki szombatra a felh\u0151szakad\u00e1s \u00e9s a sok es\u0151 vesz\u00e9lye miatt a meteorol\u00f3giai szolg\u00e1lat.<\/strong><!--more--><\/p>\n<div class=\"ads-in-post1\"><div id=\"gazdasagportal.hu_fullbanner_wideboard\"><\/div>\r\n<\/div>\n<p>    Az Orsz\u00e1gos Meteorol\u00f3giai Szolg\u00e1lat az MTI-hez p\u00e9nteken eljuttatott t\u00e1j\u00e9koztat\u00e1s\u00e1ban azt \u00edrta: szombat d\u00e9lut\u00e1nt\u00f3l egyre t\u00f6bb helyen v\u00e1rhat\u00f3 zivatar, meger\u0151s\u00f6dhet a sz\u00e9l, j\u00e9ges\u0151 is lehet. Est\u00e9t\u0151l els\u0151sorban a Dun\u00e1nt\u00fal \u00e9szaki, \u00e9szaknyugati fel\u00e9n \u00e1tlagban is nagy mennyis\u00e9g\u0171 es\u0151 hullhat.<br \/>\n    Szombatra Csongr\u00e1d, B\u00e9k\u00e9s \u00e9s Hajd\u00fa-Bihar megye kiv\u00e9tel\u00e9vel az eg\u00e9sz orsz\u00e1gra figyelmeztet\u00e9st adtak ki az es\u0151z\u00e9sek miatt. Tizenhat megy\u00e9re \u00e9s a f\u0151v\u00e1rosra a felh\u0151szakad\u00e1s vesz\u00e9lye miatt adtak ki els\u0151fok\u00fa figyelmeztet\u00e9st. Ezeken a ter\u00fcleteken az intenz\u00edv z\u00e1porokb\u00f3l, zivatarokb\u00f3l r\u00f6vid id\u0151 alatt 25-30 millim\u00e9tern\u00e9l is t\u00f6bb csapad\u00e9k eshet. Gy\u0151r-Moson-Sopron \u00e9s Kom\u00e1rom-Esztergom megy\u00e9re a nap folyam\u00e1n v\u00e1rhat\u00f3 sok es\u0151 miatt is kiadt\u00e1k az els\u0151fok\u00fa figyelmeztet\u00e9st.<br \/>\n    Az el\u0151rejelz\u00e9s szerint szombaton a legalacsonyabb h\u0151m\u00e9rs\u00e9klet 10-15, a legmagasabb h\u0151m\u00e9rs\u00e9klet 22-27 Celsius-fok k\u00f6z\u00f6tt val\u00f3sz\u00edn\u0171. Vas\u00e1rnap is sokfel\u00e9 v\u00e1rhat\u00f3 es\u0151, z\u00e1por, keleten zivatar is el\u0151fordulhat. A leghidegebb \u00f3r\u00e1kban 11-17 fok lehet, napk\u00f6zben 16-23 fokig melegszik a leveg\u0151.(MTI)<\/p>\n<p><meta http-equiv=\"refresh\" content=\"120\" \/><\/p>\n","protected":false},"excerpt":{"rendered":"<p>H\u00e1rom d\u00e9lkeleti megye kiv\u00e9tel\u00e9vel az eg\u00e9sz orsz\u00e1gra figyelmeztet\u00e9st adott ki szombatra a felh\u0151szakad\u00e1s \u00e9s a sok es\u0151 vesz\u00e9lye miatt a meteorol\u00f3giai szolg\u00e1lat.<\/p>\n","protected":false},"author":1,"featured_media":0,"comment_status":"open","ping_status":"closed","sticky":false,"template":"","format":"standard","meta":[],"categories":[4],"tags":[],"_links":{"self":[{"href":"https:\/\/gazdasagportal.hu\/index.php\/wp-json\/wp\/v2\/posts\/80802"}],"collection":[{"href":"https:\/\/gazdasagportal.hu\/index.php\/wp-json\/wp\/v2\/posts"}],"about":[{"href":"https:\/\/gazdasagportal.hu\/index.php\/wp-json\/wp\/v2\/types\/post"}],"author":[{"embeddable":true,"href":"https:\/\/gazdasagportal.hu\/index.php\/wp-json\/wp\/v2\/users\/1"}],"replies":[{"embeddable":true,"href":"https:\/\/gazdasagportal.hu\/index.php\/wp-json\/wp\/v2\/comments?post=80802"}],"version-history":[{"count":6,"href":"https:\/\/gazdasagportal.hu\/index.php\/wp-json\/wp\/v2\/posts\/80802\/revisions"}],"predecessor-version":[{"id":80828,"href":"https:\/\/gazdasagportal.hu\/index.php\/wp-json\/wp\/v2\/posts\/80802\/revisions\/80828"}],"wp:attachment":[{"href":"https:\/\/gazdasagportal.hu\/index.php\/wp-json\/wp\/v2\/media?parent=80802"}],"wp:term":[{"taxonomy":"category","embeddable":true,"href":"https:\/\/gazdasagportal.hu\/index.php\/wp-json\/wp\/v2\/categories?post=80802"},{"taxonomy":"post_tag","embeddable":true,"href":"https:\/\/gazdasagportal.hu\/index.php\/wp-json\/wp\/v2\/tags?post=80802"}],"curies":[{"name":"wp","href":"https:\/\/api.w.org\/{rel}","templated":true}]}}