{"id":80796,"date":"2016-06-10T18:30:46","date_gmt":"2016-06-10T16:30:46","guid":{"rendered":"http:\/\/gazdasagportal.hu\/?p=80796"},"modified":"2016-06-10T17:32:10","modified_gmt":"2016-06-10T15:32:10","slug":"ukran-valsag-merkel-a-szankciok-utan-ki-kell-epiteni-az-eu-es-oroszorszag-kozos-gazdasagi-terseget","status":"publish","type":"post","link":"https:\/\/gazdasagportal.hu\/index.php\/ukran-valsag-merkel-a-szankciok-utan-ki-kell-epiteni-az-eu-es-oroszorszag-kozos-gazdasagi-terseget\/","title":{"rendered":"Ukr\u00e1n v\u00e1ls\u00e1g &#8211; Merkel: a szankci\u00f3k ut\u00e1n ki kell \u00e9p\u00edteni az EU \u00e9s Oroszorsz\u00e1g k\u00f6z\u00f6s gazdas\u00e1gi t\u00e9rs\u00e9g\u00e9t"},"content":{"rendered":"<p><strong>Az Oroszorsz\u00e1g elleni szankci\u00f3kt\u00f3l fokozatosan el kell jutni az Eur\u00f3pai Uni\u00f3 \u00e9s Oroszorsz\u00e1g k\u00f6z\u00f6s gazdas\u00e1gi t\u00e9rs\u00e9g\u00e9nek kialak\u00edt\u00e1s\u00e1ig &#8211; mondta Angela Merkel n\u00e9met kancell\u00e1r p\u00e9nteken Berlinben.<\/strong><!--more--><\/p>\n<div class=\"ads-in-post1\"><div id=\"gazdasagportal.hu_fullbanner_wideboard\"><\/div>\r\n<\/div>\n<div class=\"ads-in-post1\"><div id=\"gazdasagportal.hu_fullbanner_wideboard\"><\/div>\r\n<\/div>\n<p>    A kancell\u00e1r n\u00e9met munkav\u00e1llal\u00f3k t\u00f6bbs\u00e9g\u00e9t foglalkoztat\u00f3 csal\u00e1di v\u00e1llalkoz\u00e1sok k\u00f6z\u00f6s alap\u00edtv\u00e1nya (Stiftung Familienunternehmen) tan\u00e1cskoz\u00e1s\u00e1n elmondott besz\u00e9d\u00e9ben a Vlagyivosztokt\u00f3l Lisszabonig h\u00faz\u00f3d\u00f3 gazdas\u00e1gi t\u00e9rs\u00e9g orosz elk\u00e9pzel\u00e9s\u00e9re utalva kiemelte, hogy mindenki a j\u00f3 gazdas\u00e1gi kapcsolatokban \u00e9rdekelt, \u00e9s l\u00e9p\u00e9sr\u0151l l\u00e9p\u00e9sre el kell jutni az EU \u00e9s Oroszorsz\u00e1g egys\u00e9ges gazdas\u00e1gi t\u00e9rs\u00e9g\u00e9nek ki\u00e9p\u00edt\u00e9s\u00e9ig.<br \/>\n    El\u0151bb azonban v\u00e9gre kell hajtani az ukr\u00e1n v\u00e1ls\u00e1g politikai rendez\u00e9s\u00e9r\u0151l sz\u00f3l\u00f3 minszki meg\u00e1llapod\u00e1st &#8211; mondta Angela Merkel. Hangs\u00falyozta, hogy az Oroszorsz\u00e1g ellen az ukr\u00e1n v\u00e1ls\u00e1gban folytatott tev\u00e9kenys\u00e9ge miatt kivetett uni\u00f3s szankci\u00f3k nem \u00f6nc\u00e9l\u00faak, \u00e9s felold\u00e1sukr\u00f3l csak akkor lehet sz\u00f3, ha Oroszorsz\u00e1g teljes\u00edti a meg\u00e1llapod\u00e1sb\u00f3l fakad\u00f3 k\u00f6telezetts\u00e9geit.<br \/>\n    A minszki folyamat &#8222;nagyon intenz\u00edv szakaszban van&#8221;, \u00e9s rem\u00e9lhet\u0151leg m\u00e9g j\u00faniusban siker\u00fcl jelent\u0151sen el\u0151rel\u00e9pni &#8211; tette hozz\u00e1 a n\u00e9met kancell\u00e1r.<br \/>\n    A nemzetk\u00f6zi menek\u00fcltv\u00e1ls\u00e1gr\u00f3l sz\u00f3lva ism\u00e9t azt hangoztatta, hogy a bels\u0151 piac \u00e9s a k\u00f6z\u00f6s valuta m\u0171k\u00f6d\u00e9s\u00e9nek felt\u00e9tele az uni\u00f3s k\u00fcls\u0151 hat\u00e1rok biztos\u00edt\u00e1sa \u00e9s a schengeni bels\u0151 hat\u00e1rok nyitotts\u00e1ga. Ez az osztr\u00e1k-olasz hat\u00e1ron fekv\u0151 Brenner-h\u00e1g\u00f3ra is vonatkozik &#8211; mondta Angela Merkel n\u00e9met h\u00edrport\u00e1lok besz\u00e1mol\u00f3i szerint.<br \/>\n    Hozz\u00e1tette, hogy a nehezen v\u00e9dhet\u0151 tengeri hat\u00e1rok miatt \u00e9szak-afrikai \u00e1llamokkal is kell k\u00f6tni olyan t\u00edpus\u00fa menek\u00fclt\u00fcgyi meg\u00e1llapod\u00e1sokat, mint T\u00f6r\u00f6korsz\u00e1ggal. Ilyen egyezm\u00e9nyek r\u00e9v\u00e9n meg lehet osztani a terheket \u00e9s gondoskodni lehet arr\u00f3l, hogy ne az embercsemp\u00e9szek alak\u00edts\u00e1k a folyamatokat &#8211; mondta a kancell\u00e1r, r\u00e1mutatva, hogy a schengeni \u00f6vezet k\u00fcls\u0151 hat\u00e1rai &#8222;az \u00c9szaki sarkt\u00f3l Marokk\u00f3ig&#8221; h\u00faz\u00f3dnak.<br \/>\n    A brit EU-tags\u00e1gr\u00f3l sz\u0171k k\u00e9t h\u00e9t m\u00falva esed\u00e9kes n\u00e9pszavaz\u00e1sr\u00f3l sz\u00f3lva is meger\u0151s\u00edtette eddig k\u00e9pviselt \u00e1ll\u00e1spontj\u00e1t, hangs\u00falyozta, hogy mindenkinek az lenne a legjobb, ha Nagy-Britannia az EU tagja maradna. N\u00e9metorsz\u00e1g sz\u00e1mos \u00fcgyben nagyon szorosan egy\u00fcttm\u0171k\u00f6dik Nagy-Britanni\u00e1val, \u00e9s ezt a munk\u00e1t &#8222;term\u00e9szetesen az EU keret\u00e9ben szeretn\u00e9nk tov\u00e1bb folytatni&#8221; &#8211; mondta Angela Merkel.(MTI)<\/p>\n","protected":false},"excerpt":{"rendered":"<p>Az Oroszorsz\u00e1g elleni szankci\u00f3kt\u00f3l fokozatosan el kell jutni az Eur\u00f3pai Uni\u00f3 \u00e9s Oroszorsz\u00e1g k\u00f6z\u00f6s gazdas\u00e1gi t\u00e9rs\u00e9g\u00e9nek kialak\u00edt\u00e1s\u00e1ig &#8211; mondta Angela Merkel n\u00e9met kancell\u00e1r p\u00e9nteken Berlinben.<\/p>\n","protected":false},"author":1,"featured_media":0,"comment_status":"open","ping_status":"closed","sticky":false,"template":"","format":"standard","meta":[],"categories":[246],"tags":[],"_links":{"self":[{"href":"https:\/\/gazdasagportal.hu\/index.php\/wp-json\/wp\/v2\/posts\/80796"}],"collection":[{"href":"https:\/\/gazdasagportal.hu\/index.php\/wp-json\/wp\/v2\/posts"}],"about":[{"href":"https:\/\/gazdasagportal.hu\/index.php\/wp-json\/wp\/v2\/types\/post"}],"author":[{"embeddable":true,"href":"https:\/\/gazdasagportal.hu\/index.php\/wp-json\/wp\/v2\/users\/1"}],"replies":[{"embeddable":true,"href":"https:\/\/gazdasagportal.hu\/index.php\/wp-json\/wp\/v2\/comments?post=80796"}],"version-history":[{"count":1,"href":"https:\/\/gazdasagportal.hu\/index.php\/wp-json\/wp\/v2\/posts\/80796\/revisions"}],"predecessor-version":[{"id":80797,"href":"https:\/\/gazdasagportal.hu\/index.php\/wp-json\/wp\/v2\/posts\/80796\/revisions\/80797"}],"wp:attachment":[{"href":"https:\/\/gazdasagportal.hu\/index.php\/wp-json\/wp\/v2\/media?parent=80796"}],"wp:term":[{"taxonomy":"category","embeddable":true,"href":"https:\/\/gazdasagportal.hu\/index.php\/wp-json\/wp\/v2\/categories?post=80796"},{"taxonomy":"post_tag","embeddable":true,"href":"https:\/\/gazdasagportal.hu\/index.php\/wp-json\/wp\/v2\/tags?post=80796"}],"curies":[{"name":"wp","href":"https:\/\/api.w.org\/{rel}","templated":true}]}}