{"id":80770,"date":"2016-06-10T12:10:55","date_gmt":"2016-06-10T10:10:55","guid":{"rendered":"http:\/\/gazdasagportal.hu\/?p=80770"},"modified":"2016-06-10T12:10:55","modified_gmt":"2016-06-10T10:10:55","slug":"mesterhazy-nem-indul-mszp-s-pozicioert-az-mszp-tisztujito-kongresszusan","status":"publish","type":"post","link":"https:\/\/gazdasagportal.hu\/index.php\/mesterhazy-nem-indul-mszp-s-pozicioert-az-mszp-tisztujito-kongresszusan\/","title":{"rendered":"Mesterh\u00e1zy nem indul MSZP-s poz\u00edci\u00f3\u00e9rt az MSZP tiszt\u00faj\u00edt\u00f3 kongresszus\u00e1n"},"content":{"rendered":"<p><strong>Nem indul semmilyen p\u00e1rtpoz\u00edci\u00f3\u00e9rt Mesterh\u00e1zy Attila az MSZP tiszt\u00faj\u00edt\u00f3 kongresszus\u00e1n. A volt p\u00e1rteln\u00f6k az M1 aktu\u00e1lis csatorna p\u00e9ntek reggeli m\u0171sor\u00e1ban elmondta azt is: egy volt eln\u00f6k el\u0151nye, hogy poz\u00edci\u00f3 n\u00e9lk\u00fcl is tudja seg\u00edteni p\u00e1rtj\u00e1t, ez\u00e9rt \u00fagy d\u00f6nt\u00f6tt, a tiszt\u00faj\u00edt\u00e1si folyamatb\u00f3l most kimarad.<\/strong><!--more--><\/p>\n<div class=\"ads-in-post1\"><div id=\"gazdasagportal.hu_fullbanner_wideboard\"><\/div>\r\n<\/div>\n<p>    Arra a k\u00e9rd\u00e9sre, hogy kiket t\u00e1mogat az eln\u00f6ki, illetve a v\u00e1lasztm\u00e1nyi eln\u00f6ki posztra, Mesterh\u00e1zy Attila azt v\u00e1laszolta, v\u00e1ltoztat\u00e1sra van sz\u00fcks\u00e9g.<br \/>\n    Olyan szem\u00e9lyt kell v\u00e1lasztani, aki a t\u00e1rsadalomnak is \u00fczen, jobb kommunik\u00e1ci\u00f3t folytat, &#8222;le\u00fcti a magas labd\u00e1kat&#8221; \u00e9s kem\u00e9ny kritik\u00e1t fogalmaz meg a korm\u00e1nnyal szemben, amiben a jelenlegi vezet\u00e9s el\u00e9g b\u00e1tortalan &#8211; k\u00f6z\u00f6lte.<br \/>\n    Az eln\u00f6ki poszt v\u00e1rom\u00e1nyosai k\u00f6z\u00fcl Szanyi Tiborr\u00f3l \u00e9s Moln\u00e1r Gyul\u00e1r\u00f3l besz\u00e9lt. Szerinte Szanyi Tibor a jelenlegin\u00e9l kem\u00e9nyebb kommunik\u00e1ci\u00f3ra alkalmas, Moln\u00e1r Gyula pedig polg\u00e1rmesterk\u00e9nt bizony\u00edtott.<br \/>\n    A v\u00e1lasztm\u00e1nyi eln\u00f6ki posztra Hiller Istv\u00e1nt tartja alkalmasnak a volt p\u00e1rteln\u00f6k.<br \/>\n    Mesterh\u00e1zy Attila k\u00e9rd\u00e9sre v\u00e1laszolva arr\u00f3l is besz\u00e9lt, hogy ma \u00f6sszess\u00e9g\u00e9ben sincs annyi szavaz\u00f3ja a baloldalnak, mint a Fidesznek. \u00dagy v\u00e9lte, nem a t\u00f6bbi ellenz\u00e9ki p\u00e1rttal val\u00f3 egy\u00fcttm\u0171k\u00f6d\u00e9s a f\u0151 gond, hanem az, hogy nincs el\u00e9g szavaz\u00f3juk. Szerinte a baloldali p\u00e1rtoknak saj\u00e1t karakter\u00fcket kell kiteljes\u00edteni\u00fck, \u00e9s szavaz\u00f3kat kell vonzaniuk.(MTI)<\/p>\n","protected":false},"excerpt":{"rendered":"<p>Nem indul semmilyen p\u00e1rtpoz\u00edci\u00f3\u00e9rt Mesterh\u00e1zy Attila az MSZP tiszt\u00faj\u00edt\u00f3 kongresszus\u00e1n. A volt p\u00e1rteln\u00f6k az M1 aktu\u00e1lis csatorna p\u00e9ntek reggeli m\u0171sor\u00e1ban elmondta azt is: egy volt eln\u00f6k el\u0151nye, hogy poz\u00edci\u00f3 n\u00e9lk\u00fcl is tudja seg\u00edteni p\u00e1rtj\u00e1t, ez\u00e9rt \u00fagy d\u00f6nt\u00f6tt, a tiszt\u00faj\u00edt\u00e1si folyamatb\u00f3l most kimarad.<\/p>\n","protected":false},"author":1,"featured_media":0,"comment_status":"open","ping_status":"closed","sticky":false,"template":"","format":"standard","meta":[],"categories":[4,18],"tags":[],"_links":{"self":[{"href":"https:\/\/gazdasagportal.hu\/index.php\/wp-json\/wp\/v2\/posts\/80770"}],"collection":[{"href":"https:\/\/gazdasagportal.hu\/index.php\/wp-json\/wp\/v2\/posts"}],"about":[{"href":"https:\/\/gazdasagportal.hu\/index.php\/wp-json\/wp\/v2\/types\/post"}],"author":[{"embeddable":true,"href":"https:\/\/gazdasagportal.hu\/index.php\/wp-json\/wp\/v2\/users\/1"}],"replies":[{"embeddable":true,"href":"https:\/\/gazdasagportal.hu\/index.php\/wp-json\/wp\/v2\/comments?post=80770"}],"version-history":[{"count":1,"href":"https:\/\/gazdasagportal.hu\/index.php\/wp-json\/wp\/v2\/posts\/80770\/revisions"}],"predecessor-version":[{"id":80771,"href":"https:\/\/gazdasagportal.hu\/index.php\/wp-json\/wp\/v2\/posts\/80770\/revisions\/80771"}],"wp:attachment":[{"href":"https:\/\/gazdasagportal.hu\/index.php\/wp-json\/wp\/v2\/media?parent=80770"}],"wp:term":[{"taxonomy":"category","embeddable":true,"href":"https:\/\/gazdasagportal.hu\/index.php\/wp-json\/wp\/v2\/categories?post=80770"},{"taxonomy":"post_tag","embeddable":true,"href":"https:\/\/gazdasagportal.hu\/index.php\/wp-json\/wp\/v2\/tags?post=80770"}],"curies":[{"name":"wp","href":"https:\/\/api.w.org\/{rel}","templated":true}]}}