{"id":80766,"date":"2016-06-10T11:41:05","date_gmt":"2016-06-10T09:41:05","guid":{"rendered":"http:\/\/gazdasagportal.hu\/?p=80766"},"modified":"2016-06-10T11:41:05","modified_gmt":"2016-06-10T09:41:05","slug":"hetfon-megkezdodnek-a-kozepszintu-szobeli-erettsegik","status":"publish","type":"post","link":"https:\/\/gazdasagportal.hu\/index.php\/hetfon-megkezdodnek-a-kozepszintu-szobeli-erettsegik\/","title":{"rendered":"H\u00e9tf\u0151n megkezd\u0151dnek a k\u00f6z\u00e9pszint\u0171 sz\u00f3beli \u00e9retts\u00e9gik"},"content":{"rendered":"<p><strong>V\u00e9get \u00e9rt az emelt szint\u0171 sz\u00f3beli \u00e9retts\u00e9gi vizsg\u00e1k id\u0151szaka, h\u00e9tf\u0151n megkezd\u0151dnek a k\u00f6z\u00e9pszint\u0171 sz\u00f3beli \u00e9retts\u00e9gik &#8211; k\u00f6z\u00f6lte az Oktat\u00e1si Hivatal p\u00e9nteken az MTI-vel.<br \/>\n<\/strong><!--more--><\/p>\n<div class=\"ads-in-post1\"><div id=\"gazdasagportal.hu_fullbanner_wideboard\"><\/div>\r\n<\/div>\n    A hivatal t\u00e1j\u00e9koztat\u00e1sa szerint  a k\u00f6z\u00e9pszint\u0171 \u00e9retts\u00e9gik sz\u00f3beli vizsg\u00e1it j\u00fanius 13. \u00e9s j\u00fanius 24. k\u00f6z\u00f6tti id\u0151szakban &#8211; a vizsgabizotts\u00e1got m\u0171k\u00f6dtet\u0151 int\u00e9zm\u00e9nyek (k\u00f6z\u00e9piskol\u00e1k \u00e9s korm\u00e1nyhivatalok) \u00e1ltal meghat\u00e1rozott napokon &#8211; bonyol\u00edtj\u00e1k le.<br \/>\n    A sz\u00f3beli vizsg\u00e1k az \u00e9retts\u00e9gi vizsgabizotts\u00e1gok el\u0151tt zajlanak. Ebben az id\u0151szakban 1.161 \u00e9retts\u00e9giztet\u0151 telephelyen, 3.241 vizsgabizotts\u00e1g el\u0151tt t\u00f6bb mint 284 ezer k\u00f6z\u00e9pszint\u0171 sz\u00f3beli vizsg\u00e1ra ker\u00fcl sor &#8211; \u00edrt\u00e1k.<br \/>\n    Az \u00e9retts\u00e9giz\u0151, a kiskor\u00fa vizsg\u00e1z\u00f3 sz\u00fcl\u0151je a vizsgabizotts\u00e1g d\u00f6nt\u00e9se ellen &#8211; az eredm\u00e9nyhirdet\u0151 \u00e9rtekezletet k\u00f6vet\u0151 \u00f6t napon bel\u00fcl, kiz\u00e1r\u00f3lag jogszab\u00e1lys\u00e9rt\u00e9sre val\u00f3 hivatkoz\u00e1ssal &#8211; fellebbez\u00e9st ny\u00fajthat be az iskol\u00e1n kereszt\u00fcl a ter\u00fcletileg illet\u00e9kes korm\u00e1nyhivatalnak c\u00edmezve.(MTI)<\/p>\n","protected":false},"excerpt":{"rendered":"<p>V\u00e9get \u00e9rt az emelt szint\u0171 sz\u00f3beli \u00e9retts\u00e9gi vizsg\u00e1k id\u0151szaka, h\u00e9tf\u0151n megkezd\u0151dnek a k\u00f6z\u00e9pszint\u0171 sz\u00f3beli \u00e9retts\u00e9gik &#8211; k\u00f6z\u00f6lte az Oktat\u00e1si Hivatal p\u00e9nteken az MTI-vel.<\/p>\n","protected":false},"author":1,"featured_media":0,"comment_status":"open","ping_status":"closed","sticky":false,"template":"","format":"standard","meta":[],"categories":[4],"tags":[],"_links":{"self":[{"href":"https:\/\/gazdasagportal.hu\/index.php\/wp-json\/wp\/v2\/posts\/80766"}],"collection":[{"href":"https:\/\/gazdasagportal.hu\/index.php\/wp-json\/wp\/v2\/posts"}],"about":[{"href":"https:\/\/gazdasagportal.hu\/index.php\/wp-json\/wp\/v2\/types\/post"}],"author":[{"embeddable":true,"href":"https:\/\/gazdasagportal.hu\/index.php\/wp-json\/wp\/v2\/users\/1"}],"replies":[{"embeddable":true,"href":"https:\/\/gazdasagportal.hu\/index.php\/wp-json\/wp\/v2\/comments?post=80766"}],"version-history":[{"count":1,"href":"https:\/\/gazdasagportal.hu\/index.php\/wp-json\/wp\/v2\/posts\/80766\/revisions"}],"predecessor-version":[{"id":80767,"href":"https:\/\/gazdasagportal.hu\/index.php\/wp-json\/wp\/v2\/posts\/80766\/revisions\/80767"}],"wp:attachment":[{"href":"https:\/\/gazdasagportal.hu\/index.php\/wp-json\/wp\/v2\/media?parent=80766"}],"wp:term":[{"taxonomy":"category","embeddable":true,"href":"https:\/\/gazdasagportal.hu\/index.php\/wp-json\/wp\/v2\/categories?post=80766"},{"taxonomy":"post_tag","embeddable":true,"href":"https:\/\/gazdasagportal.hu\/index.php\/wp-json\/wp\/v2\/tags?post=80766"}],"curies":[{"name":"wp","href":"https:\/\/api.w.org\/{rel}","templated":true}]}}