{"id":80696,"date":"2016-06-09T11:28:43","date_gmt":"2016-06-09T09:28:43","guid":{"rendered":"http:\/\/gazdasagportal.hu\/?p=80696"},"modified":"2016-06-09T11:28:43","modified_gmt":"2016-06-09T09:28:43","slug":"brit-eu-nepszavazas-londoni-elemzok-meglepoen-nyugodtak-a-piacok","status":"publish","type":"post","link":"https:\/\/gazdasagportal.hu\/index.php\/brit-eu-nepszavazas-londoni-elemzok-meglepoen-nyugodtak-a-piacok\/","title":{"rendered":"Brit EU-n\u00e9pszavaz\u00e1s &#8211; Londoni elemz\u0151k: meglep\u0151en nyugodtak a piacok"},"content":{"rendered":"<p><strong>Londoni p\u00e9nz\u00fcgyi elemz\u0151k szerint figyelemrem\u00e9lt\u00f3 nyugalom honol az eur\u00f3pai piacokon a brit EU-tags\u00e1gr\u00f3l j\u00fanius 23-\u00e1ra ki\u00edrt n\u00e9pszavaz\u00e1s k\u00f6zeledt\u00e9vel, de t\u00f6bb ok is van annak felt\u00e9telez\u00e9s\u00e9re, hogy ez a nyugalom nem lesz hossz\u00fa \u00e9let\u0171, f\u00fcggetlen\u00fcl a referendum eredm\u00e9ny\u00e9t\u0151l.<\/strong><!--more--><\/p>\n<div class=\"ads-in-post1\"><div id=\"gazdasagportal.hu_fullbanner_wideboard\"><\/div>\r\n<\/div>\n<p>    Az egyik legnagyobb londoni p\u00e9nz\u00fcgyi-gazdas\u00e1gi elemz\u0151h\u00e1z, a Capital Economics szerd\u00e1n ismertetett helyzet\u00e9rt\u00e9kel\u00e9se kiemeli, hogy a font gyeng\u00fcl\u00e9se ellen v\u00e9d\u0151 opci\u00f3s tranzakci\u00f3k kereslete er\u0151s\u00f6dik az ut\u00f3bbi id\u0151ben, de ugyanez nem \u00e9rz\u00e9kelhet\u0151 az eur\u00f3eszk\u00f6z\u00f6k piac\u00e1n.<br \/>\n    Ez \u00e9les kontrasztban \u00e1ll azzal a s\u00falyos piaci felfordul\u00e1ssal, amelyet a g\u00f6r\u00f6g eur\u00f3\u00f6vezeti tags\u00e1g j\u00f6v\u0151j\u00e9vel kapcsolatos f\u00e9lelmek okoztak, j\u00f3llehet a g\u00f6r\u00f6g gazdas\u00e1g m\u00e9rete a brit gazdas\u00e1g nyolcada. A piaci szerepl\u0151k a jelek szerint figyelmen k\u00edv\u00fcl hagyj\u00e1k a nemzetk\u00f6zi p\u00e9nz\u00fcgyi szervezetek figyelmeztet\u00e9seit is azokr\u00f3l a kock\u00e1zatokr\u00f3l, amelyek a vil\u00e1ggazdas\u00e1got fenyegetn\u00e9k Brexit eset\u00e9n, vagyis ha Nagy-Britannia a n\u00e9pszavaz\u00e1s eredm\u00e9nyek\u00e9nt t\u00e1vozna az EU-b\u00f3l &#8211; hangs\u00falyozz\u00e1k a Capital Economics londoni elemz\u0151i.<br \/>\n    A h\u00e1z felid\u00e9zi, hogy legut\u00f3bb Janet Yellen, az amerikai jegybank szerep\u00e9t ell\u00e1t\u00f3 Federal Reserve eln\u00f6ke besz\u00e9lt e h\u00e9ten az esetleges Brexit &#8222;jelent\u0151s gazdas\u00e1gi visszahat\u00e1sair\u00f3l&#8221;.<br \/>\n    A c\u00e9g elemz\u0151i szerint a piaci nyugalom abb\u00f3l a szempontb\u00f3l indokolt, hogy a Brexitnek val\u00f3sz\u00edn\u0171s\u00edthet\u0151en csak korl\u00e1tozott hat\u00e1sa lenne a kontinent\u00e1lis Eur\u00f3pa gazdas\u00e1g\u00e1ra. A legt\u00f6bb EU-t\u00e1rs\u00e1llam nagy-britanniai exportja &#8211; \u00cdrorsz\u00e1g kiv\u00e9tel\u00e9vel &#8211; a hazai \u00f6sszterm\u00e9k (GDP) ar\u00e1ny\u00e1ban m\u00e9rve csek\u00e9ly, \u00edgy a brit importkereslet jelent\u0151s, p\u00e9ld\u00e1ul 5 sz\u00e1zal\u00e9kos visszaes\u00e9se 0,5 sz\u00e1zal\u00e9kn\u00e1l kisebb GDP-ar\u00e1nyos vesztes\u00e9get okozna a legt\u00f6bb uni\u00f3s export\u0151r orsz\u00e1g gazdas\u00e1g\u00e1nak &#8211; \u00e1ll a Capital Economics szerdai elemz\u00e9s\u00e9ben.<br \/>\n    A h\u00e1z szerint mindemellett a Brexit nem jelentene ugyanolyan kock\u00e1zatot az eur\u00f3\u00f6vezet puszta fennmarad\u00e1s\u00e1ra, mint a Grexit, vagyis G\u00f6r\u00f6gorsz\u00e1g esetleges t\u00e1voz\u00e1sa a valutauni\u00f3b\u00f3l.<br \/>\n    A piaci nyugalom azonban t\u00f6bb okb\u00f3l is elhib\u00e1zott hozz\u00e1\u00e1ll\u00e1snak bizonyulhat. Mindenekel\u0151tt a Nagy-Britanni\u00e1val folytatott kereskedelem visszaes\u00e9s\u00e9nek sz\u00e1mos k\u00f6zvetett hat\u00e1sa is lehet, p\u00e9ld\u00e1ul az \u00fczleti bizalomra vagy a p\u00e9nz\u00fcgyi szektorra. Ez m\u00e9g nagyobb terhet r\u00f3hat az egy\u00e9bk\u00e9nt is gyenge eur\u00f3\u00f6vezeti gazdas\u00e1gra, \u00e9s azzal a vesz\u00e9llyel j\u00e1rhat, hogy ism\u00e9t fell\u00e1ngol a valutauni\u00f3 ad\u00f3ss\u00e1gv\u00e1ls\u00e1ga.<br \/>\n    Emellett a Brexit m\u00e1s EU-orsz\u00e1gokban is er\u0151s\u00edtheti a hasonl\u00f3 n\u00e9pszavaz\u00e1sok ki\u00edr\u00e1s\u00e1nak sz\u00e1nd\u00e9k\u00e1t, \u00e9s ez a hat\u00e1s m\u00e9g nagyobb lehet, ha Nagy-Britannia kil\u00e9p\u00e9se eset\u00e9n nem v\u00e1lnak be a Brexit &#8222;apokaliptikus&#8221; gazdas\u00e1gi k\u00f6vetkezm\u00e9nyeir\u0151l sz\u00f3l\u00f3 el\u0151rejelz\u00e9sek.<br \/>\n    R\u00e1ad\u00e1sul ha a brit n\u00e9pszavaz\u00e1son a t\u00f6bbs\u00e9g arra voksol, hogy Nagy-Britannia maradjon az Eur\u00f3pai Uni\u00f3 tagja, a befektet\u0151i figyelem akkor is r\u00e1ir\u00e1nyulhat azokra az EU-t\u00e1rs\u00e1llamokra, amelyekben szint\u00e9n mutatkozik v\u00e1laszt\u00f3i sz\u00e1nd\u00e9k az EU-tags\u00e1gr\u00f3l sz\u00f3l\u00f3 n\u00e9pszavaz\u00e1sra.<br \/>\n    Mindezt egybevetve a brit n\u00e9pszavaz\u00e1s eredm\u00e9ny\u00e9t\u0151l f\u00fcggetlen\u00fcl a brit piacokon jelenleg tapasztalhat\u00f3 nyom\u00e1s egy r\u00e9sze hamarosan megjelenhet a kontinens EU-gazdas\u00e1gaiban is &#8211; j\u00f3solt\u00e1k szerdai elemz\u00e9s\u00fckben a Capital Economics szak\u00e9rt\u0151i.<br \/>\n    Hasonl\u00f3 j\u00e1rv\u00e1nyhat\u00e1s kock\u00e1zataira m\u00e1s nagy londoni elemz\u0151h\u00e1zak is felh\u00edvt\u00e1k a figyelmet.<br \/>\n    A Fitch Ratings nemzetk\u00f6zi hitelmin\u0151s\u00edt\u0151 minapi \u00e1tfog\u00f3 tanulm\u00e1nya szerint hossz\u00fa t\u00e1v\u00fa gazdas\u00e1gpolitikai d\u00f6nt\u00e9seket is \u00e9rint\u0151 vesz\u00e9lyes precedenst teremtene, ha Nagy-Britannia t\u00e1vozna az Eur\u00f3pai Uni\u00f3b\u00f3l. A Fitch elemz\u0151i szerint az uni\u00f3s vezet\u0151k Brexit eset\u00e9n &#8211; f\u00e9lve a populista politikai ir\u00e1nyzatok er\u0151s\u00f6d\u00e9s\u00e9t\u0151l &#8211; \u00f3dzkodhatn\u00e1nak r\u00f6vid t\u00e1von n\u00e9pszer\u0171tlen, de hosszabb t\u00e1vlatban gazdas\u00e1gi el\u0151ny\u00f6kkel j\u00e1r\u00f3 int\u00e9zked\u00e9sek, p\u00e9ld\u00e1ul n\u00f6veked\u00e9s\u00f6szt\u00f6nz\u0151 reformok, k\u00f6lts\u00e9gvet\u00e9si konszolid\u00e1ci\u00f3s l\u00e9p\u00e9sek bevezet\u00e9s\u00e9t\u0151l, vagy a bankuni\u00f3 elm\u00e9ly\u00edt\u00e9s\u00e9t\u0151l.(MTI)<\/p>\n","protected":false},"excerpt":{"rendered":"<p>Londoni p\u00e9nz\u00fcgyi elemz\u0151k szerint figyelemrem\u00e9lt\u00f3 nyugalom honol az eur\u00f3pai piacokon a brit EU-tags\u00e1gr\u00f3l j\u00fanius 23-\u00e1ra ki\u00edrt n\u00e9pszavaz\u00e1s k\u00f6zeledt\u00e9vel, de t\u00f6bb ok is van annak felt\u00e9telez\u00e9s\u00e9re, hogy ez a nyugalom nem lesz hossz\u00fa \u00e9let\u0171, f\u00fcggetlen\u00fcl a referendum eredm\u00e9ny\u00e9t\u0151l.<\/p>\n","protected":false},"author":1,"featured_media":0,"comment_status":"open","ping_status":"closed","sticky":false,"template":"","format":"standard","meta":[],"categories":[246],"tags":[],"_links":{"self":[{"href":"https:\/\/gazdasagportal.hu\/index.php\/wp-json\/wp\/v2\/posts\/80696"}],"collection":[{"href":"https:\/\/gazdasagportal.hu\/index.php\/wp-json\/wp\/v2\/posts"}],"about":[{"href":"https:\/\/gazdasagportal.hu\/index.php\/wp-json\/wp\/v2\/types\/post"}],"author":[{"embeddable":true,"href":"https:\/\/gazdasagportal.hu\/index.php\/wp-json\/wp\/v2\/users\/1"}],"replies":[{"embeddable":true,"href":"https:\/\/gazdasagportal.hu\/index.php\/wp-json\/wp\/v2\/comments?post=80696"}],"version-history":[{"count":1,"href":"https:\/\/gazdasagportal.hu\/index.php\/wp-json\/wp\/v2\/posts\/80696\/revisions"}],"predecessor-version":[{"id":80697,"href":"https:\/\/gazdasagportal.hu\/index.php\/wp-json\/wp\/v2\/posts\/80696\/revisions\/80697"}],"wp:attachment":[{"href":"https:\/\/gazdasagportal.hu\/index.php\/wp-json\/wp\/v2\/media?parent=80696"}],"wp:term":[{"taxonomy":"category","embeddable":true,"href":"https:\/\/gazdasagportal.hu\/index.php\/wp-json\/wp\/v2\/categories?post=80696"},{"taxonomy":"post_tag","embeddable":true,"href":"https:\/\/gazdasagportal.hu\/index.php\/wp-json\/wp\/v2\/tags?post=80696"}],"curies":[{"name":"wp","href":"https:\/\/api.w.org\/{rel}","templated":true}]}}