{"id":80677,"date":"2016-06-09T04:04:19","date_gmt":"2016-06-09T02:04:19","guid":{"rendered":"http:\/\/gazdasagportal.hu\/?p=80677"},"modified":"2016-06-08T22:45:09","modified_gmt":"2016-06-08T20:45:09","slug":"nemetorszagba-tovabbi-500-ezer-sziriai-menekult-erkezhet-csaladegyesites-reven","status":"publish","type":"post","link":"https:\/\/gazdasagportal.hu\/index.php\/nemetorszagba-tovabbi-500-ezer-sziriai-menekult-erkezhet-csaladegyesites-reven\/","title":{"rendered":"N\u00e9metorsz\u00e1gba tov\u00e1bbi 500 ezer sz\u00edriai menek\u00fclt \u00e9rkezhet csal\u00e1degyes\u00edt\u00e9s r\u00e9v\u00e9n"},"content":{"rendered":"<p><strong>N\u00e9metorsz\u00e1gba ak\u00e1r tov\u00e1bbi 500 ezer sz\u00edriai menek\u00fclt is \u00e9rkezhet a csal\u00e1degyes\u00edt\u00e9s int\u00e9zm\u00e9nye r\u00e9v\u00e9n &#8211; \u00edrta a S\u00fcddeutsche Zeitung c\u00edm\u0171 lap szerd\u00e1n a sz\u00f6vets\u00e9gi bev\u00e1ndorl\u00e1si \u00e9s menek\u00fclt\u00fcgyi hivatal (BAMF) becsl\u00e9s\u00e9re hivatkozva.<\/strong><!--more--><\/p>\n<div class=\"ads-in-post1\"><div id=\"gazdasagportal.hu_fullbanner_wideboard\"><\/div>\r\n<\/div>\n<p>    A BAMF elemz\u00e9s\u00e9ben kiemelte, hogy a sz\u00edriai menek\u00fcltek sz\u00e1m\u00e1nak megh\u00e1romszoroz\u00f3d\u00e1s\u00e1r\u00f3l vagy megn\u00e9gyszerez\u0151d\u00e9s\u00e9r\u0151l sz\u00f3l\u00f3 progn\u00f3zisokkal szemben az \u00e9letkor, a gyermekek \u00e9s a m\u00e1r az orsz\u00e1gban tart\u00f3zkod\u00f3 rokonok sz\u00e1ma \u00e9s egy\u00e9b t\u00e9nyez\u0151k alapj\u00e1n az v\u00e1rhat\u00f3, hogy a csal\u00e1degyes\u00edt\u00e9s r\u00e9v\u00e9n a menek\u00fcltek \u00e1tlagosan fejenk\u00e9nt csak egy rokont k\u00f6lt\u00f6ztetnek \u00e1t N\u00e9metorsz\u00e1gba.<br \/>\n    Tavaly \u00e9v elej\u00e9t\u0151l az id\u00e9n j\u00faniusig nagyj\u00e1b\u00f3l 500 ezer sz\u00edriai mened\u00e9kk\u00e9r\u0151 \u00e9rkezett N\u00e9metorsz\u00e1gba. \u0150k alkotj\u00e1k a mened\u00e9kk\u00e9r\u0151k legnagyobb csoportj\u00e1t, \u00e9s szinte valamennyien megkapj\u00e1k a menek\u00fcltst\u00e1tuszt. Azonban az ut\u00f3bbi h\u00f3napokban bevezetett v\u00e1ltoztat\u00e1sok miatt emelkedik azok sz\u00e1ma, akik csak oltalmazott st\u00e1tuszt kapnak, amelyhez k\u00e9t \u00e9vig nem j\u00e1r csal\u00e1degyes\u00edt\u00e9si jog. A mened\u00e9kjogi k\u00e9relmek elb\u00edr\u00e1l\u00e1sa pedig eleve lassan halad, \u00e9s rendk\u00edv\u00fcl lass\u00fa a csal\u00e1degyes\u00edt\u00e9shez sz\u00fcks\u00e9ges v\u00edzumok kiad\u00e1sa is a t\u00f6r\u00f6korsz\u00e1gi \u00e9s libanoni n\u00e9met diplom\u00e1ciai k\u00e9pviseleteken, amelyek a sz\u00edriai \u00e1llampolg\u00e1rok \u00fcgyeiben illet\u00e9kesek.<br \/>\n    Mindennek k\u00f6vetkezt\u00e9ben a csal\u00e1degyes\u00edt\u00e9s &#8222;jelent\u0151sen elh\u00faz\u00f3d\u00f3&#8221; folyamat, \u00e9s hat\u00e1sa lassan, fokozatosan lesz \u00e9rz\u00e9kelhet\u0151, de \u00fajabb feladatokat ad a szoci\u00e1lis ell\u00e1t\u00f3rendszernek &#8211; \u00edrt\u00e1k a BAMF szakemberei a S\u00fcddeutsche Zeitung szerint.<br \/>\n    A Die Welt c\u00edm\u0171 lap az online kiad\u00e1s\u00e1ban szint\u00e9n a BAMF adataira hivatkozva azt \u00edrta, hogy a 2016. \u00e1prilis 30-i \u00e1ll\u00e1s szerint 1 529 784 olyan k\u00fclf\u00f6ldi \u00e1llampolg\u00e1r lakik N\u00e9metorsz\u00e1gban, akik jog\u00e1ll\u00e1sa menek\u00fclt\u00fcgyi elj\u00e1r\u00e1shoz kapcsol\u00f3dik, vagyis mened\u00e9kjogi k\u00e9relm\u00fck elb\u00edr\u00e1l\u00e1s\u00e1ra v\u00e1rnak, vagy m\u00e1r d\u00f6nt\u00f6ttek \u00fcgy\u00fckben.<br \/>\n    <a href=\"https:\/\/gazdasagportal.hu\/wp-content\/uploads\/2015\/08\/menekultek.jpg\"><img decoding=\"async\" loading=\"lazy\" src=\"https:\/\/gazdasagportal.hu\/wp-content\/uploads\/2015\/08\/menekultek-300x183.jpg\" alt=\"menekultek\" width=\"300\" height=\"183\" class=\"alignleft size-medium wp-image-66064\" srcset=\"https:\/\/gazdasagportal.hu\/wp-content\/uploads\/2015\/08\/menekultek-300x183.jpg 300w, https:\/\/gazdasagportal.hu\/wp-content\/uploads\/2015\/08\/menekultek.jpg 770w\" sizes=\"(max-width: 300px) 100vw, 300px\" \/><\/a>Tov\u00e1bbi nagyj\u00e1b\u00f3l 300 ezren vannak, akik m\u00e9g nem tudt\u00e1k beny\u00fajtani mened\u00e9kjogi k\u00e9relm\u00fcket. Van egy nagyj\u00e1b\u00f3l 35 ezer f\u0151s sz\u00edriai csoport is, \u0151k a menek\u00fcltv\u00e1ls\u00e1g tavaly ny\u00e1r v\u00e9gi elm\u00e9ly\u00fcl\u00e9se el\u0151tt \u00e9rkeztek N\u00e9metorsz\u00e1gba befogad\u00e1si programok keret\u00e9ben, \u00edgy nem kell beny\u00fajtaniuk mened\u00e9kjogi k\u00e9relmet, \u00e9s van 70 ezer feln\u0151tt k\u00eds\u00e9r\u0151 n\u00e9lk\u00fcl \u00e9rkezett kiskor\u00fa is, akiknek szint\u00e9n nem kell mened\u00e9kjog\u00e9rt folyamodni.<br \/>\n    Ebben a nagyj\u00e1b\u00f3l 1,9 milli\u00f3s csoportban mintegy 220 ezren vannak, akiknek joger\u0151s d\u00f6nt\u00e9s alapj\u00e1n t\u00e1vozniuk kellene N\u00e9metorsz\u00e1gb\u00f3l, t\u00f6bbnyire az\u00e9rt, mert elutas\u00edtott\u00e1k k\u00e9relm\u00fcket. Azonban t\u00f6bbs\u00e9g\u00fcket &#8211; 168 ezer embert &#8211; k\u00fcl\u00f6nb\u00f6z\u0151, p\u00e9ld\u00e1ul eg\u00e9szs\u00e9gi okok miatt egyel\u0151re nem toloncolj\u00e1k ki.<br \/>\n    A Die Welt szerint a menek\u00fclt\u00fcgyi rendszerrel kapcsolatban van egy tov\u00e1bbi, val\u00f3sz\u00edn\u0171leg jelent\u0151s, de ismeretlen nagys\u00e1g\u00fa csoport is. Ebbe azok tartoznak, akik valamilyen okb\u00f3l nem l\u00e9ptek kapcsolatba a hat\u00f3s\u00e1gokkal, nem regisztr\u00e1lt\u00e1k magukat semmilyen int\u00e9zm\u00e9nyn\u00e9l, nem ig\u00e9nyeltek szoci\u00e1lis t\u00e1mogat\u00e1st \u00e9s nem akadtak fenn valamilyen rend\u0151ri ellen\u0151rz\u00e9sen. Szak\u00e9rt\u0151k szerint sz\u00e1muk 180 ezer \u00e9s 520 ezer k\u00f6z\u00f6tt lehet.(MTI)<\/p>\n","protected":false},"excerpt":{"rendered":"<p>N\u00e9metorsz\u00e1gba ak\u00e1r tov\u00e1bbi 500 ezer sz\u00edriai menek\u00fclt is \u00e9rkezhet a csal\u00e1degyes\u00edt\u00e9s int\u00e9zm\u00e9nye r\u00e9v\u00e9n &#8211; \u00edrta a S\u00fcddeutsche Zeitung c\u00edm\u0171 lap szerd\u00e1n a sz\u00f6vets\u00e9gi bev\u00e1ndorl\u00e1si \u00e9s menek\u00fclt\u00fcgyi hivatal (BAMF) becsl\u00e9s\u00e9re hivatkozva.<\/p>\n","protected":false},"author":1,"featured_media":66064,"comment_status":"open","ping_status":"closed","sticky":false,"template":"","format":"standard","meta":[],"categories":[403,146,12],"tags":[],"_links":{"self":[{"href":"https:\/\/gazdasagportal.hu\/index.php\/wp-json\/wp\/v2\/posts\/80677"}],"collection":[{"href":"https:\/\/gazdasagportal.hu\/index.php\/wp-json\/wp\/v2\/posts"}],"about":[{"href":"https:\/\/gazdasagportal.hu\/index.php\/wp-json\/wp\/v2\/types\/post"}],"author":[{"embeddable":true,"href":"https:\/\/gazdasagportal.hu\/index.php\/wp-json\/wp\/v2\/users\/1"}],"replies":[{"embeddable":true,"href":"https:\/\/gazdasagportal.hu\/index.php\/wp-json\/wp\/v2\/comments?post=80677"}],"version-history":[{"count":2,"href":"https:\/\/gazdasagportal.hu\/index.php\/wp-json\/wp\/v2\/posts\/80677\/revisions"}],"predecessor-version":[{"id":80679,"href":"https:\/\/gazdasagportal.hu\/index.php\/wp-json\/wp\/v2\/posts\/80677\/revisions\/80679"}],"wp:featuredmedia":[{"embeddable":true,"href":"https:\/\/gazdasagportal.hu\/index.php\/wp-json\/wp\/v2\/media\/66064"}],"wp:attachment":[{"href":"https:\/\/gazdasagportal.hu\/index.php\/wp-json\/wp\/v2\/media?parent=80677"}],"wp:term":[{"taxonomy":"category","embeddable":true,"href":"https:\/\/gazdasagportal.hu\/index.php\/wp-json\/wp\/v2\/categories?post=80677"},{"taxonomy":"post_tag","embeddable":true,"href":"https:\/\/gazdasagportal.hu\/index.php\/wp-json\/wp\/v2\/tags?post=80677"}],"curies":[{"name":"wp","href":"https:\/\/api.w.org\/{rel}","templated":true}]}}