{"id":80671,"date":"2016-06-08T23:07:03","date_gmt":"2016-06-08T21:07:03","guid":{"rendered":"http:\/\/gazdasagportal.hu\/?p=80671"},"modified":"2016-06-08T22:37:45","modified_gmt":"2016-06-08T20:37:45","slug":"ukran-valsag-kemeny-haboru-kezdetet-josolja-az-orosz-fogsagbol-szabadult-ukran-pilotano","status":"publish","type":"post","link":"https:\/\/gazdasagportal.hu\/index.php\/ukran-valsag-kemeny-haboru-kezdetet-josolja-az-orosz-fogsagbol-szabadult-ukran-pilotano\/","title":{"rendered":"Ukr\u00e1n v\u00e1ls\u00e1g &#8211; Kem\u00e9ny h\u00e1bor\u00fa kezdet\u00e9t j\u00f3solja az orosz fogs\u00e1gb\u00f3l szabadult ukr\u00e1n pil\u00f3tan\u0151"},"content":{"rendered":"<p><strong>A kelet-ukrajnai v\u00e1ls\u00e1g ki\u00e9lez\u0151d\u00e9s\u00e9nek \u00e9s \u00faj fegyveres konfliktus kirobban\u00e1s\u00e1nak vesz\u00e9ly\u00e9re figyelmeztetett Nagyija Szavcsenko, a nemr\u00e9g orosz fogs\u00e1gb\u00f3l szabadult ukr\u00e1n pil\u00f3tan\u0151 \u00e9s parlamenti k\u00e9pvisel\u0151 szerd\u00e1n Kijevben azut\u00e1n, hogy l\u00e1togat\u00e1st tett a harcok s\u00fajtotta Donyec-medenc\u00e9ben.<\/strong><!--more--><\/p>\n<div class=\"ads-in-post1\"><div id=\"gazdasagportal.hu_fullbanner_wideboard\"><\/div>\r\n<\/div>\n<p>    A katon\u00e1b\u00f3l lett politikus sajt\u00f3t\u00e1j\u00e9koztat\u00f3j\u00e1n elmondta, hogy k\u00e9pvisel\u0151t\u00e1rs\u00e1val, a sz\u00e9ls\u0151s\u00e9gesen nacionalista Jobboldali Szektor vezet\u0151j\u00e9vel, Dmitro Jarossal egy\u00fctt l\u00e1togatott az orsz\u00e1g keleti r\u00e9sz\u00e9be, ahol j\u00e1rt az Azovi-tenger partj\u00e1n fekv\u0151 Mariupolban, az onnan nem messze, a frontvonaln\u00e1l tal\u00e1lhat\u00f3 eln\u00e9ptelenedett Sirokine telep\u00fcl\u00e9sen, valamint a Donyeck megye \u00e9szaki r\u00e9sz\u00e9n l\u00e9v\u0151 Szlovjanszkban \u00e9s Kramatorszkban. Ut\u00f3bbi v\u00e1rosokat az ukr\u00e1n fegyveres er\u0151k m\u00e9g 2014 nyar\u00e1n foglalt\u00e1k vissza a Moszkva \u00e1ltal t\u00e1mogatott szakad\u00e1rokt\u00f3l.<br \/>\n    Szavai szerint m\u00e1r nincs annyi helybeli szakad\u00e1r &#8211; milicista, ahogy magukat nevezik -, mint kor\u00e1bban. &#8222;\u0150k \u00e1llnak az els\u0151 t\u0171zvonalban, m\u00f6g\u00f6tt\u00fck viszont a m\u00e1sodik \u00e9s a harmadik vonalban orosz csapatok. Ez Oroszorsz\u00e1g agresszi\u00f3ja Ukrajna ellen, ami egy nagyon kem\u00e9ny h\u00e1bor\u00fa kezdet\u00e9v\u00e9 v\u00e1lhat&#8221; &#8211; fogalmazott a katon\u00e1b\u00f3l lett parlamenti k\u00e9pvisel\u0151n\u0151.<br \/>\n    Szavcsenko el\u0151rebocs\u00e1totta, hogy a kijevi t\u00f6rv\u00e9nyhoz\u00e1sban sz\u00e1mos k\u00e9rd\u00e9st fog feltenni, els\u0151sorban a kelet-ukrajnai t\u00e9rs\u00e9g ukr\u00e1n ellen\u0151rz\u00e9s\u0171 r\u00e9sz\u00e9n megv\u00e1lasztott k\u00e9pvisel\u0151t\u00e1rsainak munk\u00e1j\u00e1r\u00f3l. &#8222;Az ott \u00e9l\u0151 emberek l\u00e9nyeg\u00e9ben nem tudj\u00e1k, ki a parlamenti k\u00e9pvisel\u0151j\u00fck, mert azok nem l\u00e1togatnak el hozz\u00e1juk&#8221; &#8211; jelentette ki.<br \/>\n    Kifejtette: azt szeretn\u00e9, ha az ukr\u00e1nok egym\u00e1s k\u00f6z\u00f6tt az &#8222;ellens\u00e9g beavatkoz\u00e1sa n\u00e9lk\u00fcl&#8221; p\u00e1rbesz\u00e9det kezden\u00e9nek, \u00e9s ha &#8222;v\u00e9ge lenne a h\u00e1bor\u00fanak, megbocs\u00e1tan\u00e1nak egym\u00e1snak&#8221;. Szavcsenko el\u0151z\u0151 nap jelentette ki, hogy k\u00e9sz k\u00f6zvetlen\u00fcl t\u00e1rgyalni a szakad\u00e1rok vezet\u0151ivel, ha erre hivatalos felhatalmaz\u00e1st kap. Ezzel arra utalt hogy Oroszorsz\u00e1g k\u00e9pvisel\u0151j\u00e9t kihagyn\u00e1k a rendez\u00e9si folyamatb\u00f3l.<br \/>\n    Egy kor\u00e1bbi sajt\u00f3\u00e9rtekezlet\u00e9n b\u00edr\u00e1lta a minszki b\u00e9kefolyamatot, nem el\u00e9gg\u00e9 hat\u00e9konynak nevezve a fegyveres konfliktus rendez\u00e9s\u00e9t c\u00e9lz\u00f3 egyezs\u00e9geket, amelyek a feh\u00e9rorosz f\u0151v\u00e1rosban sz\u00fclettek. Az \u00fagynevezett Minszk-2 meg\u00e1llapod\u00e1st tavaly febru\u00e1rban az ukr\u00e1n, az orosz \u00e9s a francia eln\u00f6k, valamint a n\u00e9met kancell\u00e1r b\u00e1b\u00e1skod\u00e1sa alatt \u00edrta al\u00e1 a Kijev, Moszkva \u00e9s az EBESZ k\u00e9pvisel\u0151ib\u0151l \u00e1ll\u00f3 \u00fagynevezett \u00f6sszek\u00f6t\u0151 csoport a szakad\u00e1r ter\u00fcletek t\u00e1rgyal\u00f3ival. Kijev nem hajland\u00f3 k\u00f6zvetlen\u00fcl t\u00e1rgyalni az \u00e1ltala terrorist\u00e1knak min\u0151s\u00edtett szakad\u00e1r vezet\u0151kkel, mert ezzel elismern\u00e9 t\u00f6rv\u00e9nyesnek az \u00f6nk\u00e9nyesen kiki\u00e1ltott donyecki \u00e9s luhanszki &#8222;n\u00e9pk\u00f6zt\u00e1rsas\u00e1gokat&#8221;, illetve az ott rendezett v\u00e1laszt\u00e1sok eredm\u00e9ny\u00e9t.(MTI)<\/p>\n","protected":false},"excerpt":{"rendered":"<p>A kelet-ukrajnai v\u00e1ls\u00e1g ki\u00e9lez\u0151d\u00e9s\u00e9nek \u00e9s \u00faj fegyveres konfliktus kirobban\u00e1s\u00e1nak vesz\u00e9ly\u00e9re figyelmeztetett Nagyija Szavcsenko, a nemr\u00e9g orosz fogs\u00e1gb\u00f3l szabadult ukr\u00e1n pil\u00f3tan\u0151 \u00e9s parlamenti k\u00e9pvisel\u0151 szerd\u00e1n Kijevben azut\u00e1n, hogy l\u00e1togat\u00e1st tett a harcok s\u00fajtotta Donyec-medenc\u00e9ben.<\/p>\n","protected":false},"author":1,"featured_media":0,"comment_status":"open","ping_status":"closed","sticky":false,"template":"","format":"standard","meta":[],"categories":[12,139],"tags":[],"_links":{"self":[{"href":"https:\/\/gazdasagportal.hu\/index.php\/wp-json\/wp\/v2\/posts\/80671"}],"collection":[{"href":"https:\/\/gazdasagportal.hu\/index.php\/wp-json\/wp\/v2\/posts"}],"about":[{"href":"https:\/\/gazdasagportal.hu\/index.php\/wp-json\/wp\/v2\/types\/post"}],"author":[{"embeddable":true,"href":"https:\/\/gazdasagportal.hu\/index.php\/wp-json\/wp\/v2\/users\/1"}],"replies":[{"embeddable":true,"href":"https:\/\/gazdasagportal.hu\/index.php\/wp-json\/wp\/v2\/comments?post=80671"}],"version-history":[{"count":1,"href":"https:\/\/gazdasagportal.hu\/index.php\/wp-json\/wp\/v2\/posts\/80671\/revisions"}],"predecessor-version":[{"id":80672,"href":"https:\/\/gazdasagportal.hu\/index.php\/wp-json\/wp\/v2\/posts\/80671\/revisions\/80672"}],"wp:attachment":[{"href":"https:\/\/gazdasagportal.hu\/index.php\/wp-json\/wp\/v2\/media?parent=80671"}],"wp:term":[{"taxonomy":"category","embeddable":true,"href":"https:\/\/gazdasagportal.hu\/index.php\/wp-json\/wp\/v2\/categories?post=80671"},{"taxonomy":"post_tag","embeddable":true,"href":"https:\/\/gazdasagportal.hu\/index.php\/wp-json\/wp\/v2\/tags?post=80671"}],"curies":[{"name":"wp","href":"https:\/\/api.w.org\/{rel}","templated":true}]}}