{"id":80654,"date":"2016-06-09T03:09:24","date_gmt":"2016-06-09T01:09:24","guid":{"rendered":"http:\/\/gazdasagportal.hu\/?p=80654"},"modified":"2016-06-08T22:10:21","modified_gmt":"2016-06-08T20:10:21","slug":"iszlam-allam-csaknem-3500-orosz-allampolgar-csatlakozott-a-terroristakhoz-a-kozel-keleten","status":"publish","type":"post","link":"https:\/\/gazdasagportal.hu\/index.php\/iszlam-allam-csaknem-3500-orosz-allampolgar-csatlakozott-a-terroristakhoz-a-kozel-keleten\/","title":{"rendered":"Iszl\u00e1m \u00c1llam &#8211; Csaknem 3500 orosz \u00e1llampolg\u00e1r csatlakozott a terrorist\u00e1khoz a K\u00f6zel-Keleten"},"content":{"rendered":"<p><strong>Csaknem h\u00e1rom \u00e9s f\u00e9lezer orosz \u00e1llampolg\u00e1r csatlakozott a terrorist\u00e1khoz a K\u00f6zel-Keleten &#8211; jelentette ki Jurij Csajka orosz f\u0151\u00fcgy\u00e9sz szerd\u00e1n a sz\u00f6vets\u00e9gi t\u00f6rv\u00e9nyhoz\u00e1s als\u00f3h\u00e1z\u00e1ban.<\/strong><!--more--><\/p>\n<div class=\"ads-in-post1\"><div id=\"gazdasagportal.hu_fullbanner_wideboard\"><\/div>\r\n<\/div>\n<p>    Csajka a Nemzeti Terrorelh\u00e1r\u00edt\u00e1si Bizotts\u00e1g \u00e9rtes\u00fcl\u00e9seire hivatkozva hozz\u00e1tette, hogy a sz\u00edriai konfliktus kezdete \u00f3ta a terrorist\u00e1k oldal\u00e1ra \u00e1llt oroszorsz\u00e1gi szem\u00e9lyek k\u00f6z\u00fcl t\u00f6bb sz\u00e1zan, a hal\u00e1lt\u00f3l tartva vagy m\u00e1s okok miatt, visszat\u00e9rnek a haz\u00e1jukba.<br \/>\n    Nyikolaj Bordjuzsa, a t\u00f6bb szovjet ut\u00f3d\u00e1llamot t\u00f6m\u00f6r\u00edt\u0151 Kollekt\u00edv Biztons\u00e1gi Szerz\u0151d\u00e9s Szervezet\u00e9nek (ODKB) f\u0151titk\u00e1ra kedden arr\u00f3l besz\u00e9lt, hogy az Oroszorsz\u00e1got, \u00d6rm\u00e9nyorsz\u00e1got, Feh\u00e9roroszorsz\u00e1got, Kazahszt\u00e1nt, Kirgiziszt\u00e1nt \u00e9s T\u00e1dzsikiszt\u00e1n t\u00f6m\u00f6r\u00edt\u0151 ODKB tag\u00e1llamaib\u00f3l nagyj\u00e1b\u00f3l t\u00edzezer ember harcol Sz\u00edri\u00e1ban, s pontos adataik vannak arr\u00f3l, hogy melyik orsz\u00e1gb\u00f3l h\u00e1nyan. A f\u0151titk\u00e1r arra is kit\u00e9rt, hogy a titkos szolg\u00e1latok nyilv\u00e1n tartj\u00e1k a Sz\u00edri\u00e1b\u00f3l visszat\u00e9r\u0151 szem\u00e9lyeket, akik hazat\u00e9r\u00e9s\u00fcket k\u00f6vet\u0151en r\u00e9szt vesznek orsz\u00e1gaikban a &#8222;terrorista alvil\u00e1g&#8221; megszervez\u00e9s\u00e9ben.<br \/>\n    Csajka szerd\u00e1n azt is elmondta, hogy az orosz hat\u00f3s\u00e1gok id\u00e9n Jekatyerinburg, Moszkva \u00e9s Krasznojarszk zs\u00fafolt pontjai ellen tervezett terrort\u00e1mad\u00e1sokat akad\u00e1lyoztak meg.<br \/>\n    A f\u0151\u00fcgy\u00e9sz az \u00e1llami dum\u00e1ban az javasolta, hogy tilts\u00e1k meg a vall\u00e1si szervezetekben val\u00f3 munk\u00e1t az olyanok sz\u00e1m\u00e1ra, akiket kor\u00e1bban terrorizmus \u00e9s sz\u00e9ls\u0151s\u00e9gess\u00e9g miatt el\u00edt\u00e9ltek. Azt is k\u00e9rte a honaty\u00e1kt\u00f3l, hogy er\u0151s\u00edts\u00e9k meg az sz\u00e9ls\u0151s\u00e9ges cselekedetekre usz\u00edt\u00f3 weboldalak elleni nem b\u00edr\u00f3s\u00e1gi fell\u00e9p\u00e9s t\u00f6rv\u00e9nyi megalapozotts\u00e1g\u00e1t.<br \/>\n    Az orosz hat\u00f3s\u00e1gok eddig t\u00f6bb mint 30 ezer weboldalt tiltottak be, k\u00f6z\u00fcl\u00fck t\u00f6bb mint ezret nem b\u00edr\u00f3s\u00e1gi elj\u00e1r\u00e1s keret\u00e9ben, a f\u0151\u00fcgy\u00e9szs\u00e9g k\u00f6vetel\u00e9s\u00e9re. A betiltott anyagok list\u00e1ja az igazs\u00e1g\u00fcgyi miniszt\u00e9rium \u00f6sszes\u00edt\u00e9se szerint 3560 t\u00e9telt tartalmaz.(MTI)<\/p>\n","protected":false},"excerpt":{"rendered":"<p>Csaknem h\u00e1rom \u00e9s f\u00e9lezer orosz \u00e1llampolg\u00e1r csatlakozott a terrorist\u00e1khoz a K\u00f6zel-Keleten &#8211; jelentette ki Jurij Csajka orosz f\u0151\u00fcgy\u00e9sz szerd\u00e1n a sz\u00f6vets\u00e9gi t\u00f6rv\u00e9nyhoz\u00e1s als\u00f3h\u00e1z\u00e1ban.<\/p>\n","protected":false},"author":1,"featured_media":0,"comment_status":"open","ping_status":"closed","sticky":false,"template":"","format":"standard","meta":[],"categories":[12,16],"tags":[],"_links":{"self":[{"href":"https:\/\/gazdasagportal.hu\/index.php\/wp-json\/wp\/v2\/posts\/80654"}],"collection":[{"href":"https:\/\/gazdasagportal.hu\/index.php\/wp-json\/wp\/v2\/posts"}],"about":[{"href":"https:\/\/gazdasagportal.hu\/index.php\/wp-json\/wp\/v2\/types\/post"}],"author":[{"embeddable":true,"href":"https:\/\/gazdasagportal.hu\/index.php\/wp-json\/wp\/v2\/users\/1"}],"replies":[{"embeddable":true,"href":"https:\/\/gazdasagportal.hu\/index.php\/wp-json\/wp\/v2\/comments?post=80654"}],"version-history":[{"count":1,"href":"https:\/\/gazdasagportal.hu\/index.php\/wp-json\/wp\/v2\/posts\/80654\/revisions"}],"predecessor-version":[{"id":80655,"href":"https:\/\/gazdasagportal.hu\/index.php\/wp-json\/wp\/v2\/posts\/80654\/revisions\/80655"}],"wp:attachment":[{"href":"https:\/\/gazdasagportal.hu\/index.php\/wp-json\/wp\/v2\/media?parent=80654"}],"wp:term":[{"taxonomy":"category","embeddable":true,"href":"https:\/\/gazdasagportal.hu\/index.php\/wp-json\/wp\/v2\/categories?post=80654"},{"taxonomy":"post_tag","embeddable":true,"href":"https:\/\/gazdasagportal.hu\/index.php\/wp-json\/wp\/v2\/tags?post=80654"}],"curies":[{"name":"wp","href":"https:\/\/api.w.org\/{rel}","templated":true}]}}