{"id":80651,"date":"2016-06-08T22:05:39","date_gmt":"2016-06-08T20:05:39","guid":{"rendered":"http:\/\/gazdasagportal.hu\/?p=80651"},"modified":"2016-06-08T22:52:48","modified_gmt":"2016-06-08T20:52:48","slug":"lovoldozes-tel-aviv-kozpontjaban-a-vedelmi-miniszterium-kozeleben-tobben-meghaltak","status":"publish","type":"post","link":"https:\/\/gazdasagportal.hu\/index.php\/lovoldozes-tel-aviv-kozpontjaban-a-vedelmi-miniszterium-kozeleben-tobben-meghaltak\/","title":{"rendered":"L\u00f6v\u00f6ld\u00f6z\u00e9s Tel-Aviv k\u00f6zpontj\u00e1ban, a v\u00e9delmi miniszt\u00e9rium k\u00f6zel\u00e9ben, t\u00f6bben meghaltak"},"content":{"rendered":"<p><strong>H\u00e1rom ember \u00e9let\u00e9t vesztette, t\u00f6bben megsebes\u00fcltek szerd\u00e1n Tel-Aviv k\u00f6zpontj\u00e1ban egy l\u00f6v\u00f6ld\u00f6z\u00e9s k\u00f6vetkezt\u00e9ben. <\/strong><!--more--><\/p>\n<div class=\"ads-in-post1\"><div id=\"gazdasagportal.hu_fullbanner_wideboard\"><\/div>\r\n<\/div>\n<p>    K\u00e9t ismeretlen fegyveres a v\u00e1ros egyik k\u00e1v\u00e9z\u00f3kkal \u00e9s \u00e9ttermekkel zs\u00fafolt negyed\u00e9ben, a v\u00e9delmi miniszt\u00e9rium \u00e9p\u00fclet\u00e9nek k\u00f6zel\u00e9ben kezdett l\u00f6v\u00f6ld\u00f6zni, kilenc ember megsebes\u00fclt, h\u00e1rman k\u00f6z\u00fcl\u00fck a k\u00f3rh\u00e1zban belehaltak s\u00e9r\u00fcl\u00e9seikbe.<br \/>\n    A k\u00f3rh\u00e1zi jelent\u00e9sek szerint egy sebes\u00fclt v\u00e1ls\u00e1gos, n\u00e9gy s\u00falyos \u00e1llapotban van, ketten k\u00f6zepes, ugyancsak ketten k\u00f6nnyebb l\u0151tt s\u00e9r\u00fcl\u00e9st szenvedtek. Az egyik k\u00f6zepesen s\u00falyos s\u00e9r\u00fclt az egyik mer\u00e9nyl\u0151. Rajtuk k\u00edv\u00fcl t\u00f6bbeket sokkos \u00e1llapotuk miatt is \u00e1polnak.<br \/>\n    A katonai r\u00e1di\u00f3 jelent\u00e9se szerint a mer\u00e9nyl\u0151k el\u0151sz\u00f6r a v\u00e1ros sz\u00edv\u00e9ben l\u00e9v\u0151 Szar\u00f3na sz\u00f3rakoz\u00f3negyedben nyitottak t\u00fczet a j\u00e1r\u00f3kel\u0151kre, sokakat megsebes\u00edtettek, t\u00f6bbeket s\u00falyosan.<br \/>\n    A tetteseket \u00fcld\u00f6zni kezdt\u00e9k, mire az egyik l\u00f6v\u00f6ld\u00f6z\u0151 a helyi m\u0171v\u00e9szmozi-komplexum, a Szinemat\u00e9k fel\u00e9 menek\u00fclt, \u00e9s ott is l\u00f6v\u00e9seket adott le. A helysz\u00ednre \u00e9rkez\u0151 biztons\u00e1giak mindk\u00e9t fegyverest \u00e1rtalmatlann\u00e1 tett\u00e9k, elfog\u00e1suk k\u00f6zben egy rend\u0151r is megsebes\u00fclt. Kider\u00fclt, hogy h\u00e1zilag \u00e1talak\u00edtott Carl Gustav t\u00edpus\u00fa fegyverrel hajtott\u00e1k v\u00e9gre a t\u00e1mad\u00e1st.<br \/>\n    A rend\u0151rs\u00e9g sz\u00f3viv\u0151je k\u00f6z\u00f6lte, hogy nem volt el\u0151zetes inform\u00e1ci\u00f3juk a Tel-Avivban k\u00e9sz\u00fcl\u0151 mer\u00e9nyletr\u0151l. Eleinte a r\u00e1di\u00f3 h\u00edrei szerint egy harmadik mer\u00e9nyl\u0151t is felt\u00e9teleztek, de k\u00e9s\u0151bb kider\u00fclt, hogy ketten k\u00f6vett\u00e9k el az akci\u00f3t.<br \/>\n    A k\u00e9tnapos moszkvai l\u00e1togat\u00e1s\u00e1r\u00f3l \u00e9ppen a mer\u00e9nylet ut\u00e1ni percekben hazat\u00e9r\u0151 Benj\u00e1min Netanjahu minisztereln\u00f6k a rep\u00fcl\u0151t\u00e9rr\u0151l egyenesen a v\u00e9delmi miniszt\u00e9rium k\u00f6zeli \u00e9p\u00fclet\u00e9be, a hadsereg f\u0151hadisz\u00e1ll\u00e1s\u00e1ra hajtott.(MTI)<\/p>\n","protected":false},"excerpt":{"rendered":"<p>H\u00e1rom ember \u00e9let\u00e9t vesztette, t\u00f6bben megsebes\u00fcltek szerd\u00e1n Tel-Aviv k\u00f6zpontj\u00e1ban egy l\u00f6v\u00f6ld\u00f6z\u00e9s k\u00f6vetkezt\u00e9ben.<\/p>\n","protected":false},"author":1,"featured_media":0,"comment_status":"open","ping_status":"closed","sticky":false,"template":"","format":"standard","meta":[],"categories":[16],"tags":[],"_links":{"self":[{"href":"https:\/\/gazdasagportal.hu\/index.php\/wp-json\/wp\/v2\/posts\/80651"}],"collection":[{"href":"https:\/\/gazdasagportal.hu\/index.php\/wp-json\/wp\/v2\/posts"}],"about":[{"href":"https:\/\/gazdasagportal.hu\/index.php\/wp-json\/wp\/v2\/types\/post"}],"author":[{"embeddable":true,"href":"https:\/\/gazdasagportal.hu\/index.php\/wp-json\/wp\/v2\/users\/1"}],"replies":[{"embeddable":true,"href":"https:\/\/gazdasagportal.hu\/index.php\/wp-json\/wp\/v2\/comments?post=80651"}],"version-history":[{"count":3,"href":"https:\/\/gazdasagportal.hu\/index.php\/wp-json\/wp\/v2\/posts\/80651\/revisions"}],"predecessor-version":[{"id":80680,"href":"https:\/\/gazdasagportal.hu\/index.php\/wp-json\/wp\/v2\/posts\/80651\/revisions\/80680"}],"wp:attachment":[{"href":"https:\/\/gazdasagportal.hu\/index.php\/wp-json\/wp\/v2\/media?parent=80651"}],"wp:term":[{"taxonomy":"category","embeddable":true,"href":"https:\/\/gazdasagportal.hu\/index.php\/wp-json\/wp\/v2\/categories?post=80651"},{"taxonomy":"post_tag","embeddable":true,"href":"https:\/\/gazdasagportal.hu\/index.php\/wp-json\/wp\/v2\/tags?post=80651"}],"curies":[{"name":"wp","href":"https:\/\/api.w.org\/{rel}","templated":true}]}}