{"id":80647,"date":"2016-06-08T20:14:51","date_gmt":"2016-06-08T18:14:51","guid":{"rendered":"http:\/\/gazdasagportal.hu\/?p=80647"},"modified":"2016-06-08T20:14:51","modified_gmt":"2016-06-08T18:14:51","slug":"autoba-rejtett-nagy-ereju-pokolgep-robbant-torokorszagban-egy-varandos-rendorno-is-meghalt","status":"publish","type":"post","link":"https:\/\/gazdasagportal.hu\/index.php\/autoba-rejtett-nagy-ereju-pokolgep-robbant-torokorszagban-egy-varandos-rendorno-is-meghalt\/","title":{"rendered":"Aut\u00f3ba rejtett, nagy erej\u0171 pokolg\u00e9p robbant T\u00f6r\u00f6korsz\u00e1gban, egy v\u00e1rand\u00f3s rend\u0151rn\u0151 is meghalt"},"content":{"rendered":"<p><strong>Aut\u00f3ba rejtett, nagy erej\u0171 pokolg\u00e9p robbant a d\u00e9lkelet-t\u00f6r\u00f6korsz\u00e1gi, f\u0151k\u00e9nt kurdok lakta Mardin tartom\u00e1ny Midyat v\u00e1ros\u00e1nak egyik rend\u0151r\u0151rse el\u0151tt szerd\u00e1n.<\/strong><!--more--><\/p>\n<div class=\"ads-in-post1\"><div id=\"gazdasagportal.hu_fullbanner_wideboard\"><\/div>\r\n<\/div>\n<p>    A t\u00e1mad\u00e1sban \u00f6t ember meghalt, k\u00e9t rend\u0151rn\u0151, egyik\u00fck v\u00e1rand\u00f3s volt, valamint h\u00e1rom civil, 32 ember pedig megsebes\u00fclt, k\u00f6z\u00fcl\u00fck \u00f6t ember \u00e1llapota s\u00falyos &#8211; jelentette a Habert\u00fcrk t\u00f6r\u00f6k h\u00edrtelev\u00edzi\u00f3.<br \/>\n    A Dogan t\u00f6r\u00f6k h\u00edr\u00fcgyn\u00f6ks\u00e9g felv\u00e9telei alapj\u00e1n a k\u00f6rnyez\u0151 \u00e9p\u00fcletekben komoly k\u00e1rok keletkeztek, a rend\u0151r\u0151rs fele megsemmis\u00fclt, h\u00e1zfalak omlottak le, szakadtak be, a k\u00f6zeli keresztez\u0151d\u00e9sben szinte mindent els\u00f6p\u00f6rt a l\u00e9gnyom\u00e1s. Szak\u00e9rt\u0151k szerint a pokolg\u00e9p t\u00f6mege meghaladta a f\u00e9l tonn\u00e1t. Egyel\u0151re nem tiszt\u00e1zott, hogy \u00f6ngyilkos mer\u00e9nylet t\u00f6rt\u00e9nt, vagy pedig t\u00e1vir\u00e1ny\u00edt\u00f3val hozt\u00e1k m\u0171k\u00f6d\u00e9sbe a pokolg\u00e9pet.<br \/>\n    Binali Yildirim t\u00f6r\u00f6k minisztereln\u00f6k egy\u00e9rtelm\u0171en a szakad\u00e1r Kurdiszt\u00e1ni Munk\u00e1sp\u00e1rt (PKK) nev\u0171 terrorszervezetet tette felel\u0151ss\u00e9 a robbant\u00e1s\u00e9rt, azonban m\u00e9g egyetlen csoport sem jelentkezett elk\u00f6vet\u0151k\u00e9nt.<br \/>\n    Az NTV t\u00f6r\u00f6k h\u00edrtelev\u00edzi\u00f3 arr\u00f3l sz\u00e1molt be, hogy a v\u00e1rosban egy fiatalokb\u00f3l \u00e1ll\u00f3 csoport t\u00f6bb \u00fajs\u00e1g\u00edr\u00f3t megt\u00e1madott, megakad\u00e1lyozva, hogy felv\u00e9teleket k\u00e9sz\u00edthessenek. Az \u00fajs\u00e1g\u00edr\u00f3knak ugyan siker\u00fclt elmenek\u00fclni\u00fck, de m\u00e9g ek\u00f6zben is k\u00f6veket dob\u00e1ltak ut\u00e1nuk. Egy k\u00f3rh\u00e1zban kerestek mened\u00e9ket, ahol el is l\u00e1tt\u00e1k \u0151ket. \u00c1m amikor t\u00e1vozni akartak, t\u00e1mad\u00f3ik az \u00e9p\u00fclet el\u0151tt v\u00e1rtak r\u00e1juk, \u00e9s a t\u00f6r\u00f6k biztons\u00e1gi er\u0151k seg\u00edts\u00e9g\u00e9vel tudt\u00e1k csak elhagyni a v\u00e1rost.<br \/>\n    Az eset egy nappal azut\u00e1n t\u00f6rt\u00e9nt, hogy kedden Isztambul eur\u00f3pai oldal\u00e1n, a belv\u00e1ros Vezneciler ker\u00fclet\u00e9ben felrobbant egy parkol\u00f3 aut\u00f3ba rejtett pokolg\u00e9p. A c\u00e9lpont akkor a rend\u0151rs\u00e9g k\u00e9t elhalad\u00f3 kisbusza volt, a robban\u00f3szerkezetet t\u00e1vir\u00e1ny\u00edt\u00f3val hozt\u00e1k m\u0171k\u00f6d\u00e9sbe. Az incidensben 12 ember meghalt, k\u00f6zt\u00fck 7 rend\u0151r \u00e9s 5 civil, tov\u00e1bbi 35 szem\u00e9ly megsebes\u00fclt. A hat\u00f3s\u00e1gok a mer\u00e9nylettel kapcsolatban 4 embert \u0151rizetbe vettek.<br \/>\n    Recep Tayyip Erdogan t\u00f6r\u00f6k \u00e1llamf\u0151 a PKK-t v\u00e1dolja a keddi mer\u00e9nylet\u00e9rt, de a szervezet m\u00e9g nem er\u0151s\u00edtette meg, hogy \u0151k robbantottak.<br \/>\n    A PKK gyakran k\u00f6vet el mer\u00e9nyletet aut\u00f3ba rejtett pokolg\u00e9ppel, f\u0151leg az orsz\u00e1g d\u00e9lkeleti r\u00e9sz\u00e9n. A c\u00e9lpontok t\u00f6bbnyire a t\u00f6r\u00f6k biztons\u00e1gi er\u0151k objektumai vagy tagjai. Az ut\u00f3bbi h\u00f3napok akci\u00f3n\u00e1l megfigyelhet\u0151 volt, hogy a terrorszervezet a kor\u00e1bbiakhoz k\u00e9pest egyre nagyobb hat\u00f3erej\u0171 pokolg\u00e9peket haszn\u00e1l.<br \/>\n    T\u00f6r\u00f6korsz\u00e1gban k\u00e9t \u00e9s f\u00e9l \u00e9vi fegyversz\u00fcnet ut\u00e1n 2015 j\u00falius\u00e1ban \u00fajultak ki a harcok a biztons\u00e1gi er\u0151k \u00e9s a kurd auton\u00f3mi\u00e1\u00e9rt k\u00fczd\u0151 fegyveresek k\u00f6z\u00f6tt. A t\u00f6r\u00f6k hader\u0151 tavaly december \u00f3ta \u00e1tfog\u00f3 katonai akci\u00f3t hajt v\u00e9gre a terrorist\u00e1knak nyilv\u00e1n\u00edtott kurd felkel\u0151k ellen az orsz\u00e1g d\u00e9lkeleti r\u00e9sz\u00e9ben, a PKK a sikertelen k\u00f6zelharc k\u00f6vetkezt\u00e9ben jelent\u0151s ter\u00fcleteket vesztett. Szak\u00e9rt\u0151k szerint a visszavonul\u00e1sokkal p\u00e1rhuzamosan, egyfajta reakci\u00f3k\u00e9nt a terrorszervezet telep\u00fcl\u00e9sk\u00f6zpontokban igyekszik v\u00e9grehajtani t\u00e1mad\u00e1sokat, t\u00f6bb esetben az orsz\u00e1g nyugati r\u00e9sz\u00e9ben tal\u00e1lhat\u00f3 nagyv\u00e1rosokban. Az 1984 \u00f3ta tart\u00f3 konfliktusban m\u00e1r mintegy 40 ezren vesztett\u00e9k \u00e9let\u00fcket.(MTI)<\/p>\n<p><meta http-equiv=\"refresh\" content=\"120\" \/><\/p>\n","protected":false},"excerpt":{"rendered":"<p>Aut\u00f3ba rejtett, nagy erej\u0171 pokolg\u00e9p robbant a d\u00e9lkelet-t\u00f6r\u00f6korsz\u00e1gi, f\u0151k\u00e9nt kurdok lakta Mardin tartom\u00e1ny Midyat v\u00e1ros\u00e1nak egyik rend\u0151r\u0151rse el\u0151tt szerd\u00e1n.<\/p>\n","protected":false},"author":1,"featured_media":0,"comment_status":"open","ping_status":"closed","sticky":false,"template":"","format":"standard","meta":[],"categories":[12],"tags":[],"_links":{"self":[{"href":"https:\/\/gazdasagportal.hu\/index.php\/wp-json\/wp\/v2\/posts\/80647"}],"collection":[{"href":"https:\/\/gazdasagportal.hu\/index.php\/wp-json\/wp\/v2\/posts"}],"about":[{"href":"https:\/\/gazdasagportal.hu\/index.php\/wp-json\/wp\/v2\/types\/post"}],"author":[{"embeddable":true,"href":"https:\/\/gazdasagportal.hu\/index.php\/wp-json\/wp\/v2\/users\/1"}],"replies":[{"embeddable":true,"href":"https:\/\/gazdasagportal.hu\/index.php\/wp-json\/wp\/v2\/comments?post=80647"}],"version-history":[{"count":1,"href":"https:\/\/gazdasagportal.hu\/index.php\/wp-json\/wp\/v2\/posts\/80647\/revisions"}],"predecessor-version":[{"id":80648,"href":"https:\/\/gazdasagportal.hu\/index.php\/wp-json\/wp\/v2\/posts\/80647\/revisions\/80648"}],"wp:attachment":[{"href":"https:\/\/gazdasagportal.hu\/index.php\/wp-json\/wp\/v2\/media?parent=80647"}],"wp:term":[{"taxonomy":"category","embeddable":true,"href":"https:\/\/gazdasagportal.hu\/index.php\/wp-json\/wp\/v2\/categories?post=80647"},{"taxonomy":"post_tag","embeddable":true,"href":"https:\/\/gazdasagportal.hu\/index.php\/wp-json\/wp\/v2\/tags?post=80647"}],"curies":[{"name":"wp","href":"https:\/\/api.w.org\/{rel}","templated":true}]}}