{"id":80600,"date":"2016-06-08T10:36:59","date_gmt":"2016-06-08T08:36:59","guid":{"rendered":"http:\/\/gazdasagportal.hu\/?p=80600"},"modified":"2016-06-08T10:36:59","modified_gmt":"2016-06-08T08:36:59","slug":"megkezdodott-a-mercedes-benz-cla-es-cla-shooting-brake-modellfrissitett-valtozatanak-gyartasa-kecskemeten","status":"publish","type":"post","link":"https:\/\/gazdasagportal.hu\/index.php\/megkezdodott-a-mercedes-benz-cla-es-cla-shooting-brake-modellfrissitett-valtozatanak-gyartasa-kecskemeten\/","title":{"rendered":"Megkezd\u0151d\u00f6tt a Mercedes-Benz CLA \u00e9s CLA Shooting Brake modellfriss\u00edtett v\u00e1ltozat\u00e1nak gy\u00e1rt\u00e1sa Kecskem\u00e9ten"},"content":{"rendered":"<p><strong>\u201eA kecskem\u00e9ti Mercedes-Benz gy\u00e1r rastatti (N\u00e9metorsz\u00e1g) testv\u00e9rgy\u00e1runkkal egy\u00fcttm\u0171k\u00f6dve jelent\u0151sen hozz\u00e1j\u00e1rul a kompakt aut\u00f3k termel\u00e9s\u00e9nek b\u0151v\u00fcl\u00e9s\u00e9hez. A modellfriss\u00edtett CLA \u00e9s a CLA Shooting Brake gy\u00e1rt\u00e1s\u00e1nak megkezd\u00e9s\u00e9vel ism\u00e9t sikeresen teljes\u00edtett\u00fcnk a kompakt aut\u00f3k vil\u00e1gszerte m\u0171k\u00f6d\u0151 gy\u00e1rt\u00e1si h\u00e1l\u00f3zat\u00e1n bel\u00fcl. A CLA, valamint CLA Shooting Brake modelleket a vil\u00e1g \u00f6sszes piac\u00e1ra kiz\u00e1r\u00f3lag Kecskem\u00e9ten gy\u00e1rtjuk\u201c \u2013 hangs\u00falyozta Christian Wolff, a Mercedes-Benz Manufacturing Hungary Kft. \u00fcgyvezet\u00e9s\u00e9nek eln\u00f6ke.<\/strong><!--more--><\/p>\n<div class=\"ads-in-post1\"><div id=\"gazdasagportal.hu_fullbanner_wideboard\"><\/div>\r\n<\/div>\n<p>Az \u00faj l\u00f6kh\u00e1r\u00edt\u00f3, a sz\u00e9riafelszerelts\u00e9g r\u00e9sz\u00e9t k\u00e9pez\u0151 fekete gy\u00e9m\u00e1ntmint\u00e1s h\u0171t\u0151maszk, valamint az \u00faj k\u00f6nny\u0171f\u00e9m-felnik a modelfriss\u00edtett CLA \u00e9s a CLA Shooting Brake sportos \u00e9s kifejez\u0151 megjelen\u00e9s\u00e9t er\u0151s\u00edtik. A bels\u0151 t\u00e9r is sz\u00e1mos \u00faj elemet kapott, ide tartoznak az \u00faj \u00fcl\u00e9shuzatok \u00e9s d\u00edsz\u00edt\u0151elemek, valamint a kr\u00f3mozott kezel\u0151szervek. A cs\u00facstechnol\u00f3gi\u00e1s LED-f\u00e9nysz\u00f3r\u00f3, a HANDS-FREE ACCESS (a k\u00e9z haszn\u00e1lata n\u00e9lk\u00fcli csomagt\u00e9r nyit\u00e1s), valamint az okostelefonok b\u0151v\u00edtett felhaszn\u00e1l\u00e1si lehet\u0151s\u00e9gei ig\u00e9ny szerint n\u00f6velik a biztons\u00e1got \u00e9s k\u00e9nyelmet. A CLA 180 d BlueEFFICIENCY Edition a maga 80 kW (109 l\u00f3er\u0151) teljes\u00edtm\u00e9ny\u00e9vel \u00e9s 89 g\/km CO2-kibocs\u00e1t\u00e1s\u00e1val a hat\u00e9konys\u00e1g \u00faj bajnoka. A CLA 45 4MATIC AMG coup\u00e9 \u00e9s a Shooting Brake modellek k\u00fcls\u0151 megjelen\u00e9s\u00fckben m\u00e9g dinamikusabbak lettek, \u00e9s a bels\u0151 ter\u00fck is magas min\u0151s\u00e9g\u00e9rzetet ny\u00fajt: 280 kW (381 l\u00f3er\u0151) maxim\u00e1lis teljes\u00edtm\u00e9nnyel \u00e9s 475 Nm forgat\u00f3nyomat\u00e9kkal ezek a modellek a kateg\u00f3ria legjobb teljes\u00edtm\u00e9ny\u0171 g\u00e9pj\u00e1rm\u0171vei k\u00f6z\u00e9 tartoznak.<\/p>\n<p><strong>A Mercedes-Benz Manufacturing Hungary Kft.<\/strong><\/p><div id=\"gazda-1516897598\" class=\"gazda-tartalomban gazda-entity-placement\"><script async src=\"https:\/\/pagead2.googlesyndication.com\/pagead\/js\/adsbygoogle.js\"><\/script>\r\n<ins class=\"adsbygoogle\"\r\n     style=\"display:block\"\r\n     data-ad-format=\"fluid\"\r\n     data-ad-layout-key=\"-6t+ed+2i-1n-4w\"\r\n     data-ad-client=\"ca-pub-1959107119989764\"\r\n     data-ad-slot=\"4008251320\"><\/ins>\r\n<script>\r\n     (adsbygoogle = window.adsbygoogle || []).push({});\r\n<\/script><\/div>\n<p>A Mercedes-Benz Manufacturing Hungary Kft. k\u00f6zel 4.000 munkav\u00e1llal\u00f3 sz\u00e1m\u00e1ra biztos\u00edt munkahelyet. 2015-ben a kecskem\u00e9ti gy\u00e1r t\u00f6bb mint 180.000 kompakt aut\u00f3t gy\u00e1rtott. Az els\u0151 Magyarorsz\u00e1gon is gy\u00e1rtott term\u00e9k 2012-t\u0151l a B-oszt\u00e1ly volt; m\u00edg 2013-ban a n\u00e9gyajt\u00f3s CLA coup\u00e9, illetve 2015 janu\u00e1rj\u00e1ban a CLA Shooting Brake gy\u00e1rt\u00e1s\u00e1t is megkezdte a kecskem\u00e9ti gy\u00e1r. K\u00fcl\u00f6n b\u00fcszkes\u00e9g, hogy ez ut\u00f3bbi k\u00e9t t\u00edpust kiz\u00e1r\u00f3lag itt Magyarorsz\u00e1gon gy\u00e1rtj\u00e1k az eg\u00e9sz vil\u00e1g r\u00e9sz\u00e9re.<\/p>\n","protected":false},"excerpt":{"rendered":"<p>\u201eA kecskem\u00e9ti Mercedes-Benz gy\u00e1r rastatti (N\u00e9metorsz\u00e1g) testv\u00e9rgy\u00e1runkkal egy\u00fcttm\u0171k\u00f6dve jelent\u0151sen hozz\u00e1j\u00e1rul a kompakt aut\u00f3k termel\u00e9s\u00e9nek b\u0151v\u00fcl\u00e9s\u00e9hez. A modellfriss\u00edtett CLA \u00e9s a CLA Shooting Brake gy\u00e1rt\u00e1s\u00e1nak megkezd\u00e9s\u00e9vel ism\u00e9t sikeresen teljes\u00edtett\u00fcnk a kompakt aut\u00f3k vil\u00e1gszerte m\u0171k\u00f6d\u0151 gy\u00e1rt\u00e1si h\u00e1l\u00f3zat\u00e1n bel\u00fcl. A CLA, valamint CLA Shooting Brake modelleket a vil\u00e1g \u00f6sszes piac\u00e1ra kiz\u00e1r\u00f3lag Kecskem\u00e9ten gy\u00e1rtjuk\u201c \u2013 hangs\u00falyozta Christian Wolff, a &#8230;<\/p>\n","protected":false},"author":1,"featured_media":0,"comment_status":"open","ping_status":"closed","sticky":false,"template":"","format":"standard","meta":[],"categories":[19],"tags":[],"_links":{"self":[{"href":"https:\/\/gazdasagportal.hu\/index.php\/wp-json\/wp\/v2\/posts\/80600"}],"collection":[{"href":"https:\/\/gazdasagportal.hu\/index.php\/wp-json\/wp\/v2\/posts"}],"about":[{"href":"https:\/\/gazdasagportal.hu\/index.php\/wp-json\/wp\/v2\/types\/post"}],"author":[{"embeddable":true,"href":"https:\/\/gazdasagportal.hu\/index.php\/wp-json\/wp\/v2\/users\/1"}],"replies":[{"embeddable":true,"href":"https:\/\/gazdasagportal.hu\/index.php\/wp-json\/wp\/v2\/comments?post=80600"}],"version-history":[{"count":1,"href":"https:\/\/gazdasagportal.hu\/index.php\/wp-json\/wp\/v2\/posts\/80600\/revisions"}],"predecessor-version":[{"id":80601,"href":"https:\/\/gazdasagportal.hu\/index.php\/wp-json\/wp\/v2\/posts\/80600\/revisions\/80601"}],"wp:attachment":[{"href":"https:\/\/gazdasagportal.hu\/index.php\/wp-json\/wp\/v2\/media?parent=80600"}],"wp:term":[{"taxonomy":"category","embeddable":true,"href":"https:\/\/gazdasagportal.hu\/index.php\/wp-json\/wp\/v2\/categories?post=80600"},{"taxonomy":"post_tag","embeddable":true,"href":"https:\/\/gazdasagportal.hu\/index.php\/wp-json\/wp\/v2\/tags?post=80600"}],"curies":[{"name":"wp","href":"https:\/\/api.w.org\/{rel}","templated":true}]}}