{"id":80583,"date":"2016-06-07T21:38:27","date_gmt":"2016-06-07T19:38:27","guid":{"rendered":"http:\/\/gazdasagportal.hu\/?p=80583"},"modified":"2016-06-07T21:38:27","modified_gmt":"2016-06-07T19:38:27","slug":"szazmillios-karteritest-itelt-meg-a-klubradionak-a-fovarosi-itelotabla","status":"publish","type":"post","link":"https:\/\/gazdasagportal.hu\/index.php\/szazmillios-karteritest-itelt-meg-a-klubradionak-a-fovarosi-itelotabla\/","title":{"rendered":"Sz\u00e1zmilli\u00f3s k\u00e1rt\u00e9r\u00edt\u00e9st \u00edt\u00e9lt meg a Klubr\u00e1di\u00f3nak a F\u0151v\u00e1rosi \u00cdt\u00e9l\u0151t\u00e1bla"},"content":{"rendered":"<p><strong>\u00d6sszesen 108 milli\u00f3 forintos k\u00e1rt\u00e9r\u00edt\u00e9st \u00edt\u00e9lt meg a Klubr\u00e1di\u00f3nak a Nemzeti M\u00e9dia \u00e9s H\u00edrk\u00f6zl\u00e9si Hat\u00f3s\u00e1ggal szemben ind\u00edtott polg\u00e1ri perben a F\u0151v\u00e1rosi \u00cdt\u00e9l\u0151t\u00e1bla kedden kihirdetett joger\u0151s r\u00e9sz\u00edt\u00e9let\u00e9ben.<\/strong><!--more--><\/p>\n<div class=\"ads-in-post1\"><div id=\"gazdasagportal.hu_fullbanner_wideboard\"><\/div>\r\n<\/div>\n<p>    A k\u00e1rt\u00e9r\u00edt\u00e9s r\u00e9szben a Klubr\u00e1di\u00f3 \u00e1ltal \u00e9vekkel ezel\u0151tt a m\u00e9diahat\u00f3s\u00e1gnak kifizetett t\u00f6bb mint 100 milli\u00f3s m\u00e9diahaszn\u00e1lati \u00e9s frekvenciahaszn\u00e1lati d\u00edj visszafizet\u00e9s\u00e9re k\u00f6telez\u00e9sb\u0151l, r\u00e9szben pedig a hat\u00f3s\u00e1g vezet\u00e9se, sz\u00f3viv\u0151je \u00e1ltal 2011-2012-ben adott, j\u00f3 h\u00edrn\u00e9v s\u00e9rt\u0151nek min\u0151s\u00edtett nyilatkozatok miatt meg\u00edt\u00e9lt 5 milli\u00f3 forintos nem vagyoni k\u00e1rt\u00e9r\u00edt\u00e9sb\u0151l tev\u0151dik \u00f6ssze.<br \/>\n    A t\u00e1bla r\u00e9sz\u00edt\u00e9let\u00e9ben ugyanakkor l\u00e9nyeges elj\u00e1r\u00e1si szab\u00e1lys\u00e9rt\u00e9sek miatt \u00faj els\u0151fok\u00fa elj\u00e1r\u00e1st rendelt el a Klubr\u00e1di\u00f3 elmaradt rekl\u00e1mbev\u00e9telei miatt beterjesztett milli\u00e1rdos nagys\u00e1grend\u0171 k\u00f6vetel\u00e9s \u00fcgy\u00e9ben. Ebben a vonatkoz\u00e1sban a r\u00e1di\u00f3 az\u00e9rt perelte be a m\u00e9diahat\u00f3s\u00e1got, mert \u00e9veken \u00e1t nem haszn\u00e1lhatta a 2010-ben p\u00e1ly\u00e1zaton elnyert frekvenci\u00e1t.<br \/>\n    A Budapest 92,9 MHz-es f\u0151v\u00e1rosi frekvenci\u00e1ra 2009-ben \u00edrt ki p\u00e1ly\u00e1zatot az akkori Orsz\u00e1gos R\u00e1di\u00f3 \u00e9s Telev\u00edzi\u00f3 Test\u00fclet, amely 2010 \u00e1prilis\u00e1ban a Klubr\u00e1di\u00f3t \u00fczemeltet\u0151 t\u00e1rsas\u00e1got nyilv\u00e1n\u00edtotta nyertesnek, \u00e1m nyolc h\u00f3nappal k\u00e9s\u0151bb kimondta a p\u00e1ly\u00e1zat eredm\u00e9nytelens\u00e9g\u00e9t.<br \/>\n    A m\u00e9diahat\u00f3s\u00e1ggal fenn\u00e1ll\u00f3 jogvita miatt csak \u00e9vekkel k\u00e9s\u0151bb k\u00f6lt\u00f6zhetett \u00e1t erre a hull\u00e1ms\u00e1vra a kor\u00e1bban haszn\u00e1lt 95,3 MHz-r\u0151l a Klubr\u00e1di\u00f3, amely ezzel egy id\u0151ben ingyenes frekvenciahaszn\u00e1latra jogosult k\u00f6z\u00f6ss\u00e9gi m\u00e9diaszolg\u00e1ltat\u00f3k\u00e9nt folytatta m\u0171k\u00f6d\u00e9s\u00e9t.<br \/>\n    A polg\u00e1ri perben a Klubr\u00e1di\u00f3 \u00f6sszesen mintegy 1,4 milli\u00e1rd forint k\u00e1rt\u00e9r\u00edt\u00e9st k\u00f6vetel a m\u00e9diahat\u00f3s\u00e1gt\u00f3l, mert az \u00e9veken kereszt\u00fcl nem k\u00f6t\u00f6tt vele szerz\u0151d\u00e9st a kor\u00e1bban p\u00e1ly\u00e1zaton elnyert f\u0151v\u00e1rosi frekvencia haszn\u00e1lat\u00e1ra.<br \/>\n    B\u00e1r\u00e1ndy P\u00e9ter \u00fcgyv\u00e9d, a Klubr\u00e1di\u00f3 Szolg\u00e1ltat\u00f3 Zrt. jogi k\u00e9pvisel\u0151je a perben kor\u00e1bban t\u00f6bbek k\u00f6z\u00f6tt azzal \u00e9rvelt: ha \u00e9vekkel ezel\u0151tt megk\u00f6tik a c\u00e9ggel az \u00faj szerz\u0151d\u00e9st, akkor nem kellett volna t\u00f6bb mint 100 milli\u00f3s m\u0171sorszolg\u00e1ltat\u00e1si d\u00edjat fizetni a m\u00e9diahat\u00f3s\u00e1g r\u00e9sz\u00e9re, sem hatvan naponk\u00e9nt ideiglenes sug\u00e1rz\u00e1si enged\u00e9lyeket k\u00e9rni. Ut\u00f3bbi kapcs\u00e1n kor\u00e1bban a Klubr\u00e1di\u00f3 \u00fcgyv\u00e9dje arra is r\u00e1mutatott, hogy a m\u0171k\u00f6d\u00e9s bizonytalans\u00e1ga a rekl\u00e1mbev\u00e9telek elmarad\u00e1s\u00e1hoz vezetett.<br \/>\n    Trinn G\u00e1bor \u00fcgyv\u00e9d, az alperes m\u00e9diatan\u00e1cs jogi k\u00e9pvisel\u0151je ezzel szemben kor\u00e1bban arra h\u00edvta fel a figyelmet: a felperes c\u00e9gnek nem volt elmaradt vagyoni el\u0151nye, hiszen m\u00e1r a p\u00e1ly\u00e1zat ki\u00edr\u00e1sa el\u0151tt \u00e9vekkel vesztes\u00e9ges volt.<br \/>\n    A F\u0151v\u00e1rosi T\u00f6rv\u00e9nysz\u00e9k febru\u00e1rban kihirdetett els\u0151fok\u00fa, nem joger\u0151s \u00edt\u00e9let\u00e9ben puszt\u00e1n a szem\u00e9lyis\u00e9gi jogi jogs\u00e9rt\u00e9ssel, j\u00f3 h\u00edrnevet s\u00e9rt\u0151 nyilatkozatokkal \u00f6sszef\u00fcgg\u00e9sben \u00edt\u00e9lt meg 1,75 milli\u00f3 forintos k\u00e1rt\u00e9r\u00edt\u00e9st, a kereset t\u00f6bbi r\u00e9sz\u00e9t bizony\u00edtotts\u00e1g hi\u00e1ny\u00e1ban elutas\u00edtotta. Az \u00fcgy fellebbez\u00e9sek folyt\u00e1n ker\u00fclt m\u00e1sodfokon a t\u00e1bl\u00e1ra.<br \/>\n    Kedden a m\u00e1sodfok\u00fa \u00edt\u00e9let sz\u00f3beli indokl\u00e1s\u00e1ban a t\u00e1bla tan\u00e1cseln\u00f6ke kifejtette: a keresetben el\u0151terjesztett milli\u00e1rdos elmaradt vagyoni el\u0151ny vonatkoz\u00e1s\u00e1ban l\u00e9nyeges elj\u00e1r\u00e1si szab\u00e1lys\u00e9rt\u00e9sek miatt rendeltek el \u00faj els\u0151fok\u00fa elj\u00e1r\u00e1st, melyben szak\u00e9rt\u0151 bevon\u00e1s\u00e1ra is sor ker\u00fclhet majd.<br \/>\n    A m\u00e9diaszolg\u00e1ltat\u00e1si \u00e9s frekvenciahaszn\u00e1lati d\u00edj vonatkoz\u00e1s\u00e1ban a t\u00e1bla \u00fagy \u00edt\u00e9let meg: az alperes hat\u00f3s\u00e1g jogellenes, felr\u00f3hat\u00f3 magatart\u00e1s\u00e1val ok-okozati \u00f6sszef\u00fcgg\u00e9sben mer\u00fclt fel a felperes k\u00e1ra, \u00edgy azt a m\u00e9diahat\u00f3s\u00e1gnak meg kell t\u00e9r\u00edtenie.<br \/>\n    A szem\u00e9lyis\u00e9gi jogi jogs\u00e9rt\u00e9sek vonatkoz\u00e1s\u00e1ban a 30 milli\u00f3s felperesi ig\u00e9nyt ugyan elt\u00falzottnak tal\u00e1lta a t\u00e1bla, \u00e1m az els\u0151 fokon meg\u00e1llap\u00edtott 1,75 milli\u00f3 helyett 5 milli\u00f3 forintos nem vagyoni k\u00e1rt\u00e9r\u00edt\u00e9st \u00edt\u00e9lt meg, mert a jogs\u00e9rt\u0151 magatart\u00e1s elh\u00faz\u00f3d\u00f3 volt, t\u00f6bb j\u00f3 h\u00edrnevet s\u00e9rt\u0151 nyilatkozatot tettek a m\u00e9diahat\u00f3s\u00e1g munkat\u00e1rsai.<br \/>\n    B\u00e1r\u00e1ndy P\u00e9ter, a felperes jogi k\u00e9pvisel\u0151je az \u00edt\u00e9lethirdet\u00e9s ut\u00e1n \u00fajs\u00e1g\u00edr\u00f3knak arr\u00f3l besz\u00e9lt: a d\u00f6nt\u00e9s nem minden r\u00e9szlet\u00e9vel \u00e9rtenek egyet, de \u00f6sszess\u00e9g\u00e9ben elfogadhat\u00f3nak \u00e9s a b\u00edr\u00f3i gyakorlathoz igazod\u00f3nak tartj\u00e1k.<br \/>\n    Trinn G\u00e1bor alperesi k\u00e9pvisel\u0151 szerint ugyanakkor t\u00e9ves a t\u00e1bla d\u00f6nt\u00e9se, a megism\u00e9telt elj\u00e1r\u00e1sban pedig nem lesz k\u00f6nny\u0171 a felperesnek elmaradt vagyoni el\u0151nyt bizony\u00edtani, hiszen 2006 \u00f3ta szakadatlanul cs\u00f6kken\u0151 bev\u00e9telekkel, illetve volt, amikor vesztes\u00e9gesen m\u0171k\u00f6d\u00f6tt.(MTI)<\/p>\n","protected":false},"excerpt":{"rendered":"<p>\u00d6sszesen 108 milli\u00f3 forintos k\u00e1rt\u00e9r\u00edt\u00e9st \u00edt\u00e9lt meg a Klubr\u00e1di\u00f3nak a Nemzeti M\u00e9dia \u00e9s H\u00edrk\u00f6zl\u00e9si Hat\u00f3s\u00e1ggal szemben ind\u00edtott polg\u00e1ri perben a F\u0151v\u00e1rosi \u00cdt\u00e9l\u0151t\u00e1bla kedden kihirdetett joger\u0151s r\u00e9sz\u00edt\u00e9let\u00e9ben.<\/p>\n","protected":false},"author":1,"featured_media":0,"comment_status":"open","ping_status":"closed","sticky":false,"template":"","format":"standard","meta":[],"categories":[19],"tags":[],"_links":{"self":[{"href":"https:\/\/gazdasagportal.hu\/index.php\/wp-json\/wp\/v2\/posts\/80583"}],"collection":[{"href":"https:\/\/gazdasagportal.hu\/index.php\/wp-json\/wp\/v2\/posts"}],"about":[{"href":"https:\/\/gazdasagportal.hu\/index.php\/wp-json\/wp\/v2\/types\/post"}],"author":[{"embeddable":true,"href":"https:\/\/gazdasagportal.hu\/index.php\/wp-json\/wp\/v2\/users\/1"}],"replies":[{"embeddable":true,"href":"https:\/\/gazdasagportal.hu\/index.php\/wp-json\/wp\/v2\/comments?post=80583"}],"version-history":[{"count":1,"href":"https:\/\/gazdasagportal.hu\/index.php\/wp-json\/wp\/v2\/posts\/80583\/revisions"}],"predecessor-version":[{"id":80584,"href":"https:\/\/gazdasagportal.hu\/index.php\/wp-json\/wp\/v2\/posts\/80583\/revisions\/80584"}],"wp:attachment":[{"href":"https:\/\/gazdasagportal.hu\/index.php\/wp-json\/wp\/v2\/media?parent=80583"}],"wp:term":[{"taxonomy":"category","embeddable":true,"href":"https:\/\/gazdasagportal.hu\/index.php\/wp-json\/wp\/v2\/categories?post=80583"},{"taxonomy":"post_tag","embeddable":true,"href":"https:\/\/gazdasagportal.hu\/index.php\/wp-json\/wp\/v2\/tags?post=80583"}],"curies":[{"name":"wp","href":"https:\/\/api.w.org\/{rel}","templated":true}]}}