{"id":80581,"date":"2016-06-07T22:24:24","date_gmt":"2016-06-07T20:24:24","guid":{"rendered":"http:\/\/gazdasagportal.hu\/?p=80581"},"modified":"2016-06-07T21:11:09","modified_gmt":"2016-06-07T19:11:09","slug":"a-legalis-migracio-lehetoseget-teremtene-meg-az-eu","status":"publish","type":"post","link":"https:\/\/gazdasagportal.hu\/index.php\/a-legalis-migracio-lehetoseget-teremtene-meg-az-eu\/","title":{"rendered":"A leg\u00e1lis migr\u00e1ci\u00f3 lehet\u0151s\u00e9g\u00e9t teremten\u00e9 meg az EU"},"content":{"rendered":"<p><strong>Az eur\u00f3pai k\u00e9k k\u00e1rtya rendszer reformj\u00e1val \u00e9s a hat\u00e9konyabb integr\u00e1ci\u00f3 el\u0151seg\u00edt\u00e9s\u00e9vel a leg\u00e1lis migr\u00e1ci\u00f3 lehet\u0151s\u00e9g\u00e9t teremten\u00e9 meg az Eur\u00f3pai Uni\u00f3 &#8211; jelentette be Dimitrisz Avramopulosz migr\u00e1ci\u00f3s \u00fcgyek\u00e9rt felel\u0151s uni\u00f3s biztos keddi strasbourgi sajt\u00f3t\u00e1j\u00e9koztat\u00f3j\u00e1n.<\/strong><!--more--><\/p>\n<div class=\"ads-in-post1\"><div id=\"gazdasagportal.hu_fullbanner_wideboard\"><\/div>\r\n<\/div>\n<p>    Elmondta: az Eur\u00f3p\u00e1t el\u00e9r\u0151 migr\u00e1ns\u00e1radat arra k\u00e9szteti az uni\u00f3t, hogy megteremtse a leg\u00e1lis bev\u00e1ndorl\u00e1s felt\u00e9teleit mindazok sz\u00e1m\u00e1ra, akik munk\u00e1hoz akarnak jutni a kontinensen.<br \/>\n    &#8222;A merev \u00e9s sz\u00e9ttagolt rendszer hely\u00e9be egy rugalmas, minden ig\u00e9nyt kiel\u00e9g\u00edt\u0151 \u00faj \u00e9s fenntarthat\u00f3 szab\u00e1lyoz\u00e1st aj\u00e1nl az Eur\u00f3pai Bizotts\u00e1g&#8221; &#8211; hangs\u00falyozta.<br \/>\n    A biztos elmondta, hogy a hat\u00e9konyabb integr\u00e1ci\u00f3 \u00e9s a k\u00f6nnyebb munk\u00e1hoz jut\u00e1s megteremt\u00e9se \u00e9rdek\u00e9ben els\u0151sorban az uni\u00f3n k\u00edv\u00fcli, harmadik orsz\u00e1gokb\u00f3l \u00e9rkez\u0151, magasan k\u00e9pzett munkaer\u0151 sz\u00e1m\u00e1ra lesz el\u00e9rhet\u0151 az eur\u00f3pai k\u00e9k k\u00e1rtya rendszere.<br \/>\n    A migr\u00e1ci\u00f3s cselekv\u00e9si csomag r\u00e9szek\u00e9nt ismertetett terv egyr\u00e9szt a tagorsz\u00e1goknak fog seg\u00edteni az \u00fajonnan \u00e9rkezett munkav\u00e1llal\u00f3k beilleszked\u00e9s\u00e9ben, m\u00e1sr\u00e9szt t\u00e1mogatni k\u00edv\u00e1nja az \u00e9rintetteket, hogy hat\u00e9konyabban r\u00e9szt tudjanak venni az uni\u00f3 gazdas\u00e1gi \u00e9s t\u00e1rsadalmi \u00e9let\u00e9ben &#8211; tette hozz\u00e1 a biztos.<br \/>\n    Avramopulosz a beilleszked\u00e9sre vonatkoz\u00f3 uni\u00f3s cselekv\u00e9si tervvel kapcsolatban elmondta, hogy az eur\u00f3pai t\u00e1rsadalmak j\u00f6v\u0151beli j\u00f3l\u00e9te, sikere \u00e9s \u00f6sszetart\u00e1sa szempontj\u00e1b\u00f3l elengedhetetlen, hogy a harmadik orsz\u00e1gbeli \u00e1llampolg\u00e1rok k\u00e9pesek legyenek gazdas\u00e1gi \u00e9s t\u00e1rsadalmi \u00e9rtelemben hozz\u00e1j\u00e1rulni az \u0151ket befogad\u00f3 k\u00f6z\u00f6ss\u00e9gekhez.<br \/>\n    A bizotts\u00e1g \u00e1ltal javasolt int\u00e9zked\u00e9sek k\u00f6z\u00f6tt szerepel az \u00e1ttelep\u00edtett, nemzetk\u00f6zi v\u00e9delemre szorul\u00f3 szem\u00e9lyek oktat\u00e1sa, foglalkoztat\u00e1sa \u00e9s szakk\u00e9pz\u00e9se, az alapszolg\u00e1ltat\u00e1sokhoz val\u00f3 hozz\u00e1f\u00e9r\u00e9se, akt\u00edv r\u00e9szv\u00e9tele \u00e9s t\u00e1rsadalmi befogad\u00e1sa.<br \/>\n    A magas szint\u0171 k\u00e9pzetts\u00e9ggel rendelkez\u0151 migr\u00e1nsok leg\u00e1lis munkalehet\u0151s\u00e9g\u00e9nek megk\u00f6nny\u00edt\u00e9s\u00e9t c\u00e9lz\u00f3 eur\u00f3pai k\u00e9k k\u00e1rtya rendszer reformj\u00e1val kapcsolatban elmondta, hogy a javaslat korszer\u0171s\u00edti a megl\u00e9v\u0151 szab\u00e1lyokat \u00e9s seg\u00edts\u00e9g\u00e9vel az EU hat\u00e9konyabban tudja idevonzani \u00e9s megtartani a magas szint\u0171 k\u00e9pzetts\u00e9ggel rendelkez\u0151 harmadik orsz\u00e1gbeli \u00e1llampolg\u00e1rokat.<br \/>\n    R\u00e9szleteit ismertetve arr\u00f3l t\u00e1j\u00e9koztatott, hogy az \u00faj javaslat egyetlen, az eg\u00e9sz uni\u00f3ra kiterjed\u0151 rendszert hat\u00e1roz meg, amely felv\u00e1ltan\u00e1 a magas szint\u0171 k\u00e9pzetts\u00e9get ig\u00e9nyl\u0151 munkav\u00e1llal\u00e1sra vonatkoz\u00f3 p\u00e1rhuzamos nemzeti rendszereket annak \u00e9rdek\u00e9ben, hogy vil\u00e1gosabb helyzet alakuljon ki a k\u00e9relmez\u0151k \u00e9s a munk\u00e1ltat\u00f3k sz\u00e1m\u00e1ra.<br \/>\n    Az elj\u00e1r\u00e1sok megk\u00f6nny\u00edt\u00e9s\u00e9vel \u00e9s a k\u00e9k k\u00e1rty\u00e1t alkalmaz\u00f3 tag\u00e1llamokon bel\u00fcl a 90 napos id\u0151tartamot meg nem halad\u00f3 r\u00f6videbb \u00fczleti utak lehet\u0151v\u00e9 t\u00e9tel\u00e9vel fokozza az EU-n bel\u00fcli mobilit\u00e1st.<br \/>\n    A cselekv\u00e9si terv meger\u0151s\u00edti a k\u00e9k k\u00e1rtya birtokosainak jogait, lehet\u0151v\u00e9 t\u00e9ve a huzamos tart\u00f3zkod\u00e1si enged\u00e9lyhez val\u00f3 gyorsabb hozz\u00e1jut\u00e1st, valamint az azonnali \u00e9s rugalmasabb munkav\u00e1llal\u00e1s lehet\u0151s\u00e9g\u00e9t. Csal\u00e1dtagjaik sz\u00e1m\u00e1ra jogot biztos\u00edt, hogy az uni\u00f3s k\u00e9k k\u00e1rtya birtokos\u00e1hoz azonnal csatlakozhassanak.<br \/>\n    Elmond\u00e1sa szerint az \u00faj k\u00e9k k\u00e1rtya rendszer a becsl\u00e9sek szerint \u00e9ves szinten mintegy 1,4 -6,2 milli\u00e1rd eur\u00f3 (egy eur\u00f3 mintegy 310 forint) m\u00e9rt\u00e9k\u0171 kedvez\u0151 gazdas\u00e1gi hat\u00e1ssal j\u00e1r majd az EU-t az eddigin\u00e9l nagyobb sz\u00e1mban v\u00e1laszt\u00f3, magas szint\u0171 k\u00e9pzetts\u00e9ggel rendelkez\u0151 munkav\u00e1llal\u00f3k alkalmaz\u00e1s\u00e1nak k\u00f6sz\u00f6nhet\u0151en.<br \/>\n    Kiemelte: tov\u00e1bbra is tag\u00e1llami hat\u00e1sk\u00f6rbe tartozik majd annak meghat\u00e1roz\u00e1sa, hogy h\u00e1ny harmadik orsz\u00e1gbeli \u00e1llampolg\u00e1r l\u00e9phet be az orsz\u00e1gok ter\u00fclet\u00e9re munkav\u00e1llal\u00e1si c\u00e9llal.<br \/>\n    &#8222;Ha hossz\u00fa t\u00e1v\u00fa megold\u00e1st akarunk tal\u00e1lni a migr\u00e1ci\u00f3 kezel\u00e9s\u00e9re, m\u00e1r most el kell kezden\u00fcnk az erre ir\u00e1nyul\u00f3 befektet\u00e9seket, amelyek mindannyiunk \u00e9rdekeit szolg\u00e1lj\u00e1k. A harmadik orsz\u00e1gbeli \u00e1llampolg\u00e1rok korai \u00e9s eredm\u00e9nyes beilleszked\u00e9se kulcsfontoss\u00e1g\u00fa ahhoz, hogy a migr\u00e1ci\u00f3 el\u0151ny\u00f6s legyen a gazdas\u00e1g \u00e9s a t\u00e1rsadalmi \u00f6sszetart\u00e1s szempontj\u00e1b\u00f3l.<br \/>\n    Az uni\u00f3s k\u00e9k k\u00e1rtya rendszer\u00e9nek fel\u00fclvizsg\u00e1lat\u00e1val a magas szint\u0171 k\u00e9pzetts\u00e9ggel rendelkez\u0151 harmadik orsz\u00e1gbeli \u00e1llampolg\u00e1rok sz\u00e1m\u00e1ra k\u00f6nnyebb \u00e9s vonz\u00f3bb lehet\u0151s\u00e9gg\u00e9 v\u00e1lik az uni\u00f3ban val\u00f3 munkav\u00e1llal\u00e1s, ami serkenti majd az eur\u00f3pai gazdas\u00e1gi n\u00f6veked\u00e9st &#8211; mondta a biztos.<br \/>\n    G\u00e1l Kinga, a Fidesz-KDNP eur\u00f3pai parlamenti k\u00e9pvisel\u0151je sajt\u00f3k\u00f6zlem\u00e9ny\u00e9ben az integr\u00e1ci\u00f3 k\u00e9rd\u00e9se kapcs\u00e1n elmondta: &#8222;Az uni\u00f3ban letelepedett migr\u00e1nsok integr\u00e1ci\u00f3ja eddig nem mondhat\u00f3 t\u00fal sikeresnek&#8221;. V\u00e9lem\u00e9nye szerint ezen a t\u00e9ren m\u00e1r most \u00fajabb, \u00f6sszetett probl\u00e9m\u00e1k jelentkeznek.<br \/>\n    &#8222;Ez\u00e9rt ki kell mondanunk, hogy Eur\u00f3pa befogad\u00f3k\u00e9pess\u00e9ge v\u00e9ges, hogy ragaszkodunk eur\u00f3pai hagyom\u00e1nyos \u00e9rt\u00e9keinkhez, \u00e9s elv\u00e1rjuk, hogy akik Eur\u00f3p\u00e1ban szeretn\u00e9nek \u00e9lni, tisztelj\u00e9k ezeket&#8221; &#8211; jelentette ki a k\u00e9pvisel\u0151.<br \/>\n    Niederm\u00fcller P\u00e9ter, a Demokratikus Koal\u00edci\u00f3 EP-k\u00e9pvisel\u0151je az MTI-hez eljuttatott hozz\u00e1sz\u00f3l\u00e1s\u00e1ban elmondta: alapvet\u0151 fontoss\u00e1g\u00fa, hogy az integr\u00e1lt eur\u00f3pai hat\u00e1rv\u00e9delem, az eur\u00f3pai menek\u00fclt\u00fcgyi hivatal \u00e1talak\u00edt\u00e1sa, a dublini egyezm\u00e9ny megreform\u00e1l\u00e1sa ut\u00e1n megkezd\u0151dj\u00f6n az eur\u00f3pai integr\u00e1ci\u00f3s strat\u00e9gia kialak\u00edt\u00e1sa.<br \/>\n    \u00dagy fogalmazott: &#8222;ha ezt nem tudjuk l\u00e9trehozni, ha nem tudunk \u00e9rtelmes j\u00f6v\u0151t, es\u00e9lyt \u00e9s rem\u00e9nyt k\u00edn\u00e1lni az ide \u00e9rkez\u0151 menek\u00fclteknek, akkor az eg\u00e9sz eur\u00f3pai menek\u00fclt\u00fcgyi politik\u00e1nak nincs \u00e9rtelme.&#8221;<br \/>\n    A befogad\u00f3 t\u00e1rsadalmat, a t\u00e1rsadalmi koh\u00e9zi\u00f3t er\u0151s\u00edt\u0151 strat\u00e9gi\u00e1kra van sz\u00fcks\u00e9g az oktat\u00e1s, a k\u00e9pz\u00e9s, a szoci\u00e1lis gondoskod\u00e1s ter\u00fclet\u00e9n &#8211; v\u00e9lekedett.(MTI)<\/p>\n","protected":false},"excerpt":{"rendered":"<p>Az eur\u00f3pai k\u00e9k k\u00e1rtya rendszer reformj\u00e1val \u00e9s a hat\u00e9konyabb integr\u00e1ci\u00f3 el\u0151seg\u00edt\u00e9s\u00e9vel a leg\u00e1lis migr\u00e1ci\u00f3 lehet\u0151s\u00e9g\u00e9t teremten\u00e9 meg az Eur\u00f3pai Uni\u00f3 &#8211; jelentette be Dimitrisz Avramopulosz migr\u00e1ci\u00f3s \u00fcgyek\u00e9rt felel\u0151s uni\u00f3s biztos keddi strasbourgi sajt\u00f3t\u00e1j\u00e9koztat\u00f3j\u00e1n.<\/p>\n","protected":false},"author":1,"featured_media":0,"comment_status":"open","ping_status":"closed","sticky":false,"template":"","format":"standard","meta":[],"categories":[12],"tags":[],"_links":{"self":[{"href":"https:\/\/gazdasagportal.hu\/index.php\/wp-json\/wp\/v2\/posts\/80581"}],"collection":[{"href":"https:\/\/gazdasagportal.hu\/index.php\/wp-json\/wp\/v2\/posts"}],"about":[{"href":"https:\/\/gazdasagportal.hu\/index.php\/wp-json\/wp\/v2\/types\/post"}],"author":[{"embeddable":true,"href":"https:\/\/gazdasagportal.hu\/index.php\/wp-json\/wp\/v2\/users\/1"}],"replies":[{"embeddable":true,"href":"https:\/\/gazdasagportal.hu\/index.php\/wp-json\/wp\/v2\/comments?post=80581"}],"version-history":[{"count":1,"href":"https:\/\/gazdasagportal.hu\/index.php\/wp-json\/wp\/v2\/posts\/80581\/revisions"}],"predecessor-version":[{"id":80582,"href":"https:\/\/gazdasagportal.hu\/index.php\/wp-json\/wp\/v2\/posts\/80581\/revisions\/80582"}],"wp:attachment":[{"href":"https:\/\/gazdasagportal.hu\/index.php\/wp-json\/wp\/v2\/media?parent=80581"}],"wp:term":[{"taxonomy":"category","embeddable":true,"href":"https:\/\/gazdasagportal.hu\/index.php\/wp-json\/wp\/v2\/categories?post=80581"},{"taxonomy":"post_tag","embeddable":true,"href":"https:\/\/gazdasagportal.hu\/index.php\/wp-json\/wp\/v2\/tags?post=80581"}],"curies":[{"name":"wp","href":"https:\/\/api.w.org\/{rel}","templated":true}]}}