{"id":80579,"date":"2016-06-07T21:59:20","date_gmt":"2016-06-07T19:59:20","guid":{"rendered":"http:\/\/gazdasagportal.hu\/?p=80579"},"modified":"2016-06-07T21:37:51","modified_gmt":"2016-06-07T19:37:51","slug":"kormanyrendelet-a-nemzeti-otthonteremtesi-kozossegekrol","status":"publish","type":"post","link":"https:\/\/gazdasagportal.hu\/index.php\/kormanyrendelet-a-nemzeti-otthonteremtesi-kozossegekrol\/","title":{"rendered":"Korm\u00e1nyrendelet a nemzeti otthonteremt\u00e9si k\u00f6z\u00f6ss\u00e9gekr\u0151l"},"content":{"rendered":"<p><strong>Megjelent a korm\u00e1nyrendelet a nemzeti otthonteremt\u00e9si k\u00f6z\u00f6ss\u00e9gekr\u0151l (nok) sz\u00f3l\u00f3 t\u00f6rv\u00e9ny v\u00e9grehajt\u00e1s\u00e1nak szab\u00e1lyair\u00f3l.<\/strong><!--more--><\/p>\n<div class=\"ads-in-post1\"><div id=\"gazdasagportal.hu_fullbanner_wideboard\"><\/div>\r\n<\/div>\n<p>    A korm\u00e1ny a nemzeti otthonteremt\u00e9si k\u00f6z\u00f6ss\u00e9gekr\u0151l sz\u00f3l\u00f3 t\u00f6rv\u00e9nynek a Magyar K\u00f6zl\u00f6nyben k\u00f6zz\u00e9tett v\u00e9grehajt\u00e1si rendelet\u00e9ben egyebek mellett r\u00f6gz\u00edti, hogy a Magyar Nemzeti Bank enged\u00e9lye sz\u00fcks\u00e9ges a nok szervez\u0151jek\u00e9nt t\u00f6rt\u00e9n\u0151 elismer\u00e9shez; a m\u00e1r m\u0171k\u00f6d\u0151 szervez\u0151 megb\u00edzhat\u00f3 szervez\u0151k\u00e9nt val\u00f3 elismer\u00e9s\u00e9hez; a szervez\u0151 igazgat\u00f3s\u00e1gi tagjai \u00e9s fel\u00fcgyel\u0151bizotts\u00e1gi tagjai megv\u00e1laszt\u00e1s\u00e1hoz, kinevez\u00e9s\u00e9hez; a k\u00f6z\u00f6ss\u00e9g m\u0171k\u00f6d\u00e9si rendj\u00e9re vonatkoz\u00f3 szab\u00e1lyzat, tov\u00e1bb\u00e1 annak m\u00f3dos\u00edt\u00e1sa j\u00f3v\u00e1hagy\u00e1s\u00e1hoz; illetve a k\u00f6z\u00f6ss\u00e9g toborz\u00e1s\u00e1ra ir\u00e1nyul\u00f3 nyilv\u00e1nos felh\u00edv\u00e1s \u00e1ltal\u00e1nos tartalm\u00e1nak j\u00f3v\u00e1hagy\u00e1s\u00e1hoz.<br \/>\n    A korm\u00e1nyrendelet szerint ahhoz, hogy a nok szervez\u0151jek\u00e9nt elismerjenek valakit, a k\u00e9relemhez a k\u00e9relmez\u0151nek mell\u00e9kelnie kell l\u00e9tes\u00edt\u0151 okirat\u00e1t, igazol\u00e1st arr\u00f3l, hogy rendelkezik a sz\u00fcks\u00e9ges szem\u00e9lyi \u00e9s t\u00e1rgyi felt\u00e9telekkel, nyilatkozatot a t\u00f6rv\u00e9ny \u00e1ltal el\u0151\u00edrt p\u00e9nz\u00fcgyi, illetve gazdas\u00e1gi szakir\u00e1ny\u00fa szakk\u00e9pzetts\u00e9ggel rendelkez\u0151 szem\u00e9ly foglalkoztat\u00e1s\u00e1r\u00f3l, tov\u00e1bb\u00e1 a szervez\u0151 igazgat\u00f3s\u00e1ga legal\u00e1bb egy tagj\u00e1val szemben a t\u00f6rv\u00e9ny \u00e1ltal t\u00e1masztott szakmai k\u00f6vetelm\u00e9nyek fenn\u00e1ll\u00e1s\u00e1r\u00f3l. Csatolni kell emellett nyilatkozatot arr\u00f3l, hogy a szervez\u0151 ir\u00e1ny\u00edt\u00e1sa a Magyarorsz\u00e1gon l\u00e9tes\u00edtend\u0151 f\u0151irod\u00e1ban t\u00f6rt\u00e9nik, \u00e9s egy nyilatkozatot arra vonatkoz\u00f3an is, hogy tev\u00e9kenys\u00e9g\u00e9t mikor k\u00edv\u00e1nja megkezdeni. Be kell ny\u00fajtania a k\u00f6z\u00e9pt\u00e1v\u00fa \u00fczleti terv\u00e9t; egy\u00fattal a p\u00e9nzmos\u00e1s \u00e9s a terrorizmus finansz\u00edroz\u00e1sa megel\u0151z\u00e9s\u00e9r\u0151l \u00e9s megakad\u00e1lyoz\u00e1s\u00e1r\u00f3l sz\u00f3l\u00f3 szab\u00e1lyzat\u00e1t, valamint a szervezeti \u00e9s m\u0171k\u00f6d\u00e9si szab\u00e1lyzat\u00e1t.<br \/>\n    Rog\u00e1n Antal Minisztereln\u00f6ki Kabinetirod\u00e1t vezet\u0151 miniszter janu\u00e1rban besz\u00e9lt arr\u00f3l, hogy nemzeti otthonteremt\u00e9si k\u00f6z\u00f6ss\u00e9gek l\u00e9trehoz\u00e1s\u00e1t javasolja a korm\u00e1ny &#8211; az angol building society mint\u00e1j\u00e1ra -, hogy versenyt\u00e1rsat t\u00e1masszanak a lak\u00e1stakar\u00e9koknak.<br \/>\n    A miniszter akkori magyar\u00e1zata szerint a kabinet az\u00e9rt v\u00e1gott bele a nagyszab\u00e1s\u00fa otthonteremt\u00e9si programba, mert azt az elm\u00falt \u00e9vek stabil gazdas\u00e1gi n\u00f6veked\u00e9se \u00e9s az alacsony k\u00f6lts\u00e9gvet\u00e9si hi\u00e1ny megengedi, tov\u00e1bb\u00e1 kiemelt c\u00e9lnak tartja az \u00faj lak\u00e1sok \u00e9s h\u00e1zak \u00e9p\u00edt\u00e9s\u00e9t.<br \/>\n(MTI)<\/p>\n","protected":false},"excerpt":{"rendered":"<p>Megjelent a korm\u00e1nyrendelet a nemzeti otthonteremt\u00e9si k\u00f6z\u00f6ss\u00e9gekr\u0151l (nok) sz\u00f3l\u00f3 t\u00f6rv\u00e9ny v\u00e9grehajt\u00e1s\u00e1nak szab\u00e1lyair\u00f3l.<\/p>\n","protected":false},"author":1,"featured_media":0,"comment_status":"open","ping_status":"closed","sticky":false,"template":"","format":"standard","meta":[],"categories":[19],"tags":[],"_links":{"self":[{"href":"https:\/\/gazdasagportal.hu\/index.php\/wp-json\/wp\/v2\/posts\/80579"}],"collection":[{"href":"https:\/\/gazdasagportal.hu\/index.php\/wp-json\/wp\/v2\/posts"}],"about":[{"href":"https:\/\/gazdasagportal.hu\/index.php\/wp-json\/wp\/v2\/types\/post"}],"author":[{"embeddable":true,"href":"https:\/\/gazdasagportal.hu\/index.php\/wp-json\/wp\/v2\/users\/1"}],"replies":[{"embeddable":true,"href":"https:\/\/gazdasagportal.hu\/index.php\/wp-json\/wp\/v2\/comments?post=80579"}],"version-history":[{"count":1,"href":"https:\/\/gazdasagportal.hu\/index.php\/wp-json\/wp\/v2\/posts\/80579\/revisions"}],"predecessor-version":[{"id":80580,"href":"https:\/\/gazdasagportal.hu\/index.php\/wp-json\/wp\/v2\/posts\/80579\/revisions\/80580"}],"wp:attachment":[{"href":"https:\/\/gazdasagportal.hu\/index.php\/wp-json\/wp\/v2\/media?parent=80579"}],"wp:term":[{"taxonomy":"category","embeddable":true,"href":"https:\/\/gazdasagportal.hu\/index.php\/wp-json\/wp\/v2\/categories?post=80579"},{"taxonomy":"post_tag","embeddable":true,"href":"https:\/\/gazdasagportal.hu\/index.php\/wp-json\/wp\/v2\/tags?post=80579"}],"curies":[{"name":"wp","href":"https:\/\/api.w.org\/{rel}","templated":true}]}}