{"id":80574,"date":"2016-06-07T19:37:50","date_gmt":"2016-06-07T17:37:50","guid":{"rendered":"http:\/\/gazdasagportal.hu\/?p=80574"},"modified":"2016-06-07T19:37:50","modified_gmt":"2016-06-07T17:37:50","slug":"tuzszereszek-hatastalanitottak-egy-boritekba-rejtett-robbanoszerkezetet-kedden","status":"publish","type":"post","link":"https:\/\/gazdasagportal.hu\/index.php\/tuzszereszek-hatastalanitottak-egy-boritekba-rejtett-robbanoszerkezetet-kedden\/","title":{"rendered":"T\u0171zszer\u00e9szek hat\u00e1stalan\u00edtottak egy bor\u00edt\u00e9kba rejtett robban\u00f3szerkezetet kedden"},"content":{"rendered":"<p><strong>T\u0171zszer\u00e9szek hat\u00e1stalan\u00edtottak egy bor\u00edt\u00e9kba rejtett robban\u00f3szerkezetet kedden, amely az Eur\u00f3pai \u00c9lelmiszerbiztons\u00e1gi Hat\u00f3s\u00e1gnak (Efsa) az olaszorsz\u00e1gi Parma v\u00e1ros\u00e1ban m\u0171k\u00f6d\u0151 sz\u00e9khely\u00e9re \u00e9rkezett, az olasz hat\u00f3s\u00e1gok szerint a h\u00e1tt\u00e9rben anarchista vagy \u00f6koterrorista csoportok \u00e1llnak.<\/strong><!--more--><\/p>\n<div class=\"ads-in-post1\"><div id=\"gazdasagportal.hu_fullbanner_wideboard\"><\/div>\r\n<\/div>\n<p>    A gyan\u00fas bor\u00edt\u00e9kra a 2002 \u00f3ta Parm\u00e1ban m\u0171k\u00f6d\u0151 Efsa postahivatal\u00e1ban lettek figyelmesek, mivel egy olyan dolgoz\u00f3 nev\u00e9re c\u00edmezt\u00e9k, aki m\u00e1r r\u00e9g\u00f3ta nem az Eur\u00f3pai \u00c9lelmiszerbiztons\u00e1gi Hat\u00f3s\u00e1gn\u00e1l dolgozik.<br \/>\n    Az olasz hat\u00f3s\u00e1gok k\u00f6zl\u00e9se szerint a bor\u00edt\u00e9kban robban\u00f3szer volt \u00e9s &#8222;jelent\u0151s k\u00e1rt&#8221; okozhatott volna. Az Efsa sz\u00e9kh\u00e1z\u00e1t ki\u00fcr\u00edtett\u00e9k. A bor\u00edt\u00e9kot t\u0171zszer\u00e9szek hat\u00e1stalan\u00edtott\u00e1k az Efsa \u00e9p\u00fclete el\u0151tti t\u00e9ren.<br \/>\n    A hat\u00f3s\u00e1gok felt\u00e9telez\u00e9se szerint a lev\u00e9lbomba m\u00f6g\u00f6tt anarchista-forradalmi csoportok vagy \u00f6koterrorist\u00e1k \u00e1llhatnak. Az Efsa az ut\u00f3bbi id\u0151szakban t\u00f6bb fenyeget\u00e9st is kapott a g\u00e9nkezelt \u00e9lelmiszerek miatt. Az olasz hat\u00f3s\u00e1gok azt sem z\u00e1rj\u00e1k ki, hogy a lev\u00e9lbomba az Eur\u00f3pai Bizotts\u00e1gnak sz\u00f3l\u00f3 figyelmeztet\u00e9s volt, amely j\u00fanius v\u00e9g\u00e9n d\u00f6nt a glifoz\u00e1t nev\u0171 gyomirt\u00f3 sors\u00e1r\u00f3l. Az Eur\u00f3pai Bizotts\u00e1g kor\u00e1bban a vegyszer 2031-ig tart\u00f3 \u00fajraenged\u00e9lyez\u00e9s\u00e9t javasolta. Ezt t\u00f6bbek k\u00f6z\u00f6tt Olaszorsz\u00e1g \u00e9s Franciaorsz\u00e1g ellenzi, az olcs\u00f3 gyomirt\u00f3t ugyanis r\u00e1kkelt\u0151nek tartj\u00e1k.<br \/>\n    A k\u00e9tezres \u00e9vek v\u00e9g\u00e9t\u0151l Olaszorsz\u00e1gban egym\u00e1st k\u00f6vetik a lev\u00e9lbomba-mer\u00e9nyletek: az ut\u00f3bbi \u00e9vekben k\u00fclf\u00f6ldi diplom\u00e1ciai k\u00e9pviseletekre, az olasz ad\u00f3hivatalba, miniszt\u00e9riumokba \u00e9s \u00fajs\u00e1gok szerkeszt\u0151s\u00e9geibe is \u00e9rkezett lev\u00e9lbomba. Az akci\u00f3k egy r\u00e9sz\u00e9t olasz anarchista csoportok v\u00e1llalt\u00e1k magukra.(MTI) <\/p>\n<p><meta http-equiv=\"refresh\" content=\"144\" \/>\t<\/p>\n","protected":false},"excerpt":{"rendered":"<p>T\u0171zszer\u00e9szek hat\u00e1stalan\u00edtottak egy bor\u00edt\u00e9kba rejtett robban\u00f3szerkezetet kedden, amely az Eur\u00f3pai \u00c9lelmiszerbiztons\u00e1gi Hat\u00f3s\u00e1gnak (Efsa) az olaszorsz\u00e1gi Parma v\u00e1ros\u00e1ban m\u0171k\u00f6d\u0151 sz\u00e9khely\u00e9re \u00e9rkezett, az olasz hat\u00f3s\u00e1gok szerint a h\u00e1tt\u00e9rben anarchista vagy \u00f6koterrorista csoportok \u00e1llnak.<\/p>\n","protected":false},"author":1,"featured_media":0,"comment_status":"open","ping_status":"closed","sticky":false,"template":"","format":"standard","meta":[],"categories":[12],"tags":[],"_links":{"self":[{"href":"https:\/\/gazdasagportal.hu\/index.php\/wp-json\/wp\/v2\/posts\/80574"}],"collection":[{"href":"https:\/\/gazdasagportal.hu\/index.php\/wp-json\/wp\/v2\/posts"}],"about":[{"href":"https:\/\/gazdasagportal.hu\/index.php\/wp-json\/wp\/v2\/types\/post"}],"author":[{"embeddable":true,"href":"https:\/\/gazdasagportal.hu\/index.php\/wp-json\/wp\/v2\/users\/1"}],"replies":[{"embeddable":true,"href":"https:\/\/gazdasagportal.hu\/index.php\/wp-json\/wp\/v2\/comments?post=80574"}],"version-history":[{"count":1,"href":"https:\/\/gazdasagportal.hu\/index.php\/wp-json\/wp\/v2\/posts\/80574\/revisions"}],"predecessor-version":[{"id":80576,"href":"https:\/\/gazdasagportal.hu\/index.php\/wp-json\/wp\/v2\/posts\/80574\/revisions\/80576"}],"wp:attachment":[{"href":"https:\/\/gazdasagportal.hu\/index.php\/wp-json\/wp\/v2\/media?parent=80574"}],"wp:term":[{"taxonomy":"category","embeddable":true,"href":"https:\/\/gazdasagportal.hu\/index.php\/wp-json\/wp\/v2\/categories?post=80574"},{"taxonomy":"post_tag","embeddable":true,"href":"https:\/\/gazdasagportal.hu\/index.php\/wp-json\/wp\/v2\/tags?post=80574"}],"curies":[{"name":"wp","href":"https:\/\/api.w.org\/{rel}","templated":true}]}}