{"id":80570,"date":"2016-06-07T19:04:51","date_gmt":"2016-06-07T17:04:51","guid":{"rendered":"http:\/\/gazdasagportal.hu\/?p=80570"},"modified":"2016-06-07T17:43:06","modified_gmt":"2016-06-07T15:43:06","slug":"jelentos-karteritest-itelt-meg-a-francia-birosag-a-societe-generale-elbocsatott-csalo-brokerenek","status":"publish","type":"post","link":"https:\/\/gazdasagportal.hu\/index.php\/jelentos-karteritest-itelt-meg-a-francia-birosag-a-societe-generale-elbocsatott-csalo-brokerenek\/","title":{"rendered":"Jelent\u0151s k\u00e1rt\u00e9r\u00edt\u00e9st \u00edt\u00e9lt meg a francia b\u00edr\u00f3s\u00e1g a Soci\u00e9t\u00e9 G\u00e9n\u00e9rale elbocs\u00e1tott csal\u00f3 br\u00f3ker\u00e9nek"},"content":{"rendered":"<p><strong>A francia munka\u00fcgyi b\u00edr\u00f3s\u00e1g 455 ezer eur\u00f3s k\u00e1rt\u00e9r\u00edt\u00e9s megfizet\u00e9s\u00e9re \u00edt\u00e9lte kedden a Soci\u00e9t\u00e9 G\u00e9n\u00e9rale bankot, ami\u00e9rt &#8222;val\u00f3s \u00e9s komoly ok&#8221; n\u00e9lk\u00fcl &#8222;s\u00e9rt\u0151 k\u00f6r\u00fclm\u00e9nyek&#8221; k\u00f6z\u00f6tt elbocs\u00e1totta azt a volt br\u00f3kert, akit a p\u00e9nzint\u00e9zet 2008-as 4,9 milli\u00e1rd eur\u00f3s (1500 milli\u00e1rd  forintos) rekordvesztes\u00e9g\u00e9\u00e9rt felel\u0151snek tart.<\/strong><!--more--><\/p>\n<div class=\"ads-in-post1\"><div id=\"gazdasagportal.hu_fullbanner_wideboard\"><\/div>\r\n<\/div>\n<p>     Arnaud Chaulet, a bank \u00fcgyv\u00e9dje &#8222;botr\u00e1nyosnak&#8221; nevezte a d\u00f6nt\u00e9st. Eml\u00e9keztetett arra, hogy J\u00e9rome Kerviel maga is elismerte a felel\u0151ss\u00e9g\u00e9t a vesztes\u00e9gben, ami\u00e9rt 2014-ben a semm\u00edt\u0151sz\u00e9k h\u00e1rom \u00e9v let\u00f6ltend\u0151 \u00e9s tov\u00e1bbi k\u00e9t \u00e9v felf\u00fcggesztett b\u00f6rt\u00f6nb\u00fcntet\u00e9sre \u00edt\u00e9lte. Sz\u00e1z\u00f6tven napi szabads\u00e1gvesz\u00e9st k\u00f6vet\u0151en a volt alkuszt rend\u0151ri fel\u00fcgyelet mellett helyezt\u00e9k szabadl\u00e1bra. A 39 \u00e9ves volt br\u00f3ker az\u00f3ta per\u00fajrafelv\u00e9telt k\u00e9rt \u00e9s egyel\u0151re m\u00e9g v\u00e1r az igazs\u00e1gszolg\u00e1ltat\u00e1s v\u00e1lasz\u00e1ra.<br \/>\n    A bankn\u00e1l nyolc \u00e9vig dolgoz\u00f3 egykori alkusz 2005 v\u00e9g\u00e9t\u0151l fikt\u00edv \u00fcgyf\u00e9lsz\u00e1ml\u00e1kat kre\u00e1lva egym\u00e1sra \u00e9p\u00fcl\u0151 hossz\u00fa poz\u00edci\u00f3kat vett fel, azonnali v\u00e9teli \u00e9s hat\u00e1rid\u0151s elad\u00e1si \u00fcgyletek l\u00e1ncolat\u00e1t k\u00f6t\u00f6tte, arra j\u00e1tszva, hogy a piaci \u00e1rak majd emelkedni fognak &#8211; \u00e1m a nemzetk\u00f6zi t\u0151zsdemutat\u00f3k 2008 janu\u00e1rj\u00e1ban meredeken zuhantak. A bank azt \u00e1ll\u00edtja: csak 2008 janu\u00e1rban \u00e9szlelte, hogy Kerviel k\u00f6r\u00fclbel\u00fcl 50 milli\u00e1rd eur\u00f3 (15,5 ezer milli\u00e1rd forintos) \u00e9rt\u00e9kben \u00e9p\u00edtett fel csal\u00e1rd poz\u00edci\u00f3kat, ezeket a Soci\u00e9t\u00e9 G\u00e9n\u00e9rale-nak siker\u00fclt lez\u00e1rnia, vagyis a sok milli\u00f3 kontraktust eladt\u00e1k, \u00e9s v\u00e9g\u00fcl 4,9 milli\u00e1rd eur\u00f3nyi (1500 milli\u00e1rd forintnyi) vesztes\u00e9g maradt.<br \/>\n    A volt br\u00f3ker mindig is azt \u00e1ll\u00edtotta, hogy a p\u00e9nzint\u00e9zet pontosan tudta, mit csin\u00e1l az alkalmazottja. A munka\u00fcgyi b\u00edr\u00f3s\u00e1g a szigor\u00fa \u00edt\u00e9letet \u00e9ppen arra alapozta, hogy a bank j\u00f3val azel\u0151tt tudott Kerviel csal\u00e1rd poz\u00edci\u00f3ir\u00f3l, hogy azok vesztes\u00e9get okoztak, \u00e9s emiatt 2008. janu\u00e1r 18-\u00e1n elbocs\u00e1totta a br\u00f3kert. J\u00f3llehet Kerviel 2005-ben sz\u00f3beli figyelmeztet\u00e9st kapott, de a t\u00f6rv\u00e9nyek szerint a probl\u00e9ma \u00e9szlel\u00e9s\u00e9t k\u00f6vet\u0151 k\u00e9t h\u00f3napban \u00edr\u00e1sban kellett volna fegyelmit kapnia ahhoz, hogy k\u00e9s\u0151bb jogszer\u0171 legyen az elbocs\u00e1t\u00e1sa.<br \/>\n     A b\u00edr\u00f3s\u00e1g arra is felh\u00edvta a figyelmet, hogy a volt alkusz 2007-es teljes\u00edtm\u00e9nye ut\u00e1n 300 ezer eur\u00f3s b\u00f3nuszt kapott. Ekkoriban a Soci\u00e9t\u00e9 G\u00e9n\u00e9rale &#8222;t\u00f6k\u00e9letesen tiszt\u00e1ban volt a fikt\u00edv m\u0171veletekkel&#8221;, amelyeket Kerviel kezdem\u00e9nyezett, s amelyek profitot termeltek a banknak &#8211; \u00e1ll a b\u00edr\u00f3s\u00e1gi indokl\u00e1sban.<br \/>\n    A k\u00fcl\u00f6nb\u00f6z\u0151 b\u00fcntet\u00e9sekkel, \u00edgy az elbocs\u00e1t\u00e1s s\u00e9rt\u0151 k\u00f6r\u00fclm\u00e9nyei miatt kiszabott k\u00e1rt\u00e9r\u00edt\u00e9ssel, valamint a ki nem fizetett szabads\u00e1gokkal egy\u00fctt 455 ezer eur\u00f3 k\u00e1rt\u00e9r\u00edt\u00e9s j\u00e1r Kervielnek, amelyb\u0151l \u00fcgyv\u00e9dje, Julien Dami Lecoz szerint t\u00f6bb mint 80 ezer eur\u00f3t azonnal \u00e1t kell utalnia a banknak.<br \/>\n    Az \u00fcgyv\u00e9d elmondta: telefonon k\u00f6z\u00f6lte \u00fcgyfel\u00e9vel a h\u00edrt, aki &#8222;nagyon boldog&#8221;.<br \/>\n    Az elm\u00falt nyolc \u00e9vben Kervielnek ez az els\u0151 jogi gy\u0151zelme volt munk\u00e1ltat\u00f3j\u00e1val szemben.<br \/>\n    Miut\u00e1n 2014-ben a legmagasabb b\u00fcntet\u0151jogi int\u00e9zm\u00e9ny meger\u0151s\u00edtette a p\u00e1rizsi fellebbviteli b\u00edr\u00f3s\u00e1g k\u00e9t \u00e9vvel ezel\u0151tti d\u00f6nt\u00e9s\u00e9t, azt is kimondta: J\u00e9rome Kervielnek egyel\u0151re nem kell visszafizetnie a p\u00e9nzint\u00e9zetnek a 4,9 milli\u00e1rd eur\u00f3s vesztes\u00e9get. A Soci\u00e9t\u00e9 G\u00e9n\u00e9rale ezen k\u00f6vetel\u00e9s\u00e9t a versailles-i fellebbviteli b\u00edr\u00f3s\u00e1gnak \u00fajra kell t\u00e1rgyalnia. A per j\u00f6v\u0151 h\u00e9ten kezd\u0151dik.(MTI)<\/p>\n","protected":false},"excerpt":{"rendered":"<p>A francia munka\u00fcgyi b\u00edr\u00f3s\u00e1g 455 ezer eur\u00f3s k\u00e1rt\u00e9r\u00edt\u00e9s megfizet\u00e9s\u00e9re \u00edt\u00e9lte kedden a Soci\u00e9t\u00e9 G\u00e9n\u00e9rale bankot, ami\u00e9rt &#8222;val\u00f3s \u00e9s komoly ok&#8221; n\u00e9lk\u00fcl &#8222;s\u00e9rt\u0151 k\u00f6r\u00fclm\u00e9nyek&#8221; k\u00f6z\u00f6tt elbocs\u00e1totta azt a volt br\u00f3kert, akit a p\u00e9nzint\u00e9zet 2008-as 4,9 milli\u00e1rd eur\u00f3s (1500 milli\u00e1rd forintos) rekordvesztes\u00e9g\u00e9\u00e9rt felel\u0151snek tart.<\/p>\n","protected":false},"author":1,"featured_media":0,"comment_status":"open","ping_status":"closed","sticky":false,"template":"","format":"standard","meta":[],"categories":[8,246],"tags":[],"_links":{"self":[{"href":"https:\/\/gazdasagportal.hu\/index.php\/wp-json\/wp\/v2\/posts\/80570"}],"collection":[{"href":"https:\/\/gazdasagportal.hu\/index.php\/wp-json\/wp\/v2\/posts"}],"about":[{"href":"https:\/\/gazdasagportal.hu\/index.php\/wp-json\/wp\/v2\/types\/post"}],"author":[{"embeddable":true,"href":"https:\/\/gazdasagportal.hu\/index.php\/wp-json\/wp\/v2\/users\/1"}],"replies":[{"embeddable":true,"href":"https:\/\/gazdasagportal.hu\/index.php\/wp-json\/wp\/v2\/comments?post=80570"}],"version-history":[{"count":1,"href":"https:\/\/gazdasagportal.hu\/index.php\/wp-json\/wp\/v2\/posts\/80570\/revisions"}],"predecessor-version":[{"id":80571,"href":"https:\/\/gazdasagportal.hu\/index.php\/wp-json\/wp\/v2\/posts\/80570\/revisions\/80571"}],"wp:attachment":[{"href":"https:\/\/gazdasagportal.hu\/index.php\/wp-json\/wp\/v2\/media?parent=80570"}],"wp:term":[{"taxonomy":"category","embeddable":true,"href":"https:\/\/gazdasagportal.hu\/index.php\/wp-json\/wp\/v2\/categories?post=80570"},{"taxonomy":"post_tag","embeddable":true,"href":"https:\/\/gazdasagportal.hu\/index.php\/wp-json\/wp\/v2\/tags?post=80570"}],"curies":[{"name":"wp","href":"https:\/\/api.w.org\/{rel}","templated":true}]}}