{"id":80526,"date":"2016-06-07T10:18:20","date_gmt":"2016-06-07T08:18:20","guid":{"rendered":"http:\/\/gazdasagportal.hu\/?p=80526"},"modified":"2016-06-07T10:18:20","modified_gmt":"2016-06-07T08:18:20","slug":"yellen-sem-gyozte-meg-a-befektetoket-a-kamatemelesrol","status":"publish","type":"post","link":"https:\/\/gazdasagportal.hu\/index.php\/yellen-sem-gyozte-meg-a-befektetoket-a-kamatemelesrol\/","title":{"rendered":"Yellen sem gy\u0151zte meg a befektet\u0151ket a kamatemel\u00e9sr\u0151l"},"content":{"rendered":"<div class=\"ads-in-post1\"><div id=\"gazdasagportal.hu_fullbanner_wideboard\"><\/div>\r\n<\/div><strong>A p\u00e9nteki ki\u00e1br\u00e1nd\u00edt\u00f3 foglalkoztatotts\u00e1gi adatok ut\u00e1n tegnap Janet Yellen gondolatait hallhattuk a FED kamatstrat\u00e9gi\u00e1j\u00e1val kapcsolatban. Az eln\u00f6k asszony kommunik\u00e1ci\u00f3ja nagyon \u00f3vatos volt. &#8211; fejtette ki Kiss Tam\u00e1s, az Equilor Befektet\u00e9si Zrt. Private Banking referense.<\/strong><!--more--><\/p>\n<p><iframe loading=\"lazy\" width=\"509\" height=\"319\" src=\"http:\/\/gazdasagtv.hu\/iframe.php?id=10347\" style=\"border: none; overflow: hidden\" scrolling=\"no\"><\/iframe><br \/>Forr\u00e1s: <a href=\"http:\/\/gazdasagtv.hu\" style=\"color: #df1100; font-weight: bold; text-decoration: none;\" target=\"_blank\" rel=\"noopener\">Gazdas\u00e1gTV.hu<\/a><\/p>\n","protected":false},"excerpt":{"rendered":"<p>A p\u00e9nteki ki\u00e1br\u00e1nd\u00edt\u00f3 foglalkoztatotts\u00e1gi adatok ut\u00e1n tegnap Janet Yellen gondolatait hallhattuk a FED kamatstrat\u00e9gi\u00e1j\u00e1val kapcsolatban. Az eln\u00f6k asszony kommunik\u00e1ci\u00f3ja nagyon \u00f3vatos volt. &#8211; fejtette ki Kiss Tam\u00e1s, az Equilor Befektet\u00e9si Zrt. Private Banking referense.<\/p>\n","protected":false},"author":1,"featured_media":18344,"comment_status":"open","ping_status":"closed","sticky":false,"template":"","format":"standard","meta":[],"categories":[146,8,246],"tags":[],"_links":{"self":[{"href":"https:\/\/gazdasagportal.hu\/index.php\/wp-json\/wp\/v2\/posts\/80526"}],"collection":[{"href":"https:\/\/gazdasagportal.hu\/index.php\/wp-json\/wp\/v2\/posts"}],"about":[{"href":"https:\/\/gazdasagportal.hu\/index.php\/wp-json\/wp\/v2\/types\/post"}],"author":[{"embeddable":true,"href":"https:\/\/gazdasagportal.hu\/index.php\/wp-json\/wp\/v2\/users\/1"}],"replies":[{"embeddable":true,"href":"https:\/\/gazdasagportal.hu\/index.php\/wp-json\/wp\/v2\/comments?post=80526"}],"version-history":[{"count":1,"href":"https:\/\/gazdasagportal.hu\/index.php\/wp-json\/wp\/v2\/posts\/80526\/revisions"}],"predecessor-version":[{"id":80527,"href":"https:\/\/gazdasagportal.hu\/index.php\/wp-json\/wp\/v2\/posts\/80526\/revisions\/80527"}],"wp:featuredmedia":[{"embeddable":true,"href":"https:\/\/gazdasagportal.hu\/index.php\/wp-json\/wp\/v2\/media\/18344"}],"wp:attachment":[{"href":"https:\/\/gazdasagportal.hu\/index.php\/wp-json\/wp\/v2\/media?parent=80526"}],"wp:term":[{"taxonomy":"category","embeddable":true,"href":"https:\/\/gazdasagportal.hu\/index.php\/wp-json\/wp\/v2\/categories?post=80526"},{"taxonomy":"post_tag","embeddable":true,"href":"https:\/\/gazdasagportal.hu\/index.php\/wp-json\/wp\/v2\/tags?post=80526"}],"curies":[{"name":"wp","href":"https:\/\/api.w.org\/{rel}","templated":true}]}}