{"id":80510,"date":"2016-06-07T07:39:32","date_gmt":"2016-06-07T05:39:32","guid":{"rendered":"http:\/\/gazdasagportal.hu\/?p=80510"},"modified":"2016-06-07T07:30:25","modified_gmt":"2016-06-07T05:30:25","slug":"az-mvm-kulkepviseleti-irodat-nyitott-moszkvaban","status":"publish","type":"post","link":"https:\/\/gazdasagportal.hu\/index.php\/az-mvm-kulkepviseleti-irodat-nyitott-moszkvaban\/","title":{"rendered":"Az MVM k\u00fclk\u00e9pviseleti irod\u00e1t nyitott Moszkv\u00e1ban"},"content":{"rendered":"<p><strong>Az orosz korm\u00e1nyzati \u00e9s gazdas\u00e1gi szerepl\u0151kkel val\u00f3 szorosabb kapcsolattart\u00e1s, az egy\u00fcttm\u0171k\u00f6d\u00e9s er\u0151s\u00edt\u00e9se \u00e9s a k\u00f6z\u00f6s \u00fczleti lehet\u0151s\u00e9gek hat\u00e9konyabb kiakn\u00e1z\u00e1sa \u00e9rdek\u00e9ben az MVM Csoport k\u00fclk\u00e9pviseleti irod\u00e1t nyitott h\u00e9tf\u0151n Moszkv\u00e1ban.<\/strong><!--more--><\/p>\n<div class=\"ads-in-post1\"><div id=\"gazdasagportal.hu_fullbanner_wideboard\"><\/div>\r\n<\/div>\n<p>    &#8222;B\u00edzunk abban, hogy \u00f6sszhangban a keleti nyit\u00e1s politik\u00e1j\u00e1nak c\u00e9ljaival, a moszkvai k\u00fclk\u00e9pviseleti iroda nagym\u00e9rt\u00e9kben hozz\u00e1 fog j\u00e1rulni az orosz-magyar gazdas\u00e1gi \u00e9s energetikai kapcsolatok tov\u00e1bbi er\u0151s\u00f6d\u00e9s\u00e9hez&#8221; &#8211; mondta a megnyit\u00f3 \u00fcnneps\u00e9gen Csiba P\u00e9ter, az MVM Magyar Villamos M\u0171vek Zrt. eln\u00f6k-vez\u00e9rigazgat\u00f3ja.<br \/>\n         Az MVM Csoport k\u00f6zlem\u00e9nye szerint a moszkvai kirendelts\u00e9g megnyit\u00e1sa illeszkedik a v\u00e1llalatcsoport napokban bemutatott \u00faj, k\u00f6z\u00e9pt\u00e1v\u00fa strat\u00e9gi\u00e1j\u00e1ba, &#8222;amely kiemelt c\u00e9lk\u00e9nt kezeli az \u00faj piacokra val\u00f3 bel\u00e9p\u00e9st, a region\u00e1lis szerepv\u00e1llal\u00e1s \u00e9s a nemzetk\u00f6zi jelenl\u00e9t er\u0151s\u00edt\u00e9s\u00e9t&#8221;. Ezekkel a t\u00f6rekv\u00e9sekkel \u00f6sszhangban az MVM Csoport a k\u00f6vetkez\u0151 h\u00f3napban megnyitja br\u00fcsszeli \u00e9s pozsonyi k\u00fclk\u00e9pviseleti irod\u00e1j\u00e1t is &#8211; jelezt\u00e9k.<br \/>\n    A moszkvai k\u00fclk\u00e9pviseleti iroda, amelynek r\u00e9v\u00e9n lehet\u0151s\u00e9g ny\u00edlik az MVM Csoport le\u00e1nyv\u00e1llalatai \u00e9s az orosz partnerek k\u00f6z\u00f6tti k\u00f6zvetlen kapcsolattart\u00e1sra, a magyar nagyk\u00f6vets\u00e9g kultur\u00e1lis int\u00e9zet\u00e9nek \u00e9p\u00fclet\u00e9ben kapott helyet.<br \/>\n    Az iroda megnyit\u00f3j\u00e1n az orosz \u00e9s a magyar gazdas\u00e1gi \u00e9let szerepl\u0151it k\u00f6sz\u00f6nt\u00f6tte Balla J\u00e1nos, Magyarorsz\u00e1g moszkvai nagyk\u00f6vete, Csutora Zsolt, a K\u00fclgazdas\u00e1gi \u00e9s K\u00fcl\u00fcgyminiszt\u00e9rium keleti nyit\u00e1s\u00e9rt felel\u0151s helyettes \u00e1llamtitk\u00e1ra \u00e9s K\u00e1d\u00e1r Andrea Beatrix, a Nemzeti Fejleszt\u00e9si Miniszt\u00e9rium energia\u00fcgy\u00e9rt felel\u0151s helyettes \u00e1llamtitk\u00e1ra is.<br \/>\n       Az \u00fcnneps\u00e9gen az MVM Magyar Villamos M\u0171vek Zrt. \u00e9s t\u00f6bb le\u00e1nyv\u00e1llalat\u00e1nak fels\u0151vezet\u00e9se mellett jelen volt Viktor Zubkov, a Gazprom igazgat\u00f3tan\u00e1cs\u00e1nak eln\u00f6ke, megjelentek a Roszatom, \u00e9s az Inter RAO orosz energetikai \u00f3ri\u00e1sc\u00e9gek vezet\u0151i, valamint orosz korm\u00e1nyzati szerepl\u0151k, k\u00fclf\u00f6ldi diplomat\u00e1k \u00e9s az Oroszorsz\u00e1gban akt\u00edv magyar c\u00e9gek helyi k\u00e9pvisel\u0151i is.(MTI)<\/p>\n","protected":false},"excerpt":{"rendered":"<p>Az orosz korm\u00e1nyzati \u00e9s gazdas\u00e1gi szerepl\u0151kkel val\u00f3 szorosabb kapcsolattart\u00e1s, az egy\u00fcttm\u0171k\u00f6d\u00e9s er\u0151s\u00edt\u00e9se \u00e9s a k\u00f6z\u00f6s \u00fczleti lehet\u0151s\u00e9gek hat\u00e9konyabb kiakn\u00e1z\u00e1sa \u00e9rdek\u00e9ben az MVM Csoport k\u00fclk\u00e9pviseleti irod\u00e1t nyitott h\u00e9tf\u0151n Moszkv\u00e1ban.<\/p>\n","protected":false},"author":1,"featured_media":0,"comment_status":"open","ping_status":"closed","sticky":false,"template":"","format":"standard","meta":[],"categories":[19],"tags":[],"_links":{"self":[{"href":"https:\/\/gazdasagportal.hu\/index.php\/wp-json\/wp\/v2\/posts\/80510"}],"collection":[{"href":"https:\/\/gazdasagportal.hu\/index.php\/wp-json\/wp\/v2\/posts"}],"about":[{"href":"https:\/\/gazdasagportal.hu\/index.php\/wp-json\/wp\/v2\/types\/post"}],"author":[{"embeddable":true,"href":"https:\/\/gazdasagportal.hu\/index.php\/wp-json\/wp\/v2\/users\/1"}],"replies":[{"embeddable":true,"href":"https:\/\/gazdasagportal.hu\/index.php\/wp-json\/wp\/v2\/comments?post=80510"}],"version-history":[{"count":1,"href":"https:\/\/gazdasagportal.hu\/index.php\/wp-json\/wp\/v2\/posts\/80510\/revisions"}],"predecessor-version":[{"id":80511,"href":"https:\/\/gazdasagportal.hu\/index.php\/wp-json\/wp\/v2\/posts\/80510\/revisions\/80511"}],"wp:attachment":[{"href":"https:\/\/gazdasagportal.hu\/index.php\/wp-json\/wp\/v2\/media?parent=80510"}],"wp:term":[{"taxonomy":"category","embeddable":true,"href":"https:\/\/gazdasagportal.hu\/index.php\/wp-json\/wp\/v2\/categories?post=80510"},{"taxonomy":"post_tag","embeddable":true,"href":"https:\/\/gazdasagportal.hu\/index.php\/wp-json\/wp\/v2\/tags?post=80510"}],"curies":[{"name":"wp","href":"https:\/\/api.w.org\/{rel}","templated":true}]}}