{"id":80506,"date":"2016-06-07T07:01:44","date_gmt":"2016-06-07T05:01:44","guid":{"rendered":"http:\/\/gazdasagportal.hu\/?p=80506"},"modified":"2016-06-07T07:01:44","modified_gmt":"2016-06-07T05:01:44","slug":"egyre-borulatobbak-de-nem-remenyvesztettek-az-europai-vallalatok-kinaban","status":"publish","type":"post","link":"https:\/\/gazdasagportal.hu\/index.php\/egyre-borulatobbak-de-nem-remenyvesztettek-az-europai-vallalatok-kinaban\/","title":{"rendered":"Egyre bor\u00fal\u00e1t\u00f3bbak, de nem rem\u00e9nyvesztettek az eur\u00f3pai v\u00e1llalatok K\u00edn\u00e1ban"},"content":{"rendered":"<p><strong>Az eur\u00f3pai v\u00e1llalatok a kor\u00e1bbin\u00e1l bor\u00fal\u00e1t\u00f3bban \u00edt\u00e9lik meg lehet\u0151s\u00e9geiket a k\u00ednai piacon, \u00f6sszef\u00fcgg\u00e9sben a k\u00ednai gazdas\u00e1g n\u00f6veked\u00e9si \u00fctem\u00e9nek lelassul\u00e1s\u00e1val \u00e9s a reformok akadoz\u00f3 v\u00e9grehajt\u00e1s\u00e1val &#8211; \u00e1ll az Eur\u00f3pai Kereskedelmi Kamara K\u00edn\u00e1ban m\u0171k\u00f6d\u0151 tagv\u00e1llalatai k\u00f6z\u00f6tt v\u00e9gzett felm\u00e9r\u00e9sben, amelynek eredm\u00e9ny\u00e9t kedden ismertett\u00e9k Pekingben.<\/strong><!--more--><\/p>\n<div class=\"ads-in-post1\"><div id=\"gazdasagportal.hu_fullbanner_wideboard\"><\/div>\r\n<\/div>\n<p>    Ennek ellen\u00e9re egy\u00e9rtelm\u0171 t\u00f6bbs\u00e9g\u00fck n\u00f6veln\u00e9 befektet\u00e9seit, amennyiben nagyobb piaci r\u00e9szesed\u00e9shez jutna &#8211; k\u00f6z\u00f6lte J\u00f6rg Wuttke, a kamara eln\u00f6ke. Mint mondta, az eur\u00f3pai v\u00e1llalatoknak \u00fctemtervet kellene k\u00e9sz\u00edteni\u00fck, amelyben meghat\u00e1rozn\u00e1k, mely ter\u00fcleteken, hogyan vehetn\u00e9k ki r\u00e9sz\u00fcket K\u00edna fejl\u0151d\u00e9s\u00e9b\u0151l &#8222;ezekben a gazdas\u00e1gi neh\u00e9zs\u00e9gekkel terhelt id\u0151kben&#8221;.<br \/>\n    A jelent\u00e9s szerint a k\u00ednai korm\u00e1nyzat, a gazdas\u00e1gir\u00e1ny\u00edt\u00e1s egyel\u0151re nem tudta bev\u00e1ltani arra vonatkoz\u00f3 \u00edg\u00e9ret\u00e9t, hogy nyitottabb\u00e1 \u00e9s versenyk\u00e9pesebb\u00e9 teszi a k\u00ednai piacot a k\u00fclf\u00f6ldi alap\u00edt\u00e1s\u00fa v\u00e1llalatok el\u0151tt. A megk\u00e9rdezett c\u00e9gek 41 sz\u00e1zal\u00e9ka v\u00e1laszolt \u00fagy, hogy fel\u00fclvizsg\u00e1lja k\u00ednai tev\u00e9kenys\u00e9g\u00e9t, \u00e9s l\u00e9tsz\u00e1mle\u00e9p\u00edt\u00e9ssel is j\u00e1r\u00f3 k\u00f6lts\u00e9gcs\u00f6kkent\u00e9st hajt v\u00e9gre.<br \/>\n    A v\u00e1laszokb\u00f3l arra is k\u00f6vetkeztetni lehet, hogy azoknak az eur\u00f3pai v\u00e1llalatoknak az ar\u00e1nya, amelyek hajland\u00f3k t\u00e1mogatni a kutat\u00e1si, fejleszt\u00e9si projekteket, a tavalyi 85 sz\u00e1zal\u00e9kr\u00f3l 72-re esett vissza.<br \/>\n    A v\u00e1llalatok 47 sz\u00e1zal\u00e9ka nyilatkozott \u00fagy, hogy b\u0151v\u00edteni akarja tev\u00e9kenys\u00e9g\u00e9t, s b\u00e1r m\u00e9g ez is viszonylag magas ar\u00e1ny, a 2013-as felm\u00e9r\u00e9shez k\u00e9pest 39 sz\u00e1zal\u00e9kpontos visszaes\u00e9sr\u0151l tan\u00faskodik. Akkor a v\u00e1laszad\u00f3k 89 sz\u00e1zal\u00e9ka tervezett \u00fajabb befektet\u00e9seket.<br \/>\n    A kamara \u00e9s a jelent\u00e9st vele partners\u00e9gben elk\u00e9sz\u00edt\u0151 Roland Berger vezet\u0151 nemzetk\u00f6zi strat\u00e9giai tan\u00e1csad\u00f3 c\u00e9g felh\u00edvta a figyelmet arra, hogy a lassul\u00f3 gazdas\u00e1gi n\u00f6veked\u00e9s hat\u00e1sai szinte minden ipar\u00e1gban egyar\u00e1nt s\u00fajtj\u00e1k a k\u00ednai \u00e9s az eur\u00f3pai v\u00e1llalatokat. Hozz\u00e1tett\u00e9k azonban: az eur\u00f3pai c\u00e9geknek egyre ink\u00e1bb szembes\u00fclni\u00fck kell azzal, hogy a hazaiak mellett &#8211; megk\u00fcl\u00f6nb\u00f6ztet\u00e9s\u00fck r\u00e9v\u00e9n &#8211; a versenyben h\u00e1tr\u00e1nyt szenvednek. Ez a felm\u00e9r\u00e9sben a v\u00e1laszad\u00f3k 57 sz\u00e1zal\u00e9ka szerint egy\u00e9rtelm\u0171.<br \/>\n    A megk\u00e9rdezettek 56 sz\u00e1zal\u00e9ka \u00e9rzi \u00fagy, hogy nehezednek az \u00fczletk\u00f6t\u00e9s k\u00f6r\u00fclm\u00e9nyei, ami 5 sz\u00e1zal\u00e9kpontos n\u00f6veked\u00e9s az egy \u00e9vvel kor\u00e1bbi adatokhoz k\u00e9pest, \u00e9s 70 sz\u00e1zal\u00e9kuk nem \u00e9rzi, hogy &#8222;sz\u00edvesebben l\u00e1tn\u00e1k&#8221; az orsz\u00e1gban, mint 10 \u00e9vvel ezel\u0151tt.<br \/>\n    A v\u00e1llalatok 58 sz\u00e1zal\u00e9ka \u00fagy v\u00e9li, hogy tev\u00e9kenys\u00e9g\u00e9t h\u00e1tr\u00e1nyosan befoly\u00e1solja az internet korl\u00e1toz\u00e1sa; 17 sz\u00e1zal\u00e9kponttal t\u00f6bben v\u00e9lekednek \u00edgy 2015-h\u00f6z viszony\u00edtva.<br \/>\n    A felm\u00e9r\u00e9st \u00e9rt\u00e9kel\u0151k szerint a multinacion\u00e1lis v\u00e1llalatok &#8222;aranykor\u00e1nak&#8221; egyel\u0151re v\u00e9ge, s\u0151t a helyzet tov\u00e1bbi rosszabbod\u00e1s\u00e1ra lehet sz\u00e1m\u00edtani.<br \/>\n    Az eur\u00f3pai befektet\u00e9sek \u00e9rt\u00e9ke 2015-ben 9,3 milli\u00e1rd eur\u00f3t tett ki, 9 sz\u00e1zal\u00e9kkal volt kevesebb az egy \u00e9vvel kor\u00e1bbin\u00e1l. Ez arra utal, \u00e1llap\u00edtott\u00e1k meg, hogy K\u00edna kezdi elvesz\u00edteni kor\u00e1bbi &#8211; a befektet\u00e9si portf\u00f3li\u00f3k ter\u00fclet\u00e9n mutatkoz\u00f3 &#8211; kiv\u00e1lts\u00e1gos poz\u00edci\u00f3j\u00e1t sok eur\u00f3pai v\u00e1llalat szem\u00e9ben. Ennek csak egyik oka a gazdas\u00e1gi n\u00f6veked\u00e9s lelassul\u00e1sa, a t\u00f6bbi a struktur\u00e1lis \u00e1talakul\u00e1s neh\u00e9zkess\u00e9ge, a K\u00edna n\u00f6vekv\u0151 elad\u00f3sodotts\u00e1ga miatti aggodalom, a gyeng\u00fcl\u0151 export \u00e9s a befektet\u00e9sek megt\u00e9r\u00fcl\u00e9s\u00e9nek elh\u00faz\u00f3d\u00e1sa &#8211; \u00e1llap\u00edtotta meg a kamara az 1300 eur\u00f3pai v\u00e1llalat megk\u00e9rdez\u00e9se alapj\u00e1n k\u00e9sz\u00fclt jelent\u00e9s\u00e9ben.(MTI)<\/p>\n","protected":false},"excerpt":{"rendered":"<p>Az eur\u00f3pai v\u00e1llalatok a kor\u00e1bbin\u00e1l bor\u00fal\u00e1t\u00f3bban \u00edt\u00e9lik meg lehet\u0151s\u00e9geiket a k\u00ednai piacon, \u00f6sszef\u00fcgg\u00e9sben a k\u00ednai gazdas\u00e1g n\u00f6veked\u00e9si \u00fctem\u00e9nek lelassul\u00e1s\u00e1val \u00e9s a reformok akadoz\u00f3 v\u00e9grehajt\u00e1s\u00e1val &#8211; \u00e1ll az Eur\u00f3pai Kereskedelmi Kamara K\u00edn\u00e1ban m\u0171k\u00f6d\u0151 tagv\u00e1llalatai k\u00f6z\u00f6tt v\u00e9gzett felm\u00e9r\u00e9sben, amelynek eredm\u00e9ny\u00e9t kedden ismertett\u00e9k Pekingben.<\/p>\n","protected":false},"author":1,"featured_media":0,"comment_status":"open","ping_status":"closed","sticky":false,"template":"","format":"standard","meta":[],"categories":[246],"tags":[],"_links":{"self":[{"href":"https:\/\/gazdasagportal.hu\/index.php\/wp-json\/wp\/v2\/posts\/80506"}],"collection":[{"href":"https:\/\/gazdasagportal.hu\/index.php\/wp-json\/wp\/v2\/posts"}],"about":[{"href":"https:\/\/gazdasagportal.hu\/index.php\/wp-json\/wp\/v2\/types\/post"}],"author":[{"embeddable":true,"href":"https:\/\/gazdasagportal.hu\/index.php\/wp-json\/wp\/v2\/users\/1"}],"replies":[{"embeddable":true,"href":"https:\/\/gazdasagportal.hu\/index.php\/wp-json\/wp\/v2\/comments?post=80506"}],"version-history":[{"count":1,"href":"https:\/\/gazdasagportal.hu\/index.php\/wp-json\/wp\/v2\/posts\/80506\/revisions"}],"predecessor-version":[{"id":80507,"href":"https:\/\/gazdasagportal.hu\/index.php\/wp-json\/wp\/v2\/posts\/80506\/revisions\/80507"}],"wp:attachment":[{"href":"https:\/\/gazdasagportal.hu\/index.php\/wp-json\/wp\/v2\/media?parent=80506"}],"wp:term":[{"taxonomy":"category","embeddable":true,"href":"https:\/\/gazdasagportal.hu\/index.php\/wp-json\/wp\/v2\/categories?post=80506"},{"taxonomy":"post_tag","embeddable":true,"href":"https:\/\/gazdasagportal.hu\/index.php\/wp-json\/wp\/v2\/tags?post=80506"}],"curies":[{"name":"wp","href":"https:\/\/api.w.org\/{rel}","templated":true}]}}