{"id":80490,"date":"2016-06-06T14:47:44","date_gmt":"2016-06-06T12:47:44","guid":{"rendered":"http:\/\/gazdasagportal.hu\/?p=80490"},"modified":"2016-06-06T14:47:44","modified_gmt":"2016-06-06T12:47:44","slug":"orban-a-bankfelugyelet-ellenorzese-ala-rendelik-a-takarekszovetkezeti-rendszert","status":"publish","type":"post","link":"https:\/\/gazdasagportal.hu\/index.php\/orban-a-bankfelugyelet-ellenorzese-ala-rendelik-a-takarekszovetkezeti-rendszert\/","title":{"rendered":"Orb\u00e1n: a bankfel\u00fcgyelet ellen\u0151rz\u00e9se al\u00e1 rendelik a takar\u00e9ksz\u00f6vetkezeti rendszert"},"content":{"rendered":"<p><strong>A teljes takar\u00e9ksz\u00f6vetkezeti rendszert a bankfel\u00fcgyelet ellen\u0151rz\u00e9se al\u00e1 rendeli az a t\u00f6rv\u00e9nyjavaslat, amelyet h\u00e9tf\u0151n terjesztett a parlament el\u00e9 a kabinet &#8211; k\u00f6z\u00f6lte Orb\u00e1n Viktor korm\u00e1nyf\u0151 Demj\u00e1n S\u00e1ndornak, az Orsz\u00e1gos Takar\u00e9ksz\u00f6vetkezeti Sz\u00f6vets\u00e9g (OTSZ) eln\u00f6k\u00e9nek k\u00fcld\u00f6tt v\u00e1laszlevel\u00e9ben, amelyet Havasi Bertalan, a Minisztereln\u00f6ki Sajt\u00f3iroda vezet\u0151je juttatott el h\u00e9tf\u0151n a MTI-hez.<\/strong><!--more--><\/p>\n<div class=\"ads-in-post1\"><div id=\"gazdasagportal.hu_fullbanner_wideboard\"><\/div>\r\n<\/div>\n<p>    Demj\u00e1n S\u00e1ndor m\u00falt heti ny\u00edlt level\u00e9ben arr\u00f3l \u00edrt, hogy a takar\u00e9ksz\u00f6vetkezeti integr\u00e1ci\u00f3 c\u00e9lja a sz\u00f6vetkezeti szektor eredm\u00e9ny\u00e9nek \u00e9s vagyon\u00e1nak n\u00f6vel\u00e9se volt, az eddigi esem\u00e9nyek azonban ennek ellenkez\u0151j\u00e9t t\u00e1masztj\u00e1k al\u00e1. Az OTSZ eln\u00f6ke azt k\u00e9rte Orb\u00e1n Viktort\u00f3l, ellen\u0151rizz\u00e9k a c\u00e9lok teljes\u00fcl\u00e9s\u00e9t.<br \/>\n    A minisztereln\u00f6k h\u00e9tf\u0151n kelt v\u00e1lasz\u00e1ban azt k\u00f6z\u00f6lte, hogy a korm\u00e1nyzati politika eredm\u00e9nyek\u00e9ppen az elm\u00falt hat \u00e9vben a bankszektorban jelent\u0151s v\u00e1ltoz\u00e1sok zajlottak le. &#8222;Visszav\u00e1s\u00e1roltuk \u00e9s nemzeti k\u00e9zben tartjuk a Magyar K\u00fclkereskedelmi Bankot, a Budapest Bankot, \u00e9s tulajdonr\u00e9szt v\u00e1s\u00e1roltunk az Erste Bankban is. A takar\u00e9ksz\u00f6vetkezeti rendszer \u00fajraszervez\u00e9se is ebbe a sorba illeszkedik&#8221; &#8211; fejtette ki.<br \/>\n    A korm\u00e1nynak meggy\u0151z\u0151d\u00e9se &#8211; folytatta Orb\u00e1n Viktor -, hogy &#8222;egy \u00fajj\u00e1szervezett, a megel\u0151z\u0151 \u00e9vtizedek zavaros folyamatait tiszt\u00e1z\u00f3, megfelel\u0151 p\u00e9nz\u00fcgyi h\u00e1tt\u00e9rrel rendelkez\u0151 \u00e9s professzion\u00e1lis ir\u00e1ny\u00edt\u00e1ssal m\u0171k\u00f6dtetett takar\u00e9ksz\u00f6vetkezeti rendszer term\u00e9szetes r\u00e9sz\u00e9t adja az \u00faj magyar bankrendszernek&#8221;.<br \/>\n    A korm\u00e1nyf\u0151 v\u00e1lasz\u00e1ban kijelentette: a korm\u00e1ny sikeresnek \u00edt\u00e9li, egyben lez\u00e1rtnak tekinti a takar\u00e9ksz\u00f6vetkezeti rendszer \u00e1talak\u00edt\u00e1s\u00e1t, &#8222;k\u00e9tes \u00fcgyletekt\u0151l val\u00f3 megszabad\u00edt\u00e1s\u00e1t&#8221; \u00e9s felt\u0151k\u00e9s\u00edt\u00e9s\u00e9t.<br \/>\n    Jelezte azonban, elfogadja Demj\u00e1n S\u00e1ndornak azt a v\u00e9lem\u00e9ny\u00e9t, hogy a takar\u00e9ksz\u00f6vetkezeti rendszer nem m\u0171k\u00f6dhet megfelel\u0151 fel\u00fcgyelet n\u00e9lk\u00fcl. Azzal is egyet\u00e9rt &#8211; k\u00f6z\u00f6lte -, hogy a fel\u00fcgyelet szempontj\u00e1b\u00f3l a magyar bankszektornak versenysemlegesnek kell lennie.<br \/>\n    Ez\u00e9rt a korm\u00e1ny h\u00e9tf\u0151n t\u00f6rv\u00e9nyjavaslatot ny\u00fajtott be, amellyel a teljes takar\u00e9ksz\u00f6vetkezeti rendszert a bankfel\u00fcgyelet ellen\u0151rz\u00e9se al\u00e1 rendeli, \u00e9s megadja a bankfel\u00fcgyeletnek azokat a jogos\u00edtv\u00e1nyokat, amelyek garant\u00e1lj\u00e1k a takar\u00e9ksz\u00f6vetkezetek biztons\u00e1gos, jogszer\u0171 \u00e9s \u00e1tl\u00e1that\u00f3 m\u0171k\u00f6d\u00e9s\u00e9t.<br \/>\n    Orb\u00e1n Viktor azt is tudatta, a korm\u00e1ny ellenzi, hogy a takar\u00e9ksz\u00f6vetkezetek tov\u00e1bbi FHB-r\u00e9szv\u00e9nyeket v\u00e1s\u00e1roljanak. Ennek megakad\u00e1lyoz\u00e1s\u00e1ra a sz\u00fcks\u00e9ges l\u00e9p\u00e9seket megteszik. Hozz\u00e1tette, a Demj\u00e1n S\u00e1ndor ny\u00edlt level\u00e9ben tudom\u00e1s\u00e1ra hozott felt\u00e9telezett \u00f6sszefon\u00f3d\u00e1sokr\u00f3l alapos t\u00e9nyfelt\u00e1r\u00e1s ut\u00e1n \u00e9s kell\u0151 id\u0151ben t\u00e1j\u00e9koztatni fogja az OTSZ eln\u00f6k\u00e9t.<br \/>\n    Demj\u00e1n S\u00e1ndor \u00e1ll\u00edt\u00e1sa szerint az FHB t\u0151keemel\u00e9s\u00e9n\u00e9l bizonyos sz\u00f6vetkezeteket k\u00e9nyszer\u00edtettek, hogy &#8222;a n\u00e9v\u00e9rt\u00e9k h\u00e9tszeres\u00e9n vegyenek \u00faj r\u00e9szv\u00e9nyeket&#8221;. Az OTSZ-eln\u00f6k azt is \u00edrta level\u00e9ben, hogy \u00fczleti k\u00f6r\u00f6k &#8222;c\u00e9gh\u00e1l\u00f3t sz\u0151nek a takar\u00e9ksz\u00f6vetkezeti szektor k\u00f6r\u00e9, parazitak\u00e9nt sz\u00edvj\u00e1k ki er\u0151forr\u00e1sait&#8221;.(MTI)<\/p>\n","protected":false},"excerpt":{"rendered":"<p>A teljes takar\u00e9ksz\u00f6vetkezeti rendszert a bankfel\u00fcgyelet ellen\u0151rz\u00e9se al\u00e1 rendeli az a t\u00f6rv\u00e9nyjavaslat, amelyet h\u00e9tf\u0151n terjesztett a parlament el\u00e9 a kabinet &#8211; k\u00f6z\u00f6lte Orb\u00e1n Viktor korm\u00e1nyf\u0151 Demj\u00e1n S\u00e1ndornak, az Orsz\u00e1gos Takar\u00e9ksz\u00f6vetkezeti Sz\u00f6vets\u00e9g (OTSZ) eln\u00f6k\u00e9nek k\u00fcld\u00f6tt v\u00e1laszlevel\u00e9ben, amelyet Havasi Bertalan, a Minisztereln\u00f6ki Sajt\u00f3iroda vezet\u0151je juttatott el h\u00e9tf\u0151n a MTI-hez.<\/p>\n","protected":false},"author":1,"featured_media":0,"comment_status":"open","ping_status":"closed","sticky":false,"template":"","format":"standard","meta":[],"categories":[19],"tags":[],"_links":{"self":[{"href":"https:\/\/gazdasagportal.hu\/index.php\/wp-json\/wp\/v2\/posts\/80490"}],"collection":[{"href":"https:\/\/gazdasagportal.hu\/index.php\/wp-json\/wp\/v2\/posts"}],"about":[{"href":"https:\/\/gazdasagportal.hu\/index.php\/wp-json\/wp\/v2\/types\/post"}],"author":[{"embeddable":true,"href":"https:\/\/gazdasagportal.hu\/index.php\/wp-json\/wp\/v2\/users\/1"}],"replies":[{"embeddable":true,"href":"https:\/\/gazdasagportal.hu\/index.php\/wp-json\/wp\/v2\/comments?post=80490"}],"version-history":[{"count":1,"href":"https:\/\/gazdasagportal.hu\/index.php\/wp-json\/wp\/v2\/posts\/80490\/revisions"}],"predecessor-version":[{"id":80491,"href":"https:\/\/gazdasagportal.hu\/index.php\/wp-json\/wp\/v2\/posts\/80490\/revisions\/80491"}],"wp:attachment":[{"href":"https:\/\/gazdasagportal.hu\/index.php\/wp-json\/wp\/v2\/media?parent=80490"}],"wp:term":[{"taxonomy":"category","embeddable":true,"href":"https:\/\/gazdasagportal.hu\/index.php\/wp-json\/wp\/v2\/categories?post=80490"},{"taxonomy":"post_tag","embeddable":true,"href":"https:\/\/gazdasagportal.hu\/index.php\/wp-json\/wp\/v2\/tags?post=80490"}],"curies":[{"name":"wp","href":"https:\/\/api.w.org\/{rel}","templated":true}]}}