{"id":80488,"date":"2016-06-06T14:02:38","date_gmt":"2016-06-06T12:02:38","guid":{"rendered":"http:\/\/gazdasagportal.hu\/?p=80488"},"modified":"2016-06-06T14:02:38","modified_gmt":"2016-06-06T12:02:38","slug":"terrorizmuseuro-2016-ukrajnaban-elfogtak-egy-francia-ferfit-aki-merenyletekre-keszult","status":"publish","type":"post","link":"https:\/\/gazdasagportal.hu\/index.php\/terrorizmuseuro-2016-ukrajnaban-elfogtak-egy-francia-ferfit-aki-merenyletekre-keszult\/","title":{"rendered":"Terrorizmus\/EURO-2016 &#8211; Ukrajn\u00e1ban elfogtak egy francia f\u00e9rfit, aki mer\u00e9nyletekre k\u00e9sz\u00fclt"},"content":{"rendered":"<p><strong>Elfogtak Ukrajn\u00e1ban egy francia f\u00e9rfit, akir\u0151l azt felt\u00e9telezik, hogy terrorcselekm\u00e9nyekre k\u00e9sz\u00fclt Franciaorsz\u00e1gban a labdar\u00fag\u00f3 Eur\u00f3pa-bajnoks\u00e1g idej\u00e9n &#8211; k\u00f6z\u00f6lte Vaszil Hricak, az Ukr\u00e1n Biztons\u00e1gi Szolg\u00e1lat (SZBU) vezet\u0151je h\u00e9tf\u0151i kijevi sajt\u00f3t\u00e1j\u00e9koztat\u00f3j\u00e1n.<\/strong><!--more--><\/p>\n<div class=\"ads-in-post1\"><div id=\"gazdasagportal.hu_fullbanner_wideboard\"><\/div>\r\n<\/div>\n<p>    Hricak szerint az illet\u0151 &#8211; akit nem nevezett meg &#8211; 15 mer\u00e9nyletet k\u00e9sz\u00fclt v\u00e9grehajtani haz\u00e1j\u00e1ban, egyebek mellett mecsetek, zsinag\u00f3g\u00e1k, ad\u00f3hivatalok \u00e9s aut\u00f3p\u00e1lya-megfigyel\u0151 pontok ellen.<br \/>\n    Az SZBU-f\u0151n\u00f6k t\u00e1j\u00e9koztat\u00e1sa szerint az ukr\u00e1n biztons\u00e1gi szolg\u00e1latnak tavaly decemberben jutott tudom\u00e1s\u00e1ra, hogy az illet\u0151 francia \u00e1llampolg\u00e1r Ukrajn\u00e1ba \u00e9rkezett mint \u00f6nk\u00e9ntes, \u00e9s t\u00f6bb kelet-ukrajnai fegyveres csoport k\u00e9pvisel\u0151j\u00e9vel kapcsolatba l\u00e9pett. T\u00f6bb \u00edzben b\u00edr\u00e1lta korm\u00e1ny\u00e1t migr\u00e1ci\u00f3s politik\u00e1j\u00e1\u00e9rt \u00e9s a muzulm\u00e1n hit terjeszt\u00e9s\u00e9nek el\u0151seg\u00edt\u00e9s\u00e9\u00e9rt. Kijelentette, hogy tiltakoz\u00e1sa kifejez\u00e9sek\u00e9ppen k\u00e9sz terrorcselekm\u00e9nyeket is v\u00e9grehajtani.<br \/>\n    Hricak elmondta, hogy a f\u00e9rfi 125 kilogramm trotilt, \u00f6t Kalasnyikov g\u00e9pkarab\u00e9lyt, t\u00f6bb mint \u00f6tezer l\u0151szert, k\u00e9t p\u00e1nc\u00e9lt\u00f6r\u0151 gr\u00e1n\u00e1tvet\u0151t, 100 deton\u00e1tort \u00e9s egy\u00e9b eszk\u00f6z\u00f6ket kapott. A tiszts\u00e9gvisel\u0151 nem \u00e1rulta el, honnan kapta a f\u00e9rfi a fegyvereket, de utalt arra, hogy a kelet-ukrajnai szakad\u00e1rokat t\u00e1mogat\u00f3 Oroszorsz\u00e1gb\u00f3l sz\u00e1rmazhatnak. Azt sem z\u00e1rta ki, hogy ebben benne van az orosz titkosszolg\u00e1latok keze is, \u00e9s Moszkva \u00edgy akarta cs\u0151be h\u00fazni Ukrajn\u00e1t.<br \/>\n    A franca \u00e1llampolg\u00e1r h\u00e1rom ezer eur\u00f3\u00e9rt pr\u00f3b\u00e1lt embereket toborozni a fegyverek kicsemp\u00e9sz\u00e9s\u00e9re az orsz\u00e1gb\u00f3l, de v\u00e9g\u00fcl maga k\u00eds\u00e9relte meg \u00e1tvinni az ukr\u00e1n-lengyel hat\u00e1ron, ahol az ukr\u00e1n hat\u00f3s\u00e1gok \u0151rizetbe vett\u00e9k, majd letart\u00f3ztat\u00e1sba helyezt\u00e9k csemp\u00e9sz\u00e9s, terrorcselekm\u00e9ny el\u0151k\u00e9sz\u00edt\u00e9se \u00e9s illeg\u00e1lis fegyverkereskedelem gyan\u00faj\u00e1val &#8211; sz\u00e1molt be Hricak.<br \/>\n    Az SZBU-f\u0151n\u00f6k hozz\u00e1tette, hogy a f\u00e9rfit m\u00e9g m\u00e1jus 21-\u00e9n vett\u00e9k \u0151rizetbe, de nem akart\u00e1k ezt nyilv\u00e1noss\u00e1gra hozni a futball EB v\u00e9g\u00e9ig; a h\u00edr azonban kisziv\u00e1rgott, \u00edgy k\u00e9nytelenek voltak r\u00e9szleteket k\u00f6zz\u00e9tenni, hogy k\u00e9s\u0151bb ne k\u00e9nyszer\u00fcljenek magyar\u00e1zkod\u00e1sra. Az M6 francia t\u00e9v\u00e9csatorna szombaton sz\u00e1molt be az ukr\u00e1n hat\u00e1r\u0151rs\u00e9g sz\u00f3viv\u0151j\u00e9re hivatkozva arr\u00f3l, hogy Franciaorsz\u00e1gban tervezett t\u00e1mad\u00e1shoz fegyvereket \u00e9s robban\u00f3szereket sz\u00e1ll\u00edt\u00f3 francia \u00e1llampolg\u00e1rt tart\u00f3ztattak le az ukr\u00e1n hat\u00f3s\u00e1gok.(MTI)<\/p>\n","protected":false},"excerpt":{"rendered":"<p>Elfogtak Ukrajn\u00e1ban egy francia f\u00e9rfit, akir\u0151l azt felt\u00e9telezik, hogy terrorcselekm\u00e9nyekre k\u00e9sz\u00fclt Franciaorsz\u00e1gban a labdar\u00fag\u00f3 Eur\u00f3pa-bajnoks\u00e1g idej\u00e9n &#8211; k\u00f6z\u00f6lte Vaszil Hricak, az Ukr\u00e1n Biztons\u00e1gi Szolg\u00e1lat (SZBU) vezet\u0151je h\u00e9tf\u0151i kijevi sajt\u00f3t\u00e1j\u00e9koztat\u00f3j\u00e1n.<\/p>\n","protected":false},"author":1,"featured_media":0,"comment_status":"open","ping_status":"closed","sticky":false,"template":"","format":"standard","meta":[],"categories":[12],"tags":[],"_links":{"self":[{"href":"https:\/\/gazdasagportal.hu\/index.php\/wp-json\/wp\/v2\/posts\/80488"}],"collection":[{"href":"https:\/\/gazdasagportal.hu\/index.php\/wp-json\/wp\/v2\/posts"}],"about":[{"href":"https:\/\/gazdasagportal.hu\/index.php\/wp-json\/wp\/v2\/types\/post"}],"author":[{"embeddable":true,"href":"https:\/\/gazdasagportal.hu\/index.php\/wp-json\/wp\/v2\/users\/1"}],"replies":[{"embeddable":true,"href":"https:\/\/gazdasagportal.hu\/index.php\/wp-json\/wp\/v2\/comments?post=80488"}],"version-history":[{"count":1,"href":"https:\/\/gazdasagportal.hu\/index.php\/wp-json\/wp\/v2\/posts\/80488\/revisions"}],"predecessor-version":[{"id":80489,"href":"https:\/\/gazdasagportal.hu\/index.php\/wp-json\/wp\/v2\/posts\/80488\/revisions\/80489"}],"wp:attachment":[{"href":"https:\/\/gazdasagportal.hu\/index.php\/wp-json\/wp\/v2\/media?parent=80488"}],"wp:term":[{"taxonomy":"category","embeddable":true,"href":"https:\/\/gazdasagportal.hu\/index.php\/wp-json\/wp\/v2\/categories?post=80488"},{"taxonomy":"post_tag","embeddable":true,"href":"https:\/\/gazdasagportal.hu\/index.php\/wp-json\/wp\/v2\/tags?post=80488"}],"curies":[{"name":"wp","href":"https:\/\/api.w.org\/{rel}","templated":true}]}}