{"id":80482,"date":"2016-06-06T12:12:56","date_gmt":"2016-06-06T10:12:56","guid":{"rendered":"http:\/\/gazdasagportal.hu\/?p=80482"},"modified":"2016-06-06T12:12:56","modified_gmt":"2016-06-06T10:12:56","slug":"emelkedett-a-sentix-eurozonas-befektetoi-hangulatindexe","status":"publish","type":"post","link":"https:\/\/gazdasagportal.hu\/index.php\/emelkedett-a-sentix-eurozonas-befektetoi-hangulatindexe\/","title":{"rendered":"Emelkedett a Sentix eur\u00f3z\u00f3n\u00e1s befektet\u0151i hangulatindexe"},"content":{"rendered":"<p><strong>Hathavi cs\u00facspontra emelkedett a Sentix berlini gazdas\u00e1gkutat\u00f3 int\u00e9zet eur\u00f3z\u00f3n\u00e1ban m\u00e9rt befektet\u0151i hangulatindexe j\u00faniusban, \u00e9s \u00e9rt\u00e9ke j\u00f3val meghaladta az elemz\u0151i v\u00e1rakoz\u00e1sokat.<\/strong><!--more--><\/p>\n<div class=\"ads-in-post1\"><div id=\"gazdasagportal.hu_fullbanner_wideboard\"><\/div>\r\n<\/div>\n<p>    A gazdas\u00e1gkutat\u00f3 h\u00e9tf\u0151n k\u00f6zz\u00e9tett adatai szerint a hangulatindex 9,9 pontra emelkedett a m\u00e1jusi 6,2 pontr\u00f3l, ami a tavaly decemberben m\u00e9rt 15,7 pont \u00f3ta a legjobb \u00e9rt\u00e9k. A Reuters h\u00edr\u00fcgyn\u00f6ks\u00e9g \u00e1ltal megk\u00e9rdezett elemz\u0151k enyhe javul\u00e1sra, 7,0 pontos \u00e9rt\u00e9kre sz\u00e1m\u00edtottak.<br \/>\n    A hangulatindex id\u00e9n m\u00e1rciusban volt a legalacsonyabb, 5,5 pont.<br \/>\n    A mutat\u00f3 nulla f\u00f6l\u00f6tti \u00e9rt\u00e9ke der\u0171l\u00e1t\u00f3, nulla alatti \u00e9rt\u00e9ke bor\u00fal\u00e1t\u00f3 v\u00e1rakoz\u00e1sokat t\u00fckr\u00f6z.<br \/>\n    Az eur\u00f3\u00f6vezet k\u00f6vetkez\u0151 hat h\u00f3napj\u00e1ra vonatkoz\u00f3 v\u00e1rakoz\u00e1sok alindexe 4,5 ponttal, 10,0 pontra emelkedett. A jelenlegi helyzet meg\u00edt\u00e9l\u00e9s\u00e9nek almutat\u00f3ja 7,0 pontr\u00f3l 9,8 pontra ugrott. A n\u00e9met gazdas\u00e1gi helyzet meg\u00edt\u00e9l\u00e9se 20,7 pontra javult az el\u0151z\u0151 havi 18,3 pontr\u00f3l, m\u00edg az amerikai\u00e9 10,8 pontr\u00f3l 17,0 pontra n\u0151tt.<br \/>\n    Manfred H\u00fcbner, a Sentix igazgat\u00f3ja k\u00f6zlem\u00e9ny\u00e9ben r\u00e1mutatott, hogy a hangulatindex roml\u00e1sa meg\u00e1llt, a befektet\u0151k felb\u00e1torodtak a k\u00f6zelm\u00faltbeli robusztus eur\u00f3\u00f6vezeti adatokt\u00f3l \u00e9s a tov\u00e1bbi monet\u00e1ris laz\u00edt\u00e1s lebegtet\u00e9s\u00e9t\u0151l. A felt\u00f6rekv\u0151 piacokon tapasztalt javul\u00e1s \u00e9s az olaj\u00e1rak stabiliz\u00e1l\u00f3d\u00e1sa szint\u00e9n n\u00f6velte a befektet\u0151k bizalm\u00e1t.<br \/>\n    Az Eur\u00f3pai K\u00f6zponti Bank korm\u00e1nyz\u00f3tan\u00e1csa m\u00falt heti \u00fcl\u00e9s\u00e9n enyh\u00e9n jav\u00edtott n\u00f6veked\u00e9si \u00e9s infl\u00e1ci\u00f3s el\u0151rejelz\u00e9s\u00e9n. Meg\u00edt\u00e9l\u00e9se szerint enyh\u00fcltek az eur\u00f3\u00f6vezet gazdas\u00e1gi n\u00f6veked\u00e9s\u00e9t fenyeget\u0151 vesz\u00e9lyek, de hosszabb t\u00e1von a jelenlegi vagy m\u00e9g alacsonyabb szinten tartja az EKB az eur\u00f3kamatokat a n\u00f6veked\u00e9si kil\u00e1t\u00e1sokat terhel\u0151 kock\u00e1zatok miatt.<br \/>\n    A Sentix j\u00fanius 2. \u00e9s 4. k\u00f6z\u00f6tt k\u00e9sz\u00edtette felm\u00e9r\u00e9s\u00e9t 1074 befektet\u0151 r\u00e9szv\u00e9tel\u00e9vel.(MTI)<\/p>\n","protected":false},"excerpt":{"rendered":"<p>Hathavi cs\u00facspontra emelkedett a Sentix berlini gazdas\u00e1gkutat\u00f3 int\u00e9zet eur\u00f3z\u00f3n\u00e1ban m\u00e9rt befektet\u0151i hangulatindexe j\u00faniusban, \u00e9s \u00e9rt\u00e9ke j\u00f3val meghaladta az elemz\u0151i v\u00e1rakoz\u00e1sokat.<\/p>\n","protected":false},"author":1,"featured_media":0,"comment_status":"open","ping_status":"closed","sticky":false,"template":"","format":"standard","meta":[],"categories":[246],"tags":[],"_links":{"self":[{"href":"https:\/\/gazdasagportal.hu\/index.php\/wp-json\/wp\/v2\/posts\/80482"}],"collection":[{"href":"https:\/\/gazdasagportal.hu\/index.php\/wp-json\/wp\/v2\/posts"}],"about":[{"href":"https:\/\/gazdasagportal.hu\/index.php\/wp-json\/wp\/v2\/types\/post"}],"author":[{"embeddable":true,"href":"https:\/\/gazdasagportal.hu\/index.php\/wp-json\/wp\/v2\/users\/1"}],"replies":[{"embeddable":true,"href":"https:\/\/gazdasagportal.hu\/index.php\/wp-json\/wp\/v2\/comments?post=80482"}],"version-history":[{"count":1,"href":"https:\/\/gazdasagportal.hu\/index.php\/wp-json\/wp\/v2\/posts\/80482\/revisions"}],"predecessor-version":[{"id":80483,"href":"https:\/\/gazdasagportal.hu\/index.php\/wp-json\/wp\/v2\/posts\/80482\/revisions\/80483"}],"wp:attachment":[{"href":"https:\/\/gazdasagportal.hu\/index.php\/wp-json\/wp\/v2\/media?parent=80482"}],"wp:term":[{"taxonomy":"category","embeddable":true,"href":"https:\/\/gazdasagportal.hu\/index.php\/wp-json\/wp\/v2\/categories?post=80482"},{"taxonomy":"post_tag","embeddable":true,"href":"https:\/\/gazdasagportal.hu\/index.php\/wp-json\/wp\/v2\/tags?post=80482"}],"curies":[{"name":"wp","href":"https:\/\/api.w.org\/{rel}","templated":true}]}}