{"id":80216,"date":"2016-05-31T10:53:21","date_gmt":"2016-05-31T08:53:21","guid":{"rendered":"http:\/\/gazdasagportal.hu\/?p=80216"},"modified":"2016-05-31T10:53:21","modified_gmt":"2016-05-31T08:53:21","slug":"az-mnb-153-millio-forintra-birsagolta-a-szegvar-es-videke-takarekszovetkezetet","status":"publish","type":"post","link":"https:\/\/gazdasagportal.hu\/index.php\/az-mnb-153-millio-forintra-birsagolta-a-szegvar-es-videke-takarekszovetkezetet\/","title":{"rendered":"Az MNB 15,3 milli\u00f3 forintra b\u00edrs\u00e1golta a Szegv\u00e1r \u00e9s Vid\u00e9ke Takar\u00e9ksz\u00f6vetkezetet"},"content":{"rendered":"<p><strong>A Magyar Nemzeti Bank (MNB) kedden k\u00f6zz\u00e9tett hat\u00e1rozat\u00e1ban 15,3 milli\u00f3 forint b\u00edrs\u00e1got r\u00f3tt ki a Szegv\u00e1r \u00e9s Vid\u00e9ke Takar\u00e9ksz\u00f6vetkezetre egyebek mellett v\u00e1llalatir\u00e1ny\u00edt\u00e1si, tagnyilv\u00e1ntart\u00e1si, t\u0151kesz\u00e1m\u00edt\u00e1si, hitelkock\u00e1zati hi\u00e1nyoss\u00e1gok miatt. A jogs\u00e9rt\u00e9sek nem vesz\u00e9lyeztetik a takar\u00e9ksz\u00f6vetkezet megb\u00edzhat\u00f3 m\u0171k\u00f6d\u00e9s\u00e9t &#8211; k\u00f6z\u00f6lte a jegybank.<\/strong><!--more--><\/p>\n<div class=\"ads-in-post1\"><div id=\"gazdasagportal.hu_fullbanner_wideboard\"><\/div>\r\n<\/div>\n<p>    Az MNB hivatalb\u00f3l ind\u00edtott \u00e1tfog\u00f3 vizsg\u00e1lat keret\u00e9ben ellen\u0151rizte a takar\u00e9ksz\u00f6vetkezet tev\u00e9kenys\u00e9g\u00e9t a 2012. december 31-\u00e9t\u0151l a vizsg\u00e1lat lez\u00e1r\u00e1s\u00e1ig terjed\u0151 id\u0151szakban. A vizsg\u00e1lat egyebek k\u00f6z\u00f6tt a v\u00e1llalatir\u00e1ny\u00edt\u00e1sra, a hitelkock\u00e1zat azonos\u00edt\u00e1s\u00e1ra, m\u00e9r\u00e9s\u00e9re, kezel\u00e9s\u00e9re, a t\u0151kek\u00f6vetelm\u00e9ny-sz\u00e1m\u00edt\u00e1sra, tov\u00e1bb\u00e1 a tagnyilv\u00e1ntart\u00e1sra \u00e9s a sz\u00e1mlarendre vonatkoz\u00f3an \u00e1llap\u00edtott meg hi\u00e1nyoss\u00e1gokat. Probl\u00e9m\u00e1t tal\u00e1ltak emellett a p\u00e9nzmos\u00e1s megel\u0151z\u00e9s\u00e9re vonatkoz\u00f3 jogszab\u00e1lyi el\u0151\u00edr\u00e1sok betart\u00e1s\u00e1val, a bels\u0151 szab\u00e1lyoz\u00e1ssal \u00e9s az adatszolg\u00e1ltat\u00e1ssal is.<br \/>\n    A takar\u00e9ksz\u00f6vetkezetnek a hat\u00e1rozat szerint j\u00fanius 30-ig, illetve december 31-ig meg kell tennie a sz\u00fcks\u00e9ges int\u00e9zked\u00e9seket a felt\u00e1rt hi\u00e1nyoss\u00e1gok megsz\u00fcntet\u00e9s\u00e9re, \u00e9s err\u0151l &#8211; a bels\u0151 ellen\u0151ri jelent\u00e9s megk\u00fcld\u00e9s\u00e9vel &#8211; besz\u00e1molnia a jegybanknak.<br \/>\n    A b\u00edrs\u00e1g meg\u00e1llap\u00edt\u00e1sa sor\u00e1n s\u00falyos\u00edt\u00f3 k\u00f6r\u00fclm\u00e9nynek sz\u00e1m\u00edtott, hogy az elj\u00e1r\u00e1s a tagnyilv\u00e1ntart\u00e1sra \u00e9s a sz\u00e1mlarendre vonatkoz\u00f3an olyan ism\u00e9telt jogs\u00e9rt\u00e9st t\u00e1rt fel, melynek megsz\u00fcntet\u00e9s\u00e9re m\u00e1r a kor\u00e1bbi fel\u00fcgyeleti hat\u00f3s\u00e1g is k\u00f6telezte a takar\u00e9ksz\u00f6vetkezetet. Az MNB ugyanakkor enyh\u00edt\u0151 k\u00f6r\u00fclm\u00e9nyk\u00e9nt vette figyelembe, hogy a takar\u00e9ksz\u00f6vetkezet egy\u00fcttm\u0171k\u00f6d\u00f6tt a vizsg\u00e1lat sor\u00e1n, tov\u00e1bb\u00e1 a jogs\u00e9rt\u00e9seket t\u00f6bb esetben m\u00e1r az elj\u00e1r\u00e1s sor\u00e1n orvosolta.(MTI)<\/p>\n","protected":false},"excerpt":{"rendered":"<p>A Magyar Nemzeti Bank (MNB) kedden k\u00f6zz\u00e9tett hat\u00e1rozat\u00e1ban 15,3 milli\u00f3 forint b\u00edrs\u00e1got r\u00f3tt ki a Szegv\u00e1r \u00e9s Vid\u00e9ke Takar\u00e9ksz\u00f6vetkezetre egyebek mellett v\u00e1llalatir\u00e1ny\u00edt\u00e1si, tagnyilv\u00e1ntart\u00e1si, t\u0151kesz\u00e1m\u00edt\u00e1si, hitelkock\u00e1zati hi\u00e1nyoss\u00e1gok miatt. A jogs\u00e9rt\u00e9sek nem vesz\u00e9lyeztetik a takar\u00e9ksz\u00f6vetkezet megb\u00edzhat\u00f3 m\u0171k\u00f6d\u00e9s\u00e9t &#8211; k\u00f6z\u00f6lte a jegybank.<\/p>\n","protected":false},"author":1,"featured_media":0,"comment_status":"open","ping_status":"closed","sticky":false,"template":"","format":"standard","meta":[],"categories":[19],"tags":[],"_links":{"self":[{"href":"https:\/\/gazdasagportal.hu\/index.php\/wp-json\/wp\/v2\/posts\/80216"}],"collection":[{"href":"https:\/\/gazdasagportal.hu\/index.php\/wp-json\/wp\/v2\/posts"}],"about":[{"href":"https:\/\/gazdasagportal.hu\/index.php\/wp-json\/wp\/v2\/types\/post"}],"author":[{"embeddable":true,"href":"https:\/\/gazdasagportal.hu\/index.php\/wp-json\/wp\/v2\/users\/1"}],"replies":[{"embeddable":true,"href":"https:\/\/gazdasagportal.hu\/index.php\/wp-json\/wp\/v2\/comments?post=80216"}],"version-history":[{"count":1,"href":"https:\/\/gazdasagportal.hu\/index.php\/wp-json\/wp\/v2\/posts\/80216\/revisions"}],"predecessor-version":[{"id":80217,"href":"https:\/\/gazdasagportal.hu\/index.php\/wp-json\/wp\/v2\/posts\/80216\/revisions\/80217"}],"wp:attachment":[{"href":"https:\/\/gazdasagportal.hu\/index.php\/wp-json\/wp\/v2\/media?parent=80216"}],"wp:term":[{"taxonomy":"category","embeddable":true,"href":"https:\/\/gazdasagportal.hu\/index.php\/wp-json\/wp\/v2\/categories?post=80216"},{"taxonomy":"post_tag","embeddable":true,"href":"https:\/\/gazdasagportal.hu\/index.php\/wp-json\/wp\/v2\/tags?post=80216"}],"curies":[{"name":"wp","href":"https:\/\/api.w.org\/{rel}","templated":true}]}}