{"id":80207,"date":"2016-05-31T10:07:12","date_gmt":"2016-05-31T08:07:12","guid":{"rendered":"http:\/\/gazdasagportal.hu\/?p=80207"},"modified":"2016-05-31T10:07:12","modified_gmt":"2016-05-31T08:07:12","slug":"orfk-a-matraban-es-a-mecsekben-kiemelten-ellenorzik-iden-a-motorosokat","status":"publish","type":"post","link":"https:\/\/gazdasagportal.hu\/index.php\/orfk-a-matraban-es-a-mecsekben-kiemelten-ellenorzik-iden-a-motorosokat\/","title":{"rendered":"ORFK: a M\u00e1tr\u00e1ban \u00e9s a Mecsekben kiemelten ellen\u0151rzik id\u00e9n a motorosokat"},"content":{"rendered":"<p><strong>Heves \u00e9s Baranya megy\u00e9ben, a M\u00e1tr\u00e1ban \u00e9s a Mecsekben kiemelten ellen\u0151rzik id\u00e9n a motorosokat, f\u0151leg h\u00e9tv\u00e9genk\u00e9nt &#8211; k\u00f6z\u00f6lte az Orsz\u00e1gos Rend\u0151r-f\u0151kapit\u00e1nys\u00e1g (ORFK) Orsz\u00e1gos Balesetmegel\u0151z\u00e9si Bizotts\u00e1g f\u0151titk\u00e1ra az M1 aktu\u00e1lis csatorna kedd reggeli m\u0171sor\u00e1ban.<\/strong><!--more--><\/p>\n<div class=\"ads-in-post1\"><div id=\"gazdasagportal.hu_fullbanner_wideboard\"><\/div>\r\n<\/div>\n<p>    Kiss Csaba elmondta, hogy erre a motorosok biztons\u00e1ga \u00e9rdek\u00e9ben van sz\u00fcks\u00e9g, mert legt\u00f6bbsz\u00f6r emberi mulaszt\u00e1s miatt szenvednek &#8211; nem egyszer tragikus kimenetel\u0171 &#8211; balesetet.<br \/>\n    Az alezredes kiemelte, hogy a leggyakoribb hiba a sebess\u00e9g nem megfelel\u0151 megv\u00e1laszt\u00e1sa. A motorosok nem az erre alkalmas versenyp\u00e1ly\u00e1n pr\u00f3b\u00e1lgatj\u00e1k a j\u00e1rm\u0171v\u00fcket, hanem a k\u00f6z\u00faton.<br \/>\n    Ahogy arra sz\u00e1m\u00edtani lehetett, a j\u00f3 id\u0151 bek\u00f6sz\u00f6nt\u00e9vel jelent\u0151sen megn\u0151tt a motorosbalesetek sz\u00e1ma, aminek az is az oka, hogy a vezet\u0151k t\u00e9len kiestek a rutinb\u00f3l &#8211; mondta Kiss Csaba.(MTI)<\/p>\n","protected":false},"excerpt":{"rendered":"<p>Heves \u00e9s Baranya megy\u00e9ben, a M\u00e1tr\u00e1ban \u00e9s a Mecsekben kiemelten ellen\u0151rzik id\u00e9n a motorosokat, f\u0151leg h\u00e9tv\u00e9genk\u00e9nt &#8211; k\u00f6z\u00f6lte az Orsz\u00e1gos Rend\u0151r-f\u0151kapit\u00e1nys\u00e1g (ORFK) Orsz\u00e1gos Balesetmegel\u0151z\u00e9si Bizotts\u00e1g f\u0151titk\u00e1ra az M1 aktu\u00e1lis csatorna kedd reggeli m\u0171sor\u00e1ban.<\/p>\n","protected":false},"author":1,"featured_media":0,"comment_status":"open","ping_status":"closed","sticky":false,"template":"","format":"standard","meta":[],"categories":[4,151],"tags":[],"_links":{"self":[{"href":"https:\/\/gazdasagportal.hu\/index.php\/wp-json\/wp\/v2\/posts\/80207"}],"collection":[{"href":"https:\/\/gazdasagportal.hu\/index.php\/wp-json\/wp\/v2\/posts"}],"about":[{"href":"https:\/\/gazdasagportal.hu\/index.php\/wp-json\/wp\/v2\/types\/post"}],"author":[{"embeddable":true,"href":"https:\/\/gazdasagportal.hu\/index.php\/wp-json\/wp\/v2\/users\/1"}],"replies":[{"embeddable":true,"href":"https:\/\/gazdasagportal.hu\/index.php\/wp-json\/wp\/v2\/comments?post=80207"}],"version-history":[{"count":1,"href":"https:\/\/gazdasagportal.hu\/index.php\/wp-json\/wp\/v2\/posts\/80207\/revisions"}],"predecessor-version":[{"id":80208,"href":"https:\/\/gazdasagportal.hu\/index.php\/wp-json\/wp\/v2\/posts\/80207\/revisions\/80208"}],"wp:attachment":[{"href":"https:\/\/gazdasagportal.hu\/index.php\/wp-json\/wp\/v2\/media?parent=80207"}],"wp:term":[{"taxonomy":"category","embeddable":true,"href":"https:\/\/gazdasagportal.hu\/index.php\/wp-json\/wp\/v2\/categories?post=80207"},{"taxonomy":"post_tag","embeddable":true,"href":"https:\/\/gazdasagportal.hu\/index.php\/wp-json\/wp\/v2\/tags?post=80207"}],"curies":[{"name":"wp","href":"https:\/\/api.w.org\/{rel}","templated":true}]}}