{"id":80078,"date":"2016-05-29T02:39:10","date_gmt":"2016-05-29T00:39:10","guid":{"rendered":"http:\/\/gazdasagportal.hu\/?p=80078"},"modified":"2016-05-28T22:10:09","modified_gmt":"2016-05-28T20:10:09","slug":"villamcsapasban-gyerekek-es-felnottek-serultek-meg-egy-parizsi-parkban","status":"publish","type":"post","link":"https:\/\/gazdasagportal.hu\/index.php\/villamcsapasban-gyerekek-es-felnottek-serultek-meg-egy-parizsi-parkban\/","title":{"rendered":"Vill\u00e1mcsap\u00e1sban gyerekek \u00e9s feln\u0151ttek s\u00e9r\u00fcltek meg egy p\u00e1rizsi parkban"},"content":{"rendered":"<p><strong>Vill\u00e1mcsap\u00e1s k\u00f6vetkezt\u00e9ben legal\u00e1bb nyolc gyerek \u00e9s h\u00e1rom feln\u0151tt megs\u00e9r\u00fclt egy p\u00e1rizsi parkban, k\u00f6z\u00fcl\u00fck hatan s\u00falyosan. <\/strong><!--more--><\/p>\n<div class=\"ads-in-post1\"><div id=\"gazdasagportal.hu_fullbanner_wideboard\"><\/div>\r\n<\/div>\n<p>    &#8222;Jelenleg tizenegy s\u00e9r\u00fclt van, sajnos nyolc gyerekr\u0151l \u00e9s h\u00e1rom feln\u0151ttr\u0151l van sz\u00f3, aki k\u00eds\u00e9rte a kicsiket&#8221; &#8211; mondta Vincent Baladi, P\u00e1rizs VIII. ker\u00fclt\u00e9nek alpolg\u00e1rmestere az I-t\u00e9l\u00e9 francia h\u00edrtelev\u00edzi\u00f3ban. &#8222;Hat gyerek s\u00fcrg\u0151s ell\u00e1t\u00e1sra szorul, de rem\u00e9lj\u00fck fel\u00e9p\u00fclnek&#8221; &#8211; tette hozz\u00e1. A s\u00e9r\u00fcltek \u00e9g\u00e9si s\u00e9r\u00fcl\u00e9seket szenvedtek a vill\u00e1mcsap\u00e1s miatt.<br \/>\n    A baleset a p\u00e1rizsi Monceau parkban t\u00f6rt\u00e9nt, nem sokkal d\u00e9lut\u00e1n 3 \u00f3ra ut\u00e1n, amikor is hatalmas vihar csapott le a francia f\u0151v\u00e1rosra. A gyerekek k\u00eds\u00e9r\u0151j\u00fckkel egy\u00fctt egy fa al\u00e1 menek\u00fcltek a szakad\u00f3 es\u0151 el\u00f6l, amelybe belecsapott a vill\u00e1m.<br \/>\n    A helysz\u00ednre \u00e9rkez\u0151 t\u0171zolt\u00f3k szerint a gyerekek nem a kid\u0151lt f\u00e1t\u00f3l s\u00e9r\u00fcltek meg, ahogy az el\u0151sz\u00f6r gondolni lehetett. Az egyik gyereket, akinek meg\u00e1llt a sz\u00edve, a parkban tart\u00f3zkod\u00f3 egyik szabadnapos t\u0171zolt\u00f3 \u00e9lesztette \u00fajra.<br \/>\n    A meteorol\u00f3giai szolg\u00e1lat t\u00f6bb francia r\u00e9gi\u00f3ban is heves viharokat jelzett el\u0151re a f\u00fclledt meleget k\u00f6vet\u0151en, de ezek k\u00f6z\u00f6tt nem szerepelt a p\u00e1rizsi r\u00e9gi\u00f3, ez\u00e9rt nagyon sokan tart\u00f3zkodtak az utc\u00e1kon \u00e9s a parkokban, amikor a vihar meg\u00e9rkezett.<br \/>\n    &#8222;A vill\u00e1m nagyon hirtelen csapott le&#8221; &#8211; mondta az alpolg\u00e1rmester, aki szerint a kedvelt p\u00e1rizsi parkban sz\u00e1mos csal\u00e1d piknikezett szombaton.<br \/>\n    A baleset ut\u00e1n a parkot a t\u0171zolt\u00f3s\u00e1g ki\u00fcr\u00edtette \u00e9s lez\u00e1rta.(MTI)<\/p>\n","protected":false},"excerpt":{"rendered":"<p>Vill\u00e1mcsap\u00e1s k\u00f6vetkezt\u00e9ben legal\u00e1bb nyolc gyerek \u00e9s h\u00e1rom feln\u0151tt megs\u00e9r\u00fclt egy p\u00e1rizsi parkban, k\u00f6z\u00fcl\u00fck hatan s\u00falyosan.<\/p>\n","protected":false},"author":1,"featured_media":0,"comment_status":"open","ping_status":"closed","sticky":false,"template":"","format":"standard","meta":[],"categories":[12],"tags":[],"_links":{"self":[{"href":"https:\/\/gazdasagportal.hu\/index.php\/wp-json\/wp\/v2\/posts\/80078"}],"collection":[{"href":"https:\/\/gazdasagportal.hu\/index.php\/wp-json\/wp\/v2\/posts"}],"about":[{"href":"https:\/\/gazdasagportal.hu\/index.php\/wp-json\/wp\/v2\/types\/post"}],"author":[{"embeddable":true,"href":"https:\/\/gazdasagportal.hu\/index.php\/wp-json\/wp\/v2\/users\/1"}],"replies":[{"embeddable":true,"href":"https:\/\/gazdasagportal.hu\/index.php\/wp-json\/wp\/v2\/comments?post=80078"}],"version-history":[{"count":1,"href":"https:\/\/gazdasagportal.hu\/index.php\/wp-json\/wp\/v2\/posts\/80078\/revisions"}],"predecessor-version":[{"id":80079,"href":"https:\/\/gazdasagportal.hu\/index.php\/wp-json\/wp\/v2\/posts\/80078\/revisions\/80079"}],"wp:attachment":[{"href":"https:\/\/gazdasagportal.hu\/index.php\/wp-json\/wp\/v2\/media?parent=80078"}],"wp:term":[{"taxonomy":"category","embeddable":true,"href":"https:\/\/gazdasagportal.hu\/index.php\/wp-json\/wp\/v2\/categories?post=80078"},{"taxonomy":"post_tag","embeddable":true,"href":"https:\/\/gazdasagportal.hu\/index.php\/wp-json\/wp\/v2\/tags?post=80078"}],"curies":[{"name":"wp","href":"https:\/\/api.w.org\/{rel}","templated":true}]}}