{"id":79968,"date":"2016-05-27T06:10:21","date_gmt":"2016-05-27T04:10:21","guid":{"rendered":"http:\/\/gazdasagportal.hu\/?p=79968"},"modified":"2016-05-26T22:10:57","modified_gmt":"2016-05-26T20:10:57","slug":"a-kkv-k-tozsdere-jutasanak-segitese-jo-a-gazdasagnak","status":"publish","type":"post","link":"https:\/\/gazdasagportal.hu\/index.php\/a-kkv-k-tozsdere-jutasanak-segitese-jo-a-gazdasagnak\/","title":{"rendered":"A kkv-k t\u0151zsd\u00e9re jut\u00e1s\u00e1nak seg\u00edt\u00e9se j\u00f3 a gazdas\u00e1gnak"},"content":{"rendered":"<p><strong>A kis- \u00e9s k\u00f6z\u00e9pv\u00e1llalkoz\u00e1sok (kkv) t\u0151zsd\u00e9re jut\u00e1s\u00e1nak seg\u00edt\u00e9se hossz\u00fa t\u00e1von is el\u0151seg\u00edti a gazdas\u00e1g el\u0151remenetel\u00e9t; ez csak a kezdet, a korm\u00e1ny tov\u00e1bbra is szeretne hozz\u00e1j\u00e1rulni ahhoz, hogy ezen az \u00faton tov\u00e1bb lehessen haladni &#8211; mondta Hornung \u00c1gnes, a Nemzetgazdas\u00e1gi Miniszt\u00e9rium (NGM) p\u00e9nz\u00fcgyek\u00e9rt felel\u0151s \u00e1llamtitk\u00e1ra cs\u00fct\u00f6rt\u00f6k\u00f6n egy konferenci\u00e1n. <\/strong><!--more--><\/p>\n<div class=\"ads-in-post1\"><div id=\"gazdasagportal.hu_fullbanner_wideboard\"><\/div>\r\n<\/div>\n<p>    Az \u00e1llamtitk\u00e1r a Magyar K\u00f6zgazdas\u00e1gi T\u00e1rsas\u00e1g (MKT) P\u00e9nz\u00fcgyi Szakoszt\u00e1lya \u00e9s a Budapesti \u00c9rt\u00e9kt\u0151zsde (B\u00c9T) \u00e1ltal T\u0151zsdefejleszt\u00e9s \u00e9s n\u00f6veked\u00e9s c\u00edmmel szervezett t\u0151kepiaci konferenci\u00e1n hangs\u00falyozta: nemcsak Magyarorsz\u00e1gon, hanem Eur\u00f3pa-szerte a kkv-k alkotj\u00e1k a gazdas\u00e1g gerinc\u00e9t, \u00e9s a foglalkoztat\u00e1sban is \u00f3ri\u00e1si szerepet v\u00e1llalnak.<br \/>\n    A t\u0151kepiaci t\u00f6rv\u00e9ny m\u00f3dos\u00edt\u00e1s\u00e1nak egyik legfontosabb eleme a kkv-k t\u0151zsd\u00e9re jut\u00e1s\u00e1nak seg\u00edt\u00e9se. A jogszab\u00e1lym\u00f3dos\u00edt\u00e1s els\u0151 l\u00e9p\u00e9sk\u00e9nt lehet\u0151v\u00e9 tette \u00faj kereskedelmi platformok m\u0171k\u00f6d\u00e9s\u00e9t, ami seg\u00edti finansz\u00edroz\u00e1si sz\u00fcks\u00e9glet\u00fck kiel\u00e9g\u00edt\u00e9s\u00e9t.<br \/>\n        Nagy M\u00e1rton, a Magyar Nemzeti Bank (MNB) aleln\u00f6ke, a B\u00c9T eln\u00f6ke \u00e9s az MKT p\u00e9nz\u00fcgyi szakoszt\u00e1ly\u00e1nak eln\u00f6ke a konferenci\u00e1n kifejtette, ha az 50 legjobb v\u00e1llalatot bevezetn\u00e9k a t\u0151zsd\u00e9re, a B\u00c9T piaci kapitaliz\u00e1ci\u00f3ja ak\u00e1r 5 sz\u00e1zal\u00e9kkal is n\u0151hetne.<br \/>\n    A v\u00e1llalatoknak most nem neh\u00e9z finansz\u00edroz\u00e1si forr\u00e1st tal\u00e1lniuk, 2020 ut\u00e1n azonban jelent\u0151sen cs\u00f6kkennek az uni\u00f3s forr\u00e1sok, a jegybank programjai is elt\u0171nnek, a v\u00e1llalatoknak fel kell k\u00e9sz\u00fclni\u00fck arra, hogy piaci forr\u00e1sb\u00f3l finansz\u00edrozz\u00e1k magukat, ez\u00e9rt a t\u0151kepiac meger\u0151s\u00edt\u00e9se nagyon fontos &#8211; hangs\u00falyozta Nagy M\u00e1rton.<br \/>\n    A kibocs\u00e1t\u00f3k motiv\u00e1ci\u00f3ja a t\u0151zsd\u00e9re l\u00e9p\u00e9shez a privatiz\u00e1ci\u00f3, az \u00e9rt\u00e9km\u00e9r\u00e9s \u00e9s a t\u0151kebevon\u00e1s lehet. A t\u0151zsd\u00e9re l\u00e9p\u00e9s val\u00f3sz\u00edn\u0171s\u00e9g\u00e9t n\u00e9gy t\u00e9nyez\u0151 &#8211; a m\u00e9ret, a kor, a n\u00f6veked\u00e9s \u00e9s a t\u0151ke\u00e1tt\u00e9tel &#8211; befoly\u00e1solja, az els\u0151 h\u00e1rom hat\u00e1sa pozit\u00edv, m\u00edg az utols\u00f3\u00e9 negat\u00edv.<br \/>\n     A B\u00c9T felm\u00e9r\u00e9se szerint a legink\u00e1bb t\u0151zsdek\u00e9pesnek \u00edt\u00e9lt top 50 kkv az \u00e1rbev\u00e9tel, a m\u00e9rlegf\u0151sszeg \u00e9s a l\u00e9tsz\u00e1m alapj\u00e1n nem t\u0171nik ki a t\u00e1rsai k\u00f6z\u00fcl, a mutat\u00f3k n\u00f6veked\u00e9s\u00e9nek m\u00e9rt\u00e9k\u00e9ben azonban igen, az els\u0151 k\u00e9t t\u00e9nyez\u0151ben 25 sz\u00e1zal\u00e9k feletti, a harmadikn\u00e1l 10 sz\u00e1zal\u00e9k feletti \u00e9ves n\u00f6veked\u00e9st k\u00e9pesek felmutatni. Az \u00e1tlagos \u00e9letkort tekintve nem k\u00fcl\u00f6nb\u00f6znek, j\u00f6vedelmez\u0151s\u00e9g\u00fck t\u00f6bb mint k\u00e9tszeres, er\u0151sen exportorien\u00e1ltak, az idegen forr\u00e1sok ar\u00e1nya kisebb \u00e9s jobb kock\u00e1zati mutat\u00f3kkal rendelkeznek &#8211; ismertette Nagy M\u00e1rton. A t\u0151zsdek\u00e9pes v\u00e1llalatok 44 sz\u00e1zal\u00e9ka K\u00f6z\u00e9p-Magyarorsz\u00e1gon m\u0171k\u00f6dik, t\u00f6bbs\u00e9g\u00fck a feldolgoz\u00f3iparban tev\u00e9kenykedik, kisebbs\u00e9g\u00fck az \u00e9p\u00edt\u0151iparban \u00e9s a kommunik\u00e1ci\u00f3s szektorban.(MTI)<\/p>\n","protected":false},"excerpt":{"rendered":"<p>A kis- \u00e9s k\u00f6z\u00e9pv\u00e1llalkoz\u00e1sok (kkv) t\u0151zsd\u00e9re jut\u00e1s\u00e1nak seg\u00edt\u00e9se hossz\u00fa t\u00e1von is el\u0151seg\u00edti a gazdas\u00e1g el\u0151remenetel\u00e9t; ez csak a kezdet, a korm\u00e1ny tov\u00e1bbra is szeretne hozz\u00e1j\u00e1rulni ahhoz, hogy ezen az \u00faton tov\u00e1bb lehessen haladni &#8211; mondta Hornung \u00c1gnes, a Nemzetgazdas\u00e1gi Miniszt\u00e9rium (NGM) p\u00e9nz\u00fcgyek\u00e9rt felel\u0151s \u00e1llamtitk\u00e1ra cs\u00fct\u00f6rt\u00f6k\u00f6n egy konferenci\u00e1n.<\/p>\n","protected":false},"author":1,"featured_media":0,"comment_status":"open","ping_status":"closed","sticky":false,"template":"","format":"standard","meta":[],"categories":[19,7],"tags":[],"_links":{"self":[{"href":"https:\/\/gazdasagportal.hu\/index.php\/wp-json\/wp\/v2\/posts\/79968"}],"collection":[{"href":"https:\/\/gazdasagportal.hu\/index.php\/wp-json\/wp\/v2\/posts"}],"about":[{"href":"https:\/\/gazdasagportal.hu\/index.php\/wp-json\/wp\/v2\/types\/post"}],"author":[{"embeddable":true,"href":"https:\/\/gazdasagportal.hu\/index.php\/wp-json\/wp\/v2\/users\/1"}],"replies":[{"embeddable":true,"href":"https:\/\/gazdasagportal.hu\/index.php\/wp-json\/wp\/v2\/comments?post=79968"}],"version-history":[{"count":1,"href":"https:\/\/gazdasagportal.hu\/index.php\/wp-json\/wp\/v2\/posts\/79968\/revisions"}],"predecessor-version":[{"id":79969,"href":"https:\/\/gazdasagportal.hu\/index.php\/wp-json\/wp\/v2\/posts\/79968\/revisions\/79969"}],"wp:attachment":[{"href":"https:\/\/gazdasagportal.hu\/index.php\/wp-json\/wp\/v2\/media?parent=79968"}],"wp:term":[{"taxonomy":"category","embeddable":true,"href":"https:\/\/gazdasagportal.hu\/index.php\/wp-json\/wp\/v2\/categories?post=79968"},{"taxonomy":"post_tag","embeddable":true,"href":"https:\/\/gazdasagportal.hu\/index.php\/wp-json\/wp\/v2\/tags?post=79968"}],"curies":[{"name":"wp","href":"https:\/\/api.w.org\/{rel}","templated":true}]}}