{"id":79960,"date":"2016-05-27T04:44:21","date_gmt":"2016-05-27T02:44:21","guid":{"rendered":"http:\/\/gazdasagportal.hu\/?p=79960"},"modified":"2016-05-26T22:06:00","modified_gmt":"2016-05-26T20:06:00","slug":"brusszel-bosszut-all-a-kotelezettsegszegesi-eljarassal","status":"publish","type":"post","link":"https:\/\/gazdasagportal.hu\/index.php\/brusszel-bosszut-all-a-kotelezettsegszegesi-eljarassal\/","title":{"rendered":"Br\u00fcsszel bossz\u00fat \u00e1ll a k\u00f6telezetts\u00e9gszeg\u00e9si elj\u00e1r\u00e1ssal"},"content":{"rendered":"<p><strong>Az Emberi Er\u0151forr\u00e1sok Miniszt\u00e9riuma (Emmi) szerint Br\u00fcsszel bossz\u00fat \u00e1ll a k\u00f6telezetts\u00e9gszeg\u00e9si elj\u00e1r\u00e1ssal, ami\u00e9rt a korm\u00e1ny nem t\u00e1mogatja a bev\u00e1ndorl\u00f3k betelep\u00edt\u00e9s\u00e9t Magyarorsz\u00e1gra.<\/strong><!--more--><\/p>\n<div class=\"ads-in-post1\"><div id=\"gazdasagportal.hu_fullbanner_wideboard\"><\/div>\r\n<\/div>\n<p>    A t\u00e1rca az MTI-hez cs\u00fct\u00f6rt\u00f6k\u00f6n eljuttatott k\u00f6zlem\u00e9ny\u00e9ben arra reag\u00e1lt, hogy az Eur\u00f3pai Bizotts\u00e1g a roma gyerekek iskolai szegreg\u00e1ci\u00f3ja miatt k\u00f6telezetts\u00e9gszeg\u00e9si elj\u00e1r\u00e1st ind\u00edtott Magyarorsz\u00e1g ellen.<br \/>\n    \u00dagy fogalmaztak, hogy a proced\u00fara nem m\u00e1s, mint bossz\u00fa, ami\u00e9rt Magyarorsz\u00e1g egy\u00e9rtelm\u0171v\u00e9 tette, hogy felz\u00e1rk\u00f3z\u00e1si forr\u00e1sokat nem akar \u00e1tcsoportos\u00edtani migr\u00e1ci\u00f3s feladatokra. Br\u00fcsszel ugyanis tavaly \u0151sszel azzal a k\u00e9r\u00e9ssel fordult az uni\u00f3s tag\u00e1llamokhoz, hogy a felz\u00e1rk\u00f3z\u00e1si p\u00e9nzeket a bev\u00e1ndorl\u00f3k integr\u00e1ci\u00f3j\u00e1ra k\u00f6lts\u00e9k, a magyar korm\u00e1ny azonban ellentmondott, \u00e9s a r\u00e1szorul\u00f3 gyerekek felz\u00e1rk\u00f3z\u00e1s\u00e1ra ford\u00edtja az \u00f6sszegeket &#8211; magyar\u00e1zt\u00e1k.<br \/>\n    Az elj\u00e1r\u00e1s megind\u00edt\u00e1s\u00e1nak el\u0151k\u00e9sz\u00edt\u00e9se sor\u00e1n figyelmen k\u00edv\u00fcl hagyt\u00e1k a magas szint\u0171 tal\u00e1lkoz\u00f3kon bemutatott magyar v\u00e1laszokat &#8211; \u00edrt\u00e1k, hozz\u00e1t\u00e9ve: Br\u00fcsszel \u00e9rezhet\u0151en az\u00e9rt akarja b\u00fcntetni Magyarorsz\u00e1got, mert az nem t\u00e1mogatja a migr\u00e1nsok betelep\u00edt\u00e9s\u00e9t.<br \/>\n    \u00dagy folytatt\u00e1k: a kontinensen jelentkez\u0151 bev\u00e1ndorl\u00e1si hull\u00e1mt\u00f3l nem cs\u00f6kkentek Magyarorsz\u00e1g felz\u00e1rk\u00f3z\u00e1si \u00e9s roma integr\u00e1ci\u00f3s feladatai, ez\u00e9rt nem tudt\u00e1k t\u00e1mogatni az Eur\u00f3pai Uni\u00f3 (EU) javaslatait a felz\u00e1rk\u00f3z\u00e1si forr\u00e1sok \u00e1tcsoportos\u00edt\u00e1s\u00e1r\u00f3l migr\u00e1ci\u00f3s c\u00e9lokra. Az EU a bev\u00e1ndorl\u00f3k miatt a Magyarorsz\u00e1gon \u00e9l\u0151 legelesettebb t\u00e1rsadalmi r\u00e9teget akarja s\u00fajtani &#8211; \u00edrt\u00e1k.<br \/>\n    Hozz\u00e1f\u0171zt\u00e9k, hogy az elj\u00e1r\u00e1s megind\u00edt\u00e1sa az\u00e9rt is meglep\u0151, mert a kor\u00e1bbi uni\u00f3s vezet\u00e9s idej\u00e9n m\u00e9g a kritikusok is elismer\u0151en sz\u00f3ltak a felz\u00e1rk\u00f3z\u00e1s \u00e9rdek\u00e9ben tett magyar int\u00e9zked\u00e9sekr\u0151l.<br \/>\n    \u00c9vtizedek \u00f3ta megold\u00e1sra v\u00e1r\u00f3 feladat Magyarorsz\u00e1g h\u00e1tr\u00e1nyos helyzet\u0171 t\u00e9rs\u00e9geiben a min\u0151s\u00e9gi oktat\u00e1shoz val\u00f3 jobb hozz\u00e1f\u00e9r\u00e9s biztos\u00edt\u00e1sa. &#8222;Az ezzel kapcsolatos munk\u00e1t ezut\u00e1n is folytatjuk, ebben nem rend\u00edtett meg a br\u00fcsszeli bizotts\u00e1g k\u00f6zlem\u00e9nye&#8221; &#8211; hangs\u00falyozt\u00e1k.<br \/>\n    \u00dagy fogalmaztak, hogy a magyar korm\u00e1ny a felz\u00e1rk\u00f3z\u00e1si \u00e9s oktat\u00e1si programokban 2010 \u00f3ta megteremtette a t\u00e1mogat\u00e1si l\u00e1ncot a sz\u00fclet\u00e9st\u0151l az egyetemi \u00e9vekig. A h\u00e1rom \u00e9ven aluliaknak orsz\u00e1gszerte 112 Biztos Kezdet Gyerekh\u00e1z m\u0171k\u00f6dik, valamint tavaly \u00f3ta k\u00f6telez\u0151 az \u00f3vod\u00e1ba j\u00e1r\u00e1s, ahol a napi t\u00f6bbsz\u00f6ri \u00e9tkeztet\u00e9s ingyenes, \u00edgy jelent\u0151sen javul a r\u00e1szorul\u00f3 gyerekek helyzete. Az \u00e1ltal\u00e1nos \u00e9s k\u00f6z\u00e9piskol\u00e1kban mintegy tizenn\u00e9gyezer gyerek kap \u00f6szt\u00f6nd\u00edjat, a fels\u0151oktat\u00e1sban pedig majdnem k\u00e9tsz\u00e1z\u00f6tven tanul\u00f3 vesz r\u00e9szt a Kereszt\u00e9ny Roma Szakkoll\u00e9giumi H\u00e1l\u00f3zat programjaiban &#8211; sorolt\u00e1k.<br \/>\n    Az EU elutas\u00edtotta az eur\u00f3pai migr\u00e1ci\u00f3s alaphoz \u0151sszel beny\u00fajtott magyar s\u00fcrg\u0151ss\u00e9gi p\u00e1ly\u00e1zatot, amely az orsz\u00e1gba \u00e9rkez\u0151 k\u00eds\u00e9r\u0151 n\u00e9lk\u00fcli kiskor\u00faak elhelyez\u00e9s\u00e9re szolg\u00e1l\u00f3 f\u00e9r\u0151helyek b\u0151v\u00edt\u00e9s\u00e9t c\u00e9lozta &#8211; olvashat\u00f3 a k\u00f6zlem\u00e9nyben.(MTI)<\/p>\n","protected":false},"excerpt":{"rendered":"<p>Az Emberi Er\u0151forr\u00e1sok Miniszt\u00e9riuma (Emmi) szerint Br\u00fcsszel bossz\u00fat \u00e1ll a k\u00f6telezetts\u00e9gszeg\u00e9si elj\u00e1r\u00e1ssal, ami\u00e9rt a korm\u00e1ny nem t\u00e1mogatja a bev\u00e1ndorl\u00f3k betelep\u00edt\u00e9s\u00e9t Magyarorsz\u00e1gra.<\/p>\n","protected":false},"author":1,"featured_media":0,"comment_status":"open","ping_status":"closed","sticky":false,"template":"","format":"standard","meta":[],"categories":[4,19],"tags":[],"_links":{"self":[{"href":"https:\/\/gazdasagportal.hu\/index.php\/wp-json\/wp\/v2\/posts\/79960"}],"collection":[{"href":"https:\/\/gazdasagportal.hu\/index.php\/wp-json\/wp\/v2\/posts"}],"about":[{"href":"https:\/\/gazdasagportal.hu\/index.php\/wp-json\/wp\/v2\/types\/post"}],"author":[{"embeddable":true,"href":"https:\/\/gazdasagportal.hu\/index.php\/wp-json\/wp\/v2\/users\/1"}],"replies":[{"embeddable":true,"href":"https:\/\/gazdasagportal.hu\/index.php\/wp-json\/wp\/v2\/comments?post=79960"}],"version-history":[{"count":1,"href":"https:\/\/gazdasagportal.hu\/index.php\/wp-json\/wp\/v2\/posts\/79960\/revisions"}],"predecessor-version":[{"id":79961,"href":"https:\/\/gazdasagportal.hu\/index.php\/wp-json\/wp\/v2\/posts\/79960\/revisions\/79961"}],"wp:attachment":[{"href":"https:\/\/gazdasagportal.hu\/index.php\/wp-json\/wp\/v2\/media?parent=79960"}],"wp:term":[{"taxonomy":"category","embeddable":true,"href":"https:\/\/gazdasagportal.hu\/index.php\/wp-json\/wp\/v2\/categories?post=79960"},{"taxonomy":"post_tag","embeddable":true,"href":"https:\/\/gazdasagportal.hu\/index.php\/wp-json\/wp\/v2\/tags?post=79960"}],"curies":[{"name":"wp","href":"https:\/\/api.w.org\/{rel}","templated":true}]}}