{"id":79958,"date":"2016-05-27T04:24:47","date_gmt":"2016-05-27T02:24:47","guid":{"rendered":"http:\/\/gazdasagportal.hu\/?p=79958"},"modified":"2016-05-26T22:04:28","modified_gmt":"2016-05-26T20:04:28","slug":"ujabb-hajo-borult-a-tengerbe-libia-es-olaszorszag-kozott","status":"publish","type":"post","link":"https:\/\/gazdasagportal.hu\/index.php\/ujabb-hajo-borult-a-tengerbe-libia-es-olaszorszag-kozott\/","title":{"rendered":"\u00dajabb haj\u00f3 borult a tengerbe L\u00edbia \u00e9s Olaszorsz\u00e1g k\u00f6z\u00f6tt"},"content":{"rendered":"<p><strong>\u00dajabb migr\u00e1nsokkal teli haj\u00f3 borult a tengerbe a Szic\u00edliai szorosban cs\u00fct\u00f6rt\u00f6k\u00f6n: a ment\u00e9s folyamatban van, az els\u0151 inform\u00e1ci\u00f3k szerint legkevesebb harmincan \u00e9let\u00fcket vesz\u00edtett\u00e9k.<\/strong><!--more--><\/p>\n<div class=\"ads-in-post1\"><div id=\"gazdasagportal.hu_fullbanner_wideboard\"><\/div>\r\n<\/div>\n<p>    Az \u00fajabb haj\u00f3trag\u00e9dia a l\u00edbiai partokt\u00f3l harminc\u00f6t m\u00e9rf\u00f6ldnyire t\u00f6rt\u00e9nt. A L\u00edbia partjair\u00f3l Olaszorsz\u00e1g fel\u00e9 tart\u00f3, f\u00e1b\u00f3l k\u00e9sz\u00fclt haj\u00f3n mintegy sz\u00e1zan utaztak. A ment\u00e9st az olasz parti \u0151rs\u00e9g koordin\u00e1lja az EuNavforMed elnevez\u00e9s\u0171 eur\u00f3pai katonai m\u0171velet helysz\u00ednre siet\u0151, k\u00fcl\u00f6nb\u00f6z\u0151 nemzetis\u00e9g\u0171 hadihaj\u00f3inak \u00e9s helikoptereinek seg\u00edts\u00e9g\u00e9vel.<br \/>\n    Az EuNavforMed \u00e9s az olasz parti \u0151rs\u00e9g k\u00f6zl\u00e9se szerint eddig t\u00f6bb mint \u00f6tven embert siker\u00fclt kimenteni, legkevesebb harmincan veszhettek a tengerbe. A szerencs\u00e9tlen\u00fcl j\u00e1rt emberek a felborult haj\u00f3ba vagy k\u00f6telekbe kapaszkodnak, \u00e9s \u00fagy pr\u00f3b\u00e1lnak mened\u00e9ket tal\u00e1lni.<br \/>\n    H\u00e9tf\u0151 \u00f3ta mintegy hatezer migr\u00e1nst mentettek ki olasz \u00e9s m\u00e1s nemzetis\u00e9g\u0171 haj\u00f3k L\u00edbia \u00e9s D\u00e9l-Olaszorsz\u00e1g k\u00f6z\u00f6tt a tengerb\u0151l, t\u00f6bbs\u00e9g\u00fcket L\u00edbia partjain\u00e1l. Szerd\u00e1n szint\u00e9n L\u00edbi\u00e1hoz k\u00f6zel borult fel egy emberekkel teli haj\u00f3: t\u00f6bb mint f\u00e9lezer embert tudtak megmenteni, \u00f6t, m\u00e1s forr\u00e1sok szerint h\u00e9t ember holtan ker\u00fclt a fed\u00e9lzetre, t\u00f6bben a tengerbe vesztek. Egy kilenc h\u00f3napos kisl\u00e1ny \u00e1rv\u00e1n \u00e9rkezett meg olasz partokra, \u00e9desanyja, aki egy m\u00e1sik gyermeket is v\u00e1rt, nem \u00e9lte t\u00fal az \u00e1tkel\u00e9st.<br \/>\n    A Corriere della Sera c\u00edm\u0171 olasz napilapban k\u00f6z\u00f6lt sz\u00e1mok szerint az \u00e9v elej\u00e9t\u0151l szerd\u00e1ig mintegy 38 ezren \u00e9rkeztek az olasz partokra, ami a tavalyi \u00e9v ugyanezen id\u0151szak\u00e1n\u00e1l 9 sz\u00e1zal\u00e9kkal kevesebb. Az olaszorsz\u00e1gi befogad\u00f3-\u00e1llom\u00e1sokon azonban t\u00edzezerrel t\u00f6bben vannak &#8211; t\u00f6bb mint 115 ezren &#8211; mint tavaly ugyanilyenkor. A migr\u00e1nsokat f\u0151leg L\u00edbi\u00e1b\u00f3l, de m\u00e1r Egyiptomb\u00f3l is \u00fatnak ind\u00edt\u00f3 emberkeresked\u0151k f\u00e1b\u00f3l k\u00e9sz\u00fclt haj\u00f3kat vagy gumics\u00f3nakokat bocs\u00e1tanak tengerre.(MTI)<\/p>\n","protected":false},"excerpt":{"rendered":"<p>\u00dajabb migr\u00e1nsokkal teli haj\u00f3 borult a tengerbe a Szic\u00edliai szorosban cs\u00fct\u00f6rt\u00f6k\u00f6n: a ment\u00e9s folyamatban van, az els\u0151 inform\u00e1ci\u00f3k szerint legkevesebb harmincan \u00e9let\u00fcket vesz\u00edtett\u00e9k.<\/p>\n","protected":false},"author":1,"featured_media":0,"comment_status":"open","ping_status":"closed","sticky":false,"template":"","format":"standard","meta":[],"categories":[12],"tags":[],"_links":{"self":[{"href":"https:\/\/gazdasagportal.hu\/index.php\/wp-json\/wp\/v2\/posts\/79958"}],"collection":[{"href":"https:\/\/gazdasagportal.hu\/index.php\/wp-json\/wp\/v2\/posts"}],"about":[{"href":"https:\/\/gazdasagportal.hu\/index.php\/wp-json\/wp\/v2\/types\/post"}],"author":[{"embeddable":true,"href":"https:\/\/gazdasagportal.hu\/index.php\/wp-json\/wp\/v2\/users\/1"}],"replies":[{"embeddable":true,"href":"https:\/\/gazdasagportal.hu\/index.php\/wp-json\/wp\/v2\/comments?post=79958"}],"version-history":[{"count":1,"href":"https:\/\/gazdasagportal.hu\/index.php\/wp-json\/wp\/v2\/posts\/79958\/revisions"}],"predecessor-version":[{"id":79959,"href":"https:\/\/gazdasagportal.hu\/index.php\/wp-json\/wp\/v2\/posts\/79958\/revisions\/79959"}],"wp:attachment":[{"href":"https:\/\/gazdasagportal.hu\/index.php\/wp-json\/wp\/v2\/media?parent=79958"}],"wp:term":[{"taxonomy":"category","embeddable":true,"href":"https:\/\/gazdasagportal.hu\/index.php\/wp-json\/wp\/v2\/categories?post=79958"},{"taxonomy":"post_tag","embeddable":true,"href":"https:\/\/gazdasagportal.hu\/index.php\/wp-json\/wp\/v2\/tags?post=79958"}],"curies":[{"name":"wp","href":"https:\/\/api.w.org\/{rel}","templated":true}]}}