{"id":79956,"date":"2016-05-27T02:31:57","date_gmt":"2016-05-27T00:31:57","guid":{"rendered":"http:\/\/gazdasagportal.hu\/?p=79956"},"modified":"2016-05-26T22:02:48","modified_gmt":"2016-05-26T20:02:48","slug":"magyarorszagra-senkit-nem-lehet-visszatoloncolni","status":"publish","type":"post","link":"https:\/\/gazdasagportal.hu\/index.php\/magyarorszagra-senkit-nem-lehet-visszatoloncolni\/","title":{"rendered":"Magyarorsz\u00e1gra senkit nem lehet visszatoloncolni"},"content":{"rendered":"<p><strong>L\u00e1z\u00e1r J\u00e1nos k\u00f6zl\u00e9se szerint b\u00e1r t\u00f6bb eur\u00f3pai uni\u00f3s tag\u00e1llam is Magyarorsz\u00e1gra akar visszak\u00fcldeni bev\u00e1ndorl\u00f3kat, ide nem lehet visszatoloncolni senkit, G\u00f6r\u00f6gorsz\u00e1gba kell k\u00fcldeni az embereket.<\/strong><!--more--><\/p>\n<div class=\"ads-in-post1\"><div id=\"gazdasagportal.hu_fullbanner_wideboard\"><\/div>\r\n<\/div>\n<p>    A Minisztereln\u00f6ks\u00e9get vezet\u0151 miniszter cs\u00fct\u00f6rt\u00f6ki sajt\u00f3t\u00e1j\u00e9koztat\u00f3j\u00e1n kifejtette: Magyarorsz\u00e1gra k\u00fcl\u00f6nb\u00f6z\u0151 uni\u00f3s tag\u00e1llamokb\u00f3l mintegy 52 ezer embert akarnak visszatoloncolni, a legt\u00f6bbet N\u00e9metorsz\u00e1gb\u00f3l. Magyarorsz\u00e1g viszont minden partner\u00e9nek jelzi, hogy ezek a bev\u00e1ndorl\u00f3k G\u00f6r\u00f6gorsz\u00e1gon kereszt\u00fcl \u00e9rkeztek, \u00e9s ha nem is regisztr\u00e1ltak ott, ez nem jelenti azt, hogy Magyarorsz\u00e1gra kellene k\u00fcldeni \u0151ket &#8211; mondta.<br \/>\n    L\u00e1z\u00e1r J\u00e1nos felvetette, hogyan lehets\u00e9ges, hogy T\u00f6r\u00f6korsz\u00e1ggal megegyezik az EU, azt biztons\u00e1gos orsz\u00e1gnak tekinti, G\u00f6r\u00f6gorsz\u00e1got viszont nem. Ez nem tarthat\u00f3 \u00e1ll\u00e1spont &#8211; jelentette ki.<br \/>\n    K\u00e9rd\u00e9sre v\u00e1laszolva k\u00f6z\u00f6lte: ha valaki itt regisztr\u00e1l, \u00e9s nem G\u00f6r\u00f6gorsz\u00e1gban, az nem azt jelenti, hogy itt l\u00e9pett be az EU ter\u00fclet\u00e9re. A magyar hat\u00f3s\u00e1gok nyilatkoztatj\u00e1k az ide \u00e9rkez\u0151ket, hogy hol l\u00e9ptek be az uni\u00f3 ter\u00fclet\u00e9re, \u00edgy t\u00e9nyszer\u0171en bizony\u00edthat\u00f3, hogy nem Magyarorsz\u00e1gon, senki nem l\u00e9pett be itt az EU ter\u00fclet\u00e9re els\u0151 helyen, ez\u00e9rt az orsz\u00e1g visszautas\u00edtja a visszatoloncol\u00e1sokat &#8211; fogalmazott.<br \/>\n    A miniszter kiemelte: m\u00e9lt\u00e1nytalan azzal v\u00e1dolni az orsz\u00e1got, hogy nem seg\u00edt, ugyanis m\u00e1r id\u00e9n 300 politikai menek\u00fcltet befogadott, olyanokat, akikr\u0151l bebizonyosodott az \u00e1llam elj\u00e1r\u00e1sa alapj\u00e1n, hogy politikai menek\u00fcltek. Akik a magyar hat\u00e1rhoz j\u00f6nnek, azoknak kevesebb, mint t\u00edz sz\u00e1zal\u00e9ka vallja mag\u00e1t Sz\u00edri\u00e1b\u00f3l \u00e9rkez\u0151nek &#8211; jegyezte meg.<br \/>\n    L\u00e1z\u00e1r J\u00e1nos kit\u00e9rt r\u00e1: a korm\u00e1ny \u00e9rtes\u00fclt arr\u00f3l, hogy az Alkotm\u00e1nyb\u00edr\u00f3s\u00e1g (Ab) el\u0151tt a korm\u00e1ny n\u00e9pszavaz\u00e1si kezdem\u00e9nyez\u00e9s\u00e9t megt\u00e1madta egy mag\u00e1nszem\u00e9ly, de ez &#8222;nem \u00fajdons\u00e1g&#8221;. Tizen\u00f6t napos hat\u00e1rid\u0151 volt Ab-hez fordulni a referendum \u00fcgy\u00e9ben, \u00e9s most az Ab-nek harminc napja van a d\u00f6nt\u00e9sre, \u00edgy szeptemberben ker\u00fclhet sor arra a n\u00e9pszavaz\u00e1sra, amely az elm\u00falt 25 \u00e9v legfontosabb d\u00f6nt\u00e9s\u00e9r\u0151l sz\u00f3l &#8211; jegyezte meg.<br \/>\n    Magyarorsz\u00e1gon a bev\u00e1ndorl\u00e1ssal kapcsolatban alapvet\u0151en k\u00e9t \u00e1ll\u00e1spont van, a korm\u00e1ny \u00e9s a Fidesz szerint nem sz\u00fcks\u00e9ges a bev\u00e1ndorl\u00e1s, de ha m\u00e9gis, az csak ellen\u0151rz\u00f6tt \u00e9s szab\u00e1lyozott keretek k\u00f6z\u00f6tt t\u00f6rt\u00e9nhet, a baloldal \u00e1ll\u00e1spontja szerint viszont Eur\u00f3p\u00e1nak kell a bev\u00e1ndorl\u00e1s, szabadon be kell engedni \u00e9s az orsz\u00e1gok k\u00f6z\u00f6tt sz\u00e9tosztani a bev\u00e1ndorl\u00f3kat &#8211; magyar\u00e1zta. K\u00f6z\u00f6lte: Magyarorsz\u00e1g tiszteletben tartja bizonyos orsz\u00e1gok neh\u00e9zs\u00e9geit, de ha Magyarorsz\u00e1gnak sz\u00fcks\u00e9ge lenne munkaer\u0151re, azt \u00fagy oldan\u00e1 meg, hogy a fiatalokat t\u00e1mogatn\u00e1 min\u00e9l t\u00f6bb gyermek v\u00e1llal\u00e1s\u00e1ban, \u00e9s ezt javasolja Eur\u00f3p\u00e1nak is. Ha ez a megold\u00e1s nem lenne el\u00e9g Magyarorsz\u00e1gnak, a r\u00e9gi magyar ter\u00fcletekr\u0151l lehetne beh\u00edvni munkav\u00e1llal\u00f3kat &#8211; f\u0171zte hozz\u00e1.<br \/>\n    A miniszter arr\u00f3l is besz\u00e9lt, hogy egy \u00f6nkorm\u00e1nyzat hozhat olyan d\u00f6nt\u00e9st, hogy a k\u00f6zigazgat\u00e1si ter\u00fclet\u00e9n ne lehessen befogad\u00f3 \u00e1llom\u00e1s, de nincs joga \u00e9s lehet\u0151s\u00e9ge befogad\u00f3 ad\u00f3\u00e1llom\u00e1sokat l\u00e9tes\u00edtenie az \u00e1llam enged\u00e9lye n\u00e9lk\u00fcl, hiszen azt, hogy Magyarorsz\u00e1gon ki tart\u00f3zkodhat, az \u00e1llam hat\u00e1rozza meg.<br \/>\n    L\u00e1z\u00e1r J\u00e1nos sz\u00e1mos k\u00e9rd\u00e9st kapott a Soros Gy\u00f6rgy magyar sz\u00e1rmaz\u00e1s\u00fa amerikai \u00fczletemberrel kapcsolatos korm\u00e1nyzati megsz\u00f3lal\u00e1sok miatt. V\u00e1laszaiban felid\u00e9zte Bill Clinton volt amerikai eln\u00f6k Magyarorsz\u00e1got b\u00edr\u00e1l\u00f3 megjegyz\u00e9s\u00e9t, amely szerinte arra ad &#8222;kiv\u00e1l\u00f3 alkalmat&#8221;, hogy &#8222;Soros Gy\u00f6rgy magyarorsz\u00e1gi vagy k\u00f6z\u00e9p-eur\u00f3pai szerep\u00e9ben teljesen vil\u00e1gosan l\u00e1sson mindenki&#8221;.<br \/>\n    Hangs\u00falyozta, Magyarorsz\u00e1g \u00e9rdekelt a j\u00f3 magyar-amerikai sz\u00f6vets\u00e9gesi viszonyban, &#8222;de nem mi pr\u00f3b\u00e1ltuk Amerika bok\u00e1j\u00e1t harapd\u00e1lni (&#8230;), hanem egy jelent\u0151s amerikai szem\u00e9lyis\u00e9g, Clinton eln\u00f6k pr\u00f3b\u00e1lta Magyarorsz\u00e1got orrba v\u00e1gni&#8221;, amit nem lehet sz\u00f3 n\u00e9lk\u00fcl hagyni.<br \/>\n    Soros Gy\u00f6rgyr\u0151l a miniszter azt mondta: az \u00fczletember Magyarorsz\u00e1got olyan orsz\u00e1gk\u00e9nt jel\u00f6lte meg, amely \u00fatj\u00e1ban \u00e1ll az Eur\u00f3p\u00e1t szerinte megseg\u00edt\u0151 bev\u00e1ndorl\u00e1snak. Soros Gy\u00f6rgy \u00fagy hat\u00e1rozta meg mag\u00e1t mint Orb\u00e1n Viktor korm\u00e1ny\u00e1nak direkt ellenz\u00e9ke &#8211; tette hozz\u00e1.<br \/>\n    A sajt\u00f3t\u00e1j\u00e9koztat\u00f3n megk\u00e9rdezt\u00e9k Kov\u00e1cs Zolt\u00e1n korm\u00e1nysz\u00f3viv\u0151t arr\u00f3l, hogy kor\u00e1bban Soros-\u00f6szt\u00f6nd\u00edjat kapott. Erre \u00fagy reag\u00e1lt: egyetlen olyan tanulm\u00e1nyi \u00f6szt\u00f6nd\u00edjat sem kapott, amelyhez z\u00e1rad\u00e9kk\u00e9nt oda\u00edrt\u00e1k volna, hogyan kell politikailag gondolkodnia. Szerinte a kor\u00e1bbi civil \u00e9let\u00e9nek semmi k\u00f6ze ahhoz, hogy 2010 \u00f3ta milyen politikai tev\u00e9kenys\u00e9get v\u00e9gez.<br \/>\n    L\u00e1z\u00e1r J\u00e1nos a t\u00e9m\u00e1ban azt mondta: megk\u00e9rdezte az \u00fcgyben Orb\u00e1n Viktor minisztereln\u00f6k\u00f6t, aki maga is Soros-\u00f6szt\u00f6nd\u00edjjal tanult. A korm\u00e1nyf\u0151 azt felelte neki &#8211; id\u00e9zte a v\u00e1lasz\u00e1t -, hogy ha ez probl\u00e9ma, \u00e9s Soros Gy\u00f6rgynek kell a p\u00e9nz, akkor minden \u00e9rintett fideszes politikus, illetve korm\u00e1nyzati szerepl\u0151 visszafizeti az \u00f6szt\u00f6nd\u00edjat.(MTI)<\/p>\n","protected":false},"excerpt":{"rendered":"<p>L\u00e1z\u00e1r J\u00e1nos k\u00f6zl\u00e9se szerint b\u00e1r t\u00f6bb eur\u00f3pai uni\u00f3s tag\u00e1llam is Magyarorsz\u00e1gra akar visszak\u00fcldeni bev\u00e1ndorl\u00f3kat, ide nem lehet visszatoloncolni senkit, G\u00f6r\u00f6gorsz\u00e1gba kell k\u00fcldeni az embereket.<\/p>\n","protected":false},"author":1,"featured_media":0,"comment_status":"open","ping_status":"closed","sticky":false,"template":"","format":"standard","meta":[],"categories":[4],"tags":[],"_links":{"self":[{"href":"https:\/\/gazdasagportal.hu\/index.php\/wp-json\/wp\/v2\/posts\/79956"}],"collection":[{"href":"https:\/\/gazdasagportal.hu\/index.php\/wp-json\/wp\/v2\/posts"}],"about":[{"href":"https:\/\/gazdasagportal.hu\/index.php\/wp-json\/wp\/v2\/types\/post"}],"author":[{"embeddable":true,"href":"https:\/\/gazdasagportal.hu\/index.php\/wp-json\/wp\/v2\/users\/1"}],"replies":[{"embeddable":true,"href":"https:\/\/gazdasagportal.hu\/index.php\/wp-json\/wp\/v2\/comments?post=79956"}],"version-history":[{"count":1,"href":"https:\/\/gazdasagportal.hu\/index.php\/wp-json\/wp\/v2\/posts\/79956\/revisions"}],"predecessor-version":[{"id":79957,"href":"https:\/\/gazdasagportal.hu\/index.php\/wp-json\/wp\/v2\/posts\/79956\/revisions\/79957"}],"wp:attachment":[{"href":"https:\/\/gazdasagportal.hu\/index.php\/wp-json\/wp\/v2\/media?parent=79956"}],"wp:term":[{"taxonomy":"category","embeddable":true,"href":"https:\/\/gazdasagportal.hu\/index.php\/wp-json\/wp\/v2\/categories?post=79956"},{"taxonomy":"post_tag","embeddable":true,"href":"https:\/\/gazdasagportal.hu\/index.php\/wp-json\/wp\/v2\/tags?post=79956"}],"curies":[{"name":"wp","href":"https:\/\/api.w.org\/{rel}","templated":true}]}}