{"id":79954,"date":"2016-05-27T03:40:38","date_gmt":"2016-05-27T01:40:38","guid":{"rendered":"http:\/\/gazdasagportal.hu\/?p=79954"},"modified":"2016-05-26T22:01:51","modified_gmt":"2016-05-26T20:01:51","slug":"a-cafeteria-keszpenzesitesenek-vizsgalatara-kerte-a-kormany-varga-mihalyt","status":"publish","type":"post","link":"https:\/\/gazdasagportal.hu\/index.php\/a-cafeteria-keszpenzesitesenek-vizsgalatara-kerte-a-kormany-varga-mihalyt\/","title":{"rendered":"A cafeteria k\u00e9szp\u00e9nzes\u00edt\u00e9s\u00e9nek vizsg\u00e1lat\u00e1ra k\u00e9rte a korm\u00e1ny Varga Mih\u00e1lyt"},"content":{"rendered":"<p><strong>A korm\u00e1ny arra k\u00e9rte Varga Mih\u00e1ly nemzetgazdas\u00e1gi minisztert, vizsg\u00e1lja meg a k\u00f6vetkez\u0151 napokban, hogyan lehets\u00e9ges k\u00e9szp\u00e9nzes\u00edteni a cafeteri\u00e1t &#8211; k\u00f6z\u00f6lte L\u00e1z\u00e1r J\u00e1nos Minisztereln\u00f6ks\u00e9get vezet\u0151 miniszter szok\u00e1sos cs\u00fct\u00f6rt\u00f6ki sajt\u00f3t\u00e1j\u00e9koztat\u00f3j\u00e1n, Budapesten.<\/strong><!--more--><\/p>\n<div class=\"ads-in-post1\"><div id=\"gazdasagportal.hu_fullbanner_wideboard\"><\/div>\r\n<\/div>\n<p>    A tervek szerint a mag\u00e1nszektorban adhat\u00f3 450 ezer forintos cafeteri\u00e1t \u00fagy alak\u00edtan\u00e1k \u00e1t, hogy abb\u00f3l 100 ezer forint k\u00e9szp\u00e9nz lenne, 350 ezer forint pedig SZ\u00c9P-k\u00e1rty\u00e1ra ker\u00fclne. A k\u00f6zszf\u00e9r\u00e1ban 200 ezer forintban maxim\u00e1lt cafeteri\u00e1b\u00f3l 100 ezer forintot fizetn\u00e9nek k\u00e9szp\u00e9nzben, 100 ezret pedig SZ\u00c9P-k\u00e1rty\u00e1ra. Varga Mih\u00e1lynak ezt a lehet\u0151s\u00e9get kell megvizsg\u00e1lnia &#8211; k\u00f6z\u00f6lte L\u00e1z\u00e1r J\u00e1nos.<br \/>\n    A miniszter elmondta, a szerdai korm\u00e1ny\u00fcl\u00e9sen a f\u0151 t\u00e9ma a j\u00f6v\u0151 \u00e9vi k\u00f6lts\u00e9gvet\u00e9si t\u00f6rv\u00e9nyjavaslat volt, amely \u00e9rdemben befoly\u00e1solja majd minden magyar csal\u00e1d \u00e9let\u00e9t, hozz\u00e1j\u00e1rulhat ugyanis az \u00e9letsz\u00ednvonal emelked\u00e9s\u00e9hez \u00e9s a keresetek n\u00f6veked\u00e9s\u00e9hez.<br \/>\n    Elmondta, j\u00f6v\u0151re 787 milli\u00e1rdot ford\u00edtanak a k\u00f6zszf\u00e9ra dolgoz\u00f3inak b\u00e9remel\u00e9s\u00e9re, ez mintegy egymilli\u00f3 embert \u00e9rint. A magyar gazdas\u00e1g n\u00f6veked\u00e9si \u00fctem\u00e9n\u00e9l nagyobb ar\u00e1ny\u00fa b\u00e9remel\u00e9st val\u00f3s\u00edtanak meg &#8211; emelte ki -, de a k\u00f6zszf\u00e9r\u00e1ban r\u00e9g\u00f3ta elmaradt b\u00e9remel\u00e9st p\u00f3tolni kell.<br \/>\n    A k\u00f6zszektorban 2016-ban 561 milli\u00e1rd forintot tett ki az \u00f6sszes b\u00e9remel\u00e9s, 284 milli\u00e1rd forintot a pedag\u00f3gusok, 143 milli\u00e1rdot a rendv\u00e9delmi dolgoz\u00f3k b\u00e9remel\u00e9s\u00e9re ford\u00edtanak. 2017-ben 343 milli\u00e1rd forintot ford\u00edtanak a pedag\u00f3gusok, 161 milli\u00e1rdot a rendv\u00e9delmi dolgoz\u00f3k, 148,8 milli\u00e1rdot az eg\u00e9szs\u00e9g\u00fcgyi dolgoz\u00f3k, 42 milli\u00e1rdot a korm\u00e1nytisztvisel\u0151k, 27 milli\u00e1rdot az ad\u00f3hat\u00f3s\u00e1g munkat\u00e1rsainak b\u00e9remel\u00e9s\u00e9re, \u00e9s a b\u00edr\u00f3s\u00e1gokat t\u00e1mogat\u00f3 b\u00e9remel\u00e9s, valamint a szoci\u00e1lis dolgoz\u00f3k b\u00e9remel\u00e9se is 30 milli\u00e1rd forintos t\u00e9tel lesz &#8211; mondta.<br \/>\n    K\u00f6z\u00f6lte azt is: 2017-ben a k\u00f6lts\u00e9gvet\u00e9s bev\u00e9telei fedezik a m\u0171k\u00f6dtet\u00e9shez sz\u00fcks\u00e9ges k\u00f6lts\u00e9geket. A fejleszt\u00e9sek n\u00e9lk\u00fcl szufficites lenne a b\u00fcdzs\u00e9, a fejleszt\u00e9sekkel null\u00e1s egyenleg\u0171, de az orsz\u00e1g \u00e9rdek\u00e9ben k\u00f6lteni kell a fejleszt\u00e9sekre &#8211; mutatott r\u00e1.<br \/>\n    L\u00e1z\u00e1r J\u00e1nos eml\u00e9keztetett: 2010 ut\u00e1n meg\u00f6r\u00f6k\u00f6lte a korm\u00e1ny a gazdas\u00e1gi cs\u0151d\u00f6t, de Magyarorsz\u00e1g a t\u00f6rv\u00e9nyhoz\u00e1s hat\u00e9konys\u00e1g\u00e1nak, a v\u00e1laszt\u00f3polg\u00e1rok t\u00e1mogat\u00e1s\u00e1nak \u00e9s a szerencs\u00e9nek k\u00f6sz\u00f6nhet\u0151en elker\u00fclte, hogy cs\u0151d\u00f6t kelljen jelenteni a szocialista korm\u00e1nyz\u00e1s ut\u00e1n. Ebb\u0151l az id\u0151szakb\u00f3l kil\u00e9pve, az orsz\u00e1got \u00e1talak\u00edtva, a gazdas\u00e1got meg\u00faj\u00edtva lehetett el\u0151sz\u00f6r 2012-ben b\u00e9remel\u00e9sre k\u00f6lteni 44 milli\u00e1rd forintot, az\u00f3ta folyamatosan n\u0151nek a b\u00e9rek &#8211; mondta.<br \/>\n    A korm\u00e1ny\u00fcl\u00e9sen Varga Mih\u00e1ly t\u00e1j\u00e9koztat\u00e1st adott a gazdas\u00e1gi adatokr\u00f3l is &#8211; folytatta -, a legfontosabbnak azt nevezve, hogy t\u00f6retlen\u00fcl n\u0151 a munkav\u00e1llal\u00f3k sz\u00e1ma, jelenleg 4,3 milli\u00f3an dolgoznak &#8211; csaknem 600 ezerrel t\u00f6bben, mint 2010-ben -, a munkan\u00e9lk\u00fclis\u00e9g pedig 6 sz\u00e1zal\u00e9k alatt van. Emellett kiemelte az alacsony infl\u00e1ci\u00f3t \u00e9s jegybanki alapkamatot, valamint a cs\u00f6kken\u0151 \u00e1llamad\u00f3ss\u00e1got.<br \/>\n    A Minisztereln\u00f6ks\u00e9g vezet\u0151je elmondta, hogy a korm\u00e1ny a n\u00f6veked\u00e9si adattal is foglalkozott &#8211; az els\u0151 negyed\u00e9ves magyar GDP-adat a v\u00e1rtn\u00e1l gyeng\u00e9bb volt -, \u00e9s a &#8222;k\u00f6vetkez\u0151 h\u00f3napokban l\u00e9p\u00e9seket tervez\u00fcnk&#8221;. Az EU-s forr\u00e1sok tov\u00e1bbi gyors\u00edt\u00e1sa \u00e9s a hozz\u00e1f\u00e9r\u00e9s er\u0151s\u00edt\u00e9se c\u00e9lj\u00e1b\u00f3l m\u00e1r h\u00e9tf\u0151n d\u00f6nt\u00e9sek sz\u00fclethetnek. Semmilyen &#8222;v\u00e1ls\u00e1g\u00e9rtekezlet&#8221; nem volt az \u00fcgyben, hiszen a gazdas\u00e1g b\u0151v\u00fclt &#8211; c\u00e1folta az err\u0151l sz\u00f3l\u00f3 sajt\u00f3h\u00edrt, hozz\u00e1t\u00e9ve: a korm\u00e1ny v\u00e1rakoz\u00e1sa tov\u00e1bbra is az, hogy 3 sz\u00e1zal\u00e9k k\u00f6zeli lesz a n\u00f6veked\u00e9s id\u00e9n.<br \/>\n    A Fitch Ratings hitelmin\u0151s\u00edt\u0151 Magyarorsz\u00e1got felmin\u0151s\u00edt\u0151 d\u00f6nt\u00e9s\u00e9t L\u00e1z\u00e1r J\u00e1nos \u00fagy komment\u00e1lta: a h\u00edr \u00f6nmag\u00e1ban nem hozta l\u00e1zba a korm\u00e1nyt, amely ugyanilyen nyugalommal viselte a lemin\u0151s\u00edt\u00e9st is. A kabinet m\u00e1r akkor is jelezte, hogy a magyar gazdas\u00e1g meg\u00faj\u00edt\u00e1s\u00e1hoz id\u0151 kell &#8211; id\u00e9zte fel.<br \/>\n    A miniszter a t\u00e1j\u00e9koztat\u00f3n arr\u00f3l is besz\u00e1molt, hogy a Magyar Fejleszt\u00e9si Bank programot ind\u00edt a mag\u00e1ntulajdonban l\u00e9v\u0151 lak\u00e1sok energiakorszer\u0171s\u00edt\u00e9s\u00e9nek t\u00e1mogat\u00e1s\u00e1ra.<br \/>\n    A korm\u00e1ny legk\u00f6zelebb j\u00f6v\u0151 h\u00e9tf\u0151n, majd p\u00e9nteken \u00fcl\u00e9sezik legk\u00f6zelebb. Ezen t\u00e9ma lesz egyebek mellett a tejipar helyzete: megvizsg\u00e1lj\u00e1k, hogy a tej\u00e1gazatban tervezett \u00e1facs\u00f6kkent\u00e9s hogyan \u00e9rinti a termel\u0151ket, akikkel err\u0151l t\u00e1rgyalni is fognak. Emellett \u00e1ttekintik az iskolatejprogramot is.<br \/>\n    A f\u0151v\u00e1rosi p\u00e1lyaudvarok sors\u00e1r\u00f3l j\u00f6v\u0151 p\u00e9nteken v\u00e1rhat\u00f3 d\u00f6nt\u00e9s, miut\u00e1n \u00fajabb hat\u00e1stanulm\u00e1nyokat k\u00e9rt a korm\u00e1ny.<br \/>\n    A paksi atomer\u0151m\u0171-b\u0151v\u00edt\u00e9s \u00fcgy\u00e9ben L\u00e1z\u00e1r J\u00e1nos meger\u0151s\u00edtette, hogy p\u00e9nteken Margrethe Vestager versenyjogi biztossal t\u00e1rgyal Br\u00fcsszelben azzal a rem\u00e9nnyel, hogy el\u0151rel\u00e9p\u00e9s lehet a br\u00fcsszeli enged\u00e9lyez\u00e9si elj\u00e1r\u00e1sban. A miniszter ugyanakkor azzal sz\u00e1mol, az Eur\u00f3pai Bizotts\u00e1g ragaszkodni fog ahhoz, hogy Paks II. nem lehet az MVM Magyar Villamos M\u0171vek Zrt. r\u00e9sze, mert a test\u00fclet a j\u00f6v\u0151re n\u00e9zve nem j\u00e1rul hozz\u00e1 az MVM monopolhelyzet\u00e9hez.<br \/>\n    A paksi b\u0151v\u00edt\u00e9shez biztos\u00edtand\u00f3 orosz \u00e1llamk\u00f6zi hitelre kit\u00e9rve megjegyezte, hogy Magyarorsz\u00e1gnak joga van el\u0151t\u00f6rleszteni, kiv\u00e1lt\u00f3 hitelt felvenni, az a k\u00e9rd\u00e9s, hogy van-e jobb az orosz hitel kond\u00edci\u00f3in\u00e1l. Ennek lehet\u0151s\u00e9g\u00e9t egy felmin\u0151s\u00edt\u00e9s ut\u00e1n \u00e9rdemes megvizsg\u00e1lni &#8211; mondta.<br \/>\n    A Terrorelh\u00e1r\u00edt\u00e1si Inform\u00e1ci\u00f3s \u00e9s B\u0171n\u00fcgyi Elemz\u0151 K\u00f6zpont (TIBEK) \u00fcgy\u00e9ben is k\u00e9rdezt\u00e9k a t\u00e1rcavezet\u0151t, aki elmondta, a Fideszen bel\u00fcl arr\u00f3l folyik vita, hogyan lehetne ezt a szervezetet m\u00e9g hat\u00e9konyabb\u00e1 tenni, &#8222;szem\u00e9lyes hatalmi diskurzusr\u00f3l&#8221; nincs sz\u00f3.<br \/>\n    L\u00e1z\u00e1r J\u00e1nos k\u00f6z\u00f6lte azt is, hogy Orb\u00e1n Viktor minisztereln\u00f6k j\u00f6v\u0151 h\u00e9ten Egyiptomba l\u00e1togat.<br \/>\n    A minisztert k\u00e9rdezt\u00e9k a Gy\u00f6ngy\u00f6s\u00f6n meghalt m\u00e1sf\u00e9l \u00e9ves alult\u00e1pl\u00e1lt kisl\u00e1ny \u00fcgy\u00e9r\u0151l is, amelyr\u0151l azt mondta: tudom\u00e1sa szerint vesz\u00e9lyeztet\u00e9s miatt b\u00fcntet\u0151feljelentet\u00e9s v\u00e1rhat\u00f3, emellett jogszab\u00e1ly-fel\u00fclvizsg\u00e1latot is terveznek.(MTI)<\/p>\n","protected":false},"excerpt":{"rendered":"<p>A korm\u00e1ny arra k\u00e9rte Varga Mih\u00e1ly nemzetgazdas\u00e1gi minisztert, vizsg\u00e1lja meg a k\u00f6vetkez\u0151 napokban, hogyan lehets\u00e9ges k\u00e9szp\u00e9nzes\u00edteni a cafeteri\u00e1t &#8211; k\u00f6z\u00f6lte L\u00e1z\u00e1r J\u00e1nos Minisztereln\u00f6ks\u00e9get vezet\u0151 miniszter szok\u00e1sos cs\u00fct\u00f6rt\u00f6ki sajt\u00f3t\u00e1j\u00e9koztat\u00f3j\u00e1n, Budapesten.<\/p>\n","protected":false},"author":1,"featured_media":0,"comment_status":"open","ping_status":"closed","sticky":false,"template":"","format":"standard","meta":[],"categories":[4,19],"tags":[],"_links":{"self":[{"href":"https:\/\/gazdasagportal.hu\/index.php\/wp-json\/wp\/v2\/posts\/79954"}],"collection":[{"href":"https:\/\/gazdasagportal.hu\/index.php\/wp-json\/wp\/v2\/posts"}],"about":[{"href":"https:\/\/gazdasagportal.hu\/index.php\/wp-json\/wp\/v2\/types\/post"}],"author":[{"embeddable":true,"href":"https:\/\/gazdasagportal.hu\/index.php\/wp-json\/wp\/v2\/users\/1"}],"replies":[{"embeddable":true,"href":"https:\/\/gazdasagportal.hu\/index.php\/wp-json\/wp\/v2\/comments?post=79954"}],"version-history":[{"count":1,"href":"https:\/\/gazdasagportal.hu\/index.php\/wp-json\/wp\/v2\/posts\/79954\/revisions"}],"predecessor-version":[{"id":79955,"href":"https:\/\/gazdasagportal.hu\/index.php\/wp-json\/wp\/v2\/posts\/79954\/revisions\/79955"}],"wp:attachment":[{"href":"https:\/\/gazdasagportal.hu\/index.php\/wp-json\/wp\/v2\/media?parent=79954"}],"wp:term":[{"taxonomy":"category","embeddable":true,"href":"https:\/\/gazdasagportal.hu\/index.php\/wp-json\/wp\/v2\/categories?post=79954"},{"taxonomy":"post_tag","embeddable":true,"href":"https:\/\/gazdasagportal.hu\/index.php\/wp-json\/wp\/v2\/tags?post=79954"}],"curies":[{"name":"wp","href":"https:\/\/api.w.org\/{rel}","templated":true}]}}