{"id":79948,"date":"2016-05-27T02:51:11","date_gmt":"2016-05-27T00:51:11","guid":{"rendered":"http:\/\/gazdasagportal.hu\/?p=79948"},"modified":"2016-05-26T21:52:09","modified_gmt":"2016-05-26T19:52:09","slug":"az-amerikaiak-meg-nem-ertek-meg-a-harci-koordinaciora","status":"publish","type":"post","link":"https:\/\/gazdasagportal.hu\/index.php\/az-amerikaiak-meg-nem-ertek-meg-a-harci-koordinaciora\/","title":{"rendered":"Az amerikaiak m\u00e9g nem \u00e9rtek meg a harci koordin\u00e1ci\u00f3ra"},"content":{"rendered":"<p><strong>Van halad\u00e1s Oroszorsz\u00e1g \u00e9s az Egyes\u00fclt \u00c1llamok l\u00e9p\u00e9seinek egyeztet\u00e9s\u00e9ben a sz\u00edriai hadsz\u00ednt\u00e9ren, \u00e1m az amerikaiak m\u00e9g &#8222;nem \u00e9rtek meg&#8221; az igazi katonai koordin\u00e1ci\u00f3ra &#8211; jelentette ki Szergej Lavrov orosz k\u00fcl\u00fcgyminiszter, aki cs\u00fct\u00f6rt\u00f6k\u00f6n Moszkv\u00e1ban az \u00d6b\u00f6l-menti Egy\u00fcttm\u0171k\u00f6d\u00e9si Tan\u00e1cs tagorsz\u00e1gainak diplom\u00e1ciai vezet\u0151it fogadta.<\/strong><!--more--><\/p>\n<div class=\"ads-in-post1\"><div id=\"gazdasagportal.hu_fullbanner_wideboard\"><\/div>\r\n<\/div>\n<p>    &#8222;Ami az orosz-amerikai koordin\u00e1ci\u00f3t illeti a nemzetk\u00f6zi terrorizmus elleni sz\u00edriai k\u00fczdelemben, ez a koordin\u00e1ci\u00f3 m\u00e9g nem alakult ki v\u00e9glegesen. Van halad\u00e1s abba az ir\u00e1nyba, hogy m\u00e1r a harct\u00e9ren egyeztess\u00fcnk a a sz\u00edriai l\u00e9gt\u00e9rb\u0151l v\u00e9grehajtott m\u0171veletekr\u0151l. De lassabban haladunk ann\u00e1l, ahogy szeretn\u00e9nk&#8221; &#8211; mondta.<br \/>\n     &#8222;Az\u00f3ta, hogy az Oroszorsz\u00e1gi F\u00f6der\u00e1ci\u00f3 L\u00e9gi- \u00e9s \u0170rereje a sz\u00edriai korm\u00e1ny felk\u00e9r\u00e9s\u00e9re elkezdett a terrorist\u00e1k ellen dolgozni ebben az orsz\u00e1gban, a legelej\u00e9t\u0151l fogva azt javasoltuk az amerikaiaknak \u00e9s az \u00e1ltaluk vezetett koal\u00edci\u00f3nak, hogy \u00e9ppen harci viszonylatban alak\u00edtsunk ki gyakorlati koordin\u00e1ci\u00f3t&#8221; &#8211; fogalmazott az orosz miniszter.<br \/>\n     &#8222;Eleinte \u0151k csak az incidensek elker\u00fcl\u00e9s\u00e9nek mechanizmus\u00e1r\u00f3l sz\u00f3l\u00f3 meg\u00e1llapod\u00e1sra voltak hajland\u00f3k. Azt\u00e1n, k\u00e9t-h\u00e1rom h\u00f3nappal k\u00e9s\u0151bb, beleegyeztek abba, hogy hozzunk l\u00e9tre kommunik\u00e1ci\u00f3s csatorn\u00e1t az arr\u00f3l foly\u00f3 inform\u00e1ci\u00f3cser\u00e9re, hogy ki csatlakozott a fegyvernyugv\u00e1s rendszer\u00e9hez, de m\u00e9g nem \u00e9rtek meg a val\u00f3di harci koordin\u00e1ci\u00f3ra&#8221; &#8211; hangoztatta Lavrov.<br \/>\n    Az orosz diplom\u00e1cia vezet\u0151je eml\u00e9keztetett, hogy Moszkva a m\u00falt h\u00e9ten azt javasolta Washingtonnak: Sz\u00edri\u00e1ban m\u00e1jus 25-i hat\u00e1rid\u0151vel v\u00e1lasszanak le mindenkit, aki hajland\u00f3 politikai rendez\u00e9sre, azokt\u00f3l, akik nem k\u00edv\u00e1nnak csatlakozni a t\u0171zsz\u00fcnethez. Lavrov elmondta, hogy az \u00fcgyben t\u00f6bb kapcsolatfelv\u00e9tel t\u00f6rt\u00e9nt, egyebek mellett katonai vonalon is, \u00e1m v\u00e9g\u00fcl az Egyes\u00fclt \u00c1llamok k\u00e9rt m\u00e9g egy kis id\u0151t a d\u00f6nt\u00e9shez, amibe Oroszorsz\u00e1g beleegyezett.<br \/>\n    Hangs\u00falyozta, hogy a sz\u00edriai rendez\u00e9sben csak \u00fagy \u00e9rhet\u0151 el siker, ha Sz\u00edri\u00e1n bel\u00fcl \u00e9s k\u00edv\u00fcl kiv\u00e9tel n\u00e9lk\u00fcl mindenki betartja a Sz\u00edri\u00e1t T\u00e1mogat\u00f3 Nemzetk\u00f6zi Csoport d\u00f6nt\u00e9seit, amelyeket az ENSZ BT egy sor hat\u00e1rozat\u00e1ban r\u00f6gz\u00edtett. Szergej Lavrov arra h\u00edvta fel a Nyugatot, hogy ink\u00e1bb t\u00e1rgyal\u00e1sra \u00f6szt\u00f6n\u00f6zze a sz\u00edriai ellenz\u00e9ket, ne pedig hat\u00e1rid\u0151ket szabjon meg a sz\u00edriai korm\u00e1nyzati rendszer kialak\u00edt\u00e1s\u00e1val kapcsolatban.<br \/>\n    Elismerte, hogy a vonatkoz\u00f3 BT-hat\u00e1rozat 18 h\u00f3napot adott az err\u0151l val\u00f3 meg\u00e1llapod\u00e1sra, de sajn\u00e1lat\u00e1t fejezte ki amiatt, hogy a Sz\u00edria-k\u00f6zi t\u00e1rgyal\u00e1sok a m\u00e1jus 17-i b\u00e9csi fordul\u00f3 ut\u00e1n ebben a h\u00f3napban m\u00e1r nem, csak a ramad\u00e1n h\u00f3napja, azaz j\u00falius 10. ut\u00e1n folytat\u00f3dnak majd. R\u00e1mutatott, hogy a nyugati diplomat\u00e1k \u00e1ltal emlegetett augusztus 1-jei hat\u00e1rid\u0151 egyetlen BT-hat\u00e1rozatban sincs lefektetve.<br \/>\n    Lavrov s\u00edkrasz\u00e1llt a f\u00fcggetlen palesztin \u00e1llam l\u00e9trehoz\u00e1sa mellett, \u00e9s felaj\u00e1nlotta Oroszorsz\u00e1g k\u00f6zvet\u00edt\u00e9s\u00e9t a s\u00edita Ir\u00e1n, illetve az \u00d6b\u00f6l-menti Egy\u00fcttm\u0171k\u00f6d\u00e9si Tan\u00e1cs szunnita arab tag\u00e1llamai k\u00f6z\u00f6tt.(MTI)<\/p>\n","protected":false},"excerpt":{"rendered":"<p>Van halad\u00e1s Oroszorsz\u00e1g \u00e9s az Egyes\u00fclt \u00c1llamok l\u00e9p\u00e9seinek egyeztet\u00e9s\u00e9ben a sz\u00edriai hadsz\u00ednt\u00e9ren, \u00e1m az amerikaiak m\u00e9g &#8222;nem \u00e9rtek meg&#8221; az igazi katonai koordin\u00e1ci\u00f3ra &#8211; jelentette ki Szergej Lavrov orosz k\u00fcl\u00fcgyminiszter, aki cs\u00fct\u00f6rt\u00f6k\u00f6n Moszkv\u00e1ban az \u00d6b\u00f6l-menti Egy\u00fcttm\u0171k\u00f6d\u00e9si Tan\u00e1cs tagorsz\u00e1gainak diplom\u00e1ciai vezet\u0151it fogadta.<\/p>\n","protected":false},"author":1,"featured_media":0,"comment_status":"open","ping_status":"closed","sticky":false,"template":"","format":"standard","meta":[],"categories":[12],"tags":[],"_links":{"self":[{"href":"https:\/\/gazdasagportal.hu\/index.php\/wp-json\/wp\/v2\/posts\/79948"}],"collection":[{"href":"https:\/\/gazdasagportal.hu\/index.php\/wp-json\/wp\/v2\/posts"}],"about":[{"href":"https:\/\/gazdasagportal.hu\/index.php\/wp-json\/wp\/v2\/types\/post"}],"author":[{"embeddable":true,"href":"https:\/\/gazdasagportal.hu\/index.php\/wp-json\/wp\/v2\/users\/1"}],"replies":[{"embeddable":true,"href":"https:\/\/gazdasagportal.hu\/index.php\/wp-json\/wp\/v2\/comments?post=79948"}],"version-history":[{"count":1,"href":"https:\/\/gazdasagportal.hu\/index.php\/wp-json\/wp\/v2\/posts\/79948\/revisions"}],"predecessor-version":[{"id":79949,"href":"https:\/\/gazdasagportal.hu\/index.php\/wp-json\/wp\/v2\/posts\/79948\/revisions\/79949"}],"wp:attachment":[{"href":"https:\/\/gazdasagportal.hu\/index.php\/wp-json\/wp\/v2\/media?parent=79948"}],"wp:term":[{"taxonomy":"category","embeddable":true,"href":"https:\/\/gazdasagportal.hu\/index.php\/wp-json\/wp\/v2\/categories?post=79948"},{"taxonomy":"post_tag","embeddable":true,"href":"https:\/\/gazdasagportal.hu\/index.php\/wp-json\/wp\/v2\/tags?post=79948"}],"curies":[{"name":"wp","href":"https:\/\/api.w.org\/{rel}","templated":true}]}}