{"id":79506,"date":"2016-05-19T11:02:25","date_gmt":"2016-05-19T09:02:25","guid":{"rendered":"http:\/\/gazdasagportal.hu\/?p=79506"},"modified":"2016-05-19T11:02:25","modified_gmt":"2016-05-19T09:02:25","slug":"nav-21-millio-szja-bevallas-erkezett-a-hatosaghoz-majusig","status":"publish","type":"post","link":"https:\/\/gazdasagportal.hu\/index.php\/nav-21-millio-szja-bevallas-erkezett-a-hatosaghoz-majusig\/","title":{"rendered":"NAV: 2,1 milli\u00f3 szja-bevall\u00e1s \u00e9rkezett a hat\u00f3s\u00e1ghoz m\u00e1jusig"},"content":{"rendered":"<p><strong>Mind\u00f6ssze 2,1 milli\u00f3 szja-bevall\u00e1s \u00e9rkezett az ad\u00f3hat\u00f3s\u00e1ghoz m\u00e1jus elsej\u00e9ig, m\u00e9g 2,5 milli\u00f3 bevall\u00e1sra sz\u00e1m\u00edtanak a k\u00f6vetkez\u0151 napokban &#8211; mondta a Nemzeti Ad\u00f3- \u00e9s V\u00e1mhivatal (NAV) ad\u00f3szakmai sz\u00f3viv\u0151je cs\u00fct\u00f6rt\u00f6k\u00f6n az M1 aktu\u00e1lis csatorn\u00e1n.<\/strong><!--more--><\/p>\n<div class=\"ads-in-post1\"><div id=\"gazdasagportal.hu_fullbanner_wideboard\"><\/div>\r\n<\/div>\n<p>    Kis P\u00e9ter Andr\u00e1s eml\u00e9keztetett, hogy egy nap maradt az ad\u00f3bevall\u00e1s lead\u00e1s\u00e1ra. Amennyiben valaki kics\u00faszik a m\u00e1jus 20-i hat\u00e1rid\u0151b\u0151l, els\u0151 k\u00f6rben nem kap b\u00edrs\u00e1got, a k\u00e9sve beny\u00fajt\u00f3knak t\u00e1j\u00e9koztat\u00e1st k\u00fcld a NAV, hogy mihamarabb p\u00f3tolj\u00e1k hi\u00e1nyoss\u00e1g\u00e1t &#8211; mondta. Hozz\u00e1tette: az \u00fcgyf\u00e9lszolg\u00e1latok este 6 \u00f3r\u00e1ig v\u00e1rj\u00e1k az \u00fcgyfeleket p\u00e9nteken a f\u0151v\u00e1rosban \u00e9s a megyesz\u00e9khelyeken.<br \/>\n    A sz\u00f3viv\u0151 r\u00e1mutatott: majdnem minden \u00e9vben azonos hib\u00e1kat tapasztalnak a bevall\u00e1sokn\u00e1l, egyik leggyakoribb az al\u00e1\u00edr\u00e1s lemarad\u00e1sa, an\u00e9lk\u00fcl \u00e9rv\u00e9nytelen a dokumentum, a m\u00e1sik a banksz\u00e1mlasz\u00e1m, illetve a posta c\u00edm hi\u00e1nya visszaig\u00e9nyl\u00e9s eset\u00e9n.(MTI)<\/p>\n","protected":false},"excerpt":{"rendered":"<p>Mind\u00f6ssze 2,1 milli\u00f3 szja-bevall\u00e1s \u00e9rkezett az ad\u00f3hat\u00f3s\u00e1ghoz m\u00e1jus elsej\u00e9ig, m\u00e9g 2,5 milli\u00f3 bevall\u00e1sra sz\u00e1m\u00edtanak a k\u00f6vetkez\u0151 napokban &#8211; mondta a Nemzeti Ad\u00f3- \u00e9s V\u00e1mhivatal (NAV) ad\u00f3szakmai sz\u00f3viv\u0151je cs\u00fct\u00f6rt\u00f6k\u00f6n az M1 aktu\u00e1lis csatorn\u00e1n.<\/p>\n","protected":false},"author":1,"featured_media":0,"comment_status":"open","ping_status":"closed","sticky":false,"template":"","format":"standard","meta":[],"categories":[20],"tags":[],"_links":{"self":[{"href":"https:\/\/gazdasagportal.hu\/index.php\/wp-json\/wp\/v2\/posts\/79506"}],"collection":[{"href":"https:\/\/gazdasagportal.hu\/index.php\/wp-json\/wp\/v2\/posts"}],"about":[{"href":"https:\/\/gazdasagportal.hu\/index.php\/wp-json\/wp\/v2\/types\/post"}],"author":[{"embeddable":true,"href":"https:\/\/gazdasagportal.hu\/index.php\/wp-json\/wp\/v2\/users\/1"}],"replies":[{"embeddable":true,"href":"https:\/\/gazdasagportal.hu\/index.php\/wp-json\/wp\/v2\/comments?post=79506"}],"version-history":[{"count":1,"href":"https:\/\/gazdasagportal.hu\/index.php\/wp-json\/wp\/v2\/posts\/79506\/revisions"}],"predecessor-version":[{"id":79507,"href":"https:\/\/gazdasagportal.hu\/index.php\/wp-json\/wp\/v2\/posts\/79506\/revisions\/79507"}],"wp:attachment":[{"href":"https:\/\/gazdasagportal.hu\/index.php\/wp-json\/wp\/v2\/media?parent=79506"}],"wp:term":[{"taxonomy":"category","embeddable":true,"href":"https:\/\/gazdasagportal.hu\/index.php\/wp-json\/wp\/v2\/categories?post=79506"},{"taxonomy":"post_tag","embeddable":true,"href":"https:\/\/gazdasagportal.hu\/index.php\/wp-json\/wp\/v2\/tags?post=79506"}],"curies":[{"name":"wp","href":"https:\/\/api.w.org\/{rel}","templated":true}]}}