{"id":79504,"date":"2016-05-19T10:25:18","date_gmt":"2016-05-19T08:25:18","guid":{"rendered":"http:\/\/gazdasagportal.hu\/?p=79504"},"modified":"2016-05-19T10:25:18","modified_gmt":"2016-05-19T08:25:18","slug":"ha-a-forint-elhagyja-a-318-as-regiot-akkor-akar-324-ig-is-emelkedhet-az-arfolyam","status":"publish","type":"post","link":"https:\/\/gazdasagportal.hu\/index.php\/ha-a-forint-elhagyja-a-318-as-regiot-akkor-akar-324-ig-is-emelkedhet-az-arfolyam\/","title":{"rendered":"Ha a forint elhagyja a 318-as r\u00e9gi\u00f3t, akkor ak\u00e1r 324-ig is emelkedhet az \u00e1rfolyam"},"content":{"rendered":"<p><strong>A tegnapi FED jegyz\u0151k\u00f6nyv igencsak felborzolta a piac ked\u00e9lyeit. \u00c1m nem csak a doll\u00e1rt \u00e9s a r\u00e9szv\u00e9nypiacokat mozgatta meg, hanem a felt\u00f6rekv\u0151 deviz\u00e1kra is hatott, ez\u00e1ltal a forintra is. &#8211; magyar\u00e1zta el Kiss M\u00f3nika, az Equilor Befektet\u00e9si Zrt. vezet\u0151 elemz\u0151je.<\/strong><!--more--><\/p>\n<div class=\"ads-in-post1\"><div id=\"gazdasagportal.hu_fullbanner_wideboard\"><\/div>\r\n<\/div>\n<p><strong>Tegnap este k\u00f6zz\u00e9tett\u00e9k a Fed legut\u00f3bbi kamatd\u00f6nt\u0151 \u00fcl\u00e9s\u00e9r\u0151l k\u00e9sz\u00fclt jegyz\u0151k\u00f6nyvet.<\/strong> A tartalma meglepet\u00e9st okozott a piacon, mivel el\u00e9g egy\u00e9rtelm\u0171 utal\u00e1st kaptunk a j\u00faniusi kamatemel\u00e9s lehet\u0151s\u00e9g\u00e9re. Amennyiben addig megfelel\u0151 makroadatok \u00e9rkeznek, l\u00e9phet a jegybank. Ehhez a munkaer\u0151piaci adatok tov\u00e1bbi javul\u00e1s\u00e1ra, illetve az infl\u00e1ci\u00f3 emelked\u00e9s\u00e9re lehet sz\u00fcks\u00e9g. A legut\u00f3bbi k\u00f6zlem\u00e9nyb\u0151l m\u00e1r kimaradt a glob\u00e1lis piaci kock\u00e1zatok hangs\u00falyoz\u00e1sa, mely annak k\u00f6sz\u00f6nhet\u0151, hogy febru\u00e1r \u00f3ta jelent\u0151sen javult a nemzetk\u00f6zi befektet\u0151i hangulat, vissza tudtak korrig\u00e1lni a t\u0151zsdeindexek. N\u00e9mi meglepet\u00e9sre az \u00e1prilisi \u00fcl\u00e9sen t\u00f6bb jegybank\u00e1r szavazott a kamatemel\u00e9sre. A jegybank\u00e1rok szeretn\u00e9k, ha a piaci szerepl\u0151k megfelel\u0151en fel lenn\u00e9nek k\u00e9sz\u00fclve a kamatemel\u00e9sekre, ez\u00e9rt fontosnak tartj\u00e1k az egy\u00e9rtelm\u0171 kommunik\u00e1ci\u00f3t a k\u00f6vetkez\u0151 hetekben. Ezzel lehetnek \u00f6sszef\u00fcgg\u00e9sben a kedden hallottak is, amikor Lockhart, Williams, \u00e9s Kaplan is a kamatemel\u00e9s re\u00e1lis lehet\u0151s\u00e9g\u00e9r\u0151l besz\u00e9lt. A jegyz\u0151k\u00f6nyv k\u00f6zz\u00e9t\u00e9tel\u00e9t k\u00f6vet\u0151en jelent\u0151sen er\u0151s\u00f6d\u00f6tt a doll\u00e1r, \u00e9s a hat\u00e1rid\u0151s term\u00e9kek \u00e1raz\u00e1sa alapj\u00e1n n\u0151tt az es\u00e9lye a j\u00faniusi kamatemel\u00e9snek. A kamatd\u00f6nt\u00e9sre j\u00fanius 15-\u00e9n ker\u00fcl sor. Jelent\u0151sen megugrottak a kamatemel\u00e9si v\u00e1rakoz\u00e1sok. A piaci v\u00e1rakoz\u00e1s jelenleg a j\u00faniusi kamatemel\u00e9st 32%-os val\u00f3sz\u00edn\u0171s\u00e9ggel \u00e1razza, az \u00e9rt\u00e9k a tegnapi napon m\u00e9g 12%-on \u00e1llt, m\u00edg a m\u00falt h\u00e9ten 4%-on. Szeptemberre 50% f\u00f6l\u00f6tti val\u00f3sz\u00edn\u0171s\u00e9ggel v\u00e1rj\u00e1k a kamatemel\u00e9s lehet\u0151s\u00e9g\u00e9t a befektet\u0151k.<\/p>\n<p>A forint gyeng\u00fcl\u0151 p\u00e1ly\u00e1ra \u00e1llt a Fitch hitelmin\u0151s\u00edt\u00e9si d\u00f6nt\u00e9se el\u0151tt. A d\u00f6nt\u00e9ssel kapcsolatban Barcza Gy\u00f6rgy \u00fagy nyilatkozott a Magyar H\u00edrlapnak, hogy szem\u00e9ly szerint nem optimista, &#8222;K\u00e9s\u0151bbre v\u00e1rom, hogy a hitelmin\u0151s\u00edt\u0151k, ak\u00e1r a Fitch is, visszahelyezzenek benn\u00fcnket a befektet\u00e9sre aj\u00e1nlott kateg\u00f3ri\u00e1-ba. Ugyanakkor jelenleg nincs dr\u00e1ma, hiszen a nemzetk\u00f6zi piac m\u00e1r r\u00e9g be\u00e1razta Magyarorsz\u00e1got.\u201d A v\u00e1rtn\u00e1l gyeng\u00e9bb els\u0151 negyed\u00e9ves magyar GDP adat, amely hangs\u00falyozta a gyenge alapszint\u0171 n\u00f6veked\u00e9si potenci\u00e1lt, a k\u00fclf\u00f6ldi beruh\u00e1z\u00e1sok hi\u00e1nya, a jegybanki transzparencia \u00e9s az Eximbank vit\u00e1s st\u00e1tusza a f\u0151 pontok, amelyek miatt a piac is elkezdte ki\u00e1razni a pozit\u00edv d\u00f6nt\u00e9st. A forint relat\u00edv gyenges\u00e9ge m\u00f6g\u00f6tt az amerikai kamatemel\u00e9si es\u00e9lyek emelked\u00e9se is \u00e1ll. A forint keresked\u00e9si s\u00e1vj\u00e1nak teteje, mely 2015 nyara \u00f3ta \u00e1ll fenn, 317-18 k\u00f6z\u00f6tt tal\u00e1lhat\u00f3, amelynek \u00e1tt\u00f6r\u00e9se eset\u00e9n a 318-324-es r\u00e9gi\u00f3 ny\u00edlhat meg.<\/p><div id=\"gazda-658431812\" class=\"gazda-tartalomban gazda-entity-placement\"><script async src=\"https:\/\/pagead2.googlesyndication.com\/pagead\/js\/adsbygoogle.js\"><\/script>\r\n<ins class=\"adsbygoogle\"\r\n     style=\"display:block\"\r\n     data-ad-format=\"fluid\"\r\n     data-ad-layout-key=\"-6t+ed+2i-1n-4w\"\r\n     data-ad-client=\"ca-pub-1959107119989764\"\r\n     data-ad-slot=\"4008251320\"><\/ins>\r\n<script>\r\n     (adsbygoogle = window.adsbygoogle || []).push({});\r\n<\/script><\/div>\n<p><iframe loading=\"lazy\" width=\"509\" height=\"319\" src=\"http:\/\/gazdasagtv.hu\/iframe.php?id=10295\" style=\"border: none; overflow: hidden\" scrolling=\"no\"><\/iframe><br \/>Forr\u00e1s: <a href=\"http:\/\/gazdasagtv.hu\" style=\"color: #df1100; font-weight: bold; text-decoration: none;\" target=\"_blank\" rel=\"noopener\">Gazdas\u00e1gTV.hu<\/a><\/p>\n","protected":false},"excerpt":{"rendered":"<p>A tegnapi FED jegyz\u0151k\u00f6nyv igencsak felborzolta a piac ked\u00e9lyeit. \u00c1m nem csak a doll\u00e1rt \u00e9s a r\u00e9szv\u00e9nypiacokat mozgatta meg, hanem a felt\u00f6rekv\u0151 deviz\u00e1kra is hatott, ez\u00e1ltal a forintra is. &#8211; magyar\u00e1zta el Kiss M\u00f3nika, az Equilor Befektet\u00e9si Zrt. vezet\u0151 elemz\u0151je.<\/p>\n","protected":false},"author":1,"featured_media":49793,"comment_status":"open","ping_status":"closed","sticky":false,"template":"","format":"standard","meta":[],"categories":[146,10],"tags":[],"_links":{"self":[{"href":"https:\/\/gazdasagportal.hu\/index.php\/wp-json\/wp\/v2\/posts\/79504"}],"collection":[{"href":"https:\/\/gazdasagportal.hu\/index.php\/wp-json\/wp\/v2\/posts"}],"about":[{"href":"https:\/\/gazdasagportal.hu\/index.php\/wp-json\/wp\/v2\/types\/post"}],"author":[{"embeddable":true,"href":"https:\/\/gazdasagportal.hu\/index.php\/wp-json\/wp\/v2\/users\/1"}],"replies":[{"embeddable":true,"href":"https:\/\/gazdasagportal.hu\/index.php\/wp-json\/wp\/v2\/comments?post=79504"}],"version-history":[{"count":1,"href":"https:\/\/gazdasagportal.hu\/index.php\/wp-json\/wp\/v2\/posts\/79504\/revisions"}],"predecessor-version":[{"id":79505,"href":"https:\/\/gazdasagportal.hu\/index.php\/wp-json\/wp\/v2\/posts\/79504\/revisions\/79505"}],"wp:featuredmedia":[{"embeddable":true,"href":"https:\/\/gazdasagportal.hu\/index.php\/wp-json\/wp\/v2\/media\/49793"}],"wp:attachment":[{"href":"https:\/\/gazdasagportal.hu\/index.php\/wp-json\/wp\/v2\/media?parent=79504"}],"wp:term":[{"taxonomy":"category","embeddable":true,"href":"https:\/\/gazdasagportal.hu\/index.php\/wp-json\/wp\/v2\/categories?post=79504"},{"taxonomy":"post_tag","embeddable":true,"href":"https:\/\/gazdasagportal.hu\/index.php\/wp-json\/wp\/v2\/tags?post=79504"}],"curies":[{"name":"wp","href":"https:\/\/api.w.org\/{rel}","templated":true}]}}