{"id":79488,"date":"2016-05-19T06:08:02","date_gmt":"2016-05-19T04:08:02","guid":{"rendered":"http:\/\/gazdasagportal.hu\/?p=79488"},"modified":"2016-05-18T21:39:09","modified_gmt":"2016-05-18T19:39:09","slug":"a-kamatemeles-eselyet-noveli-a-fed-jegyzokonyv","status":"publish","type":"post","link":"https:\/\/gazdasagportal.hu\/index.php\/a-kamatemeles-eselyet-noveli-a-fed-jegyzokonyv\/","title":{"rendered":"A kamatemel\u00e9s es\u00e9ly\u00e9t n\u00f6veli a Fed-jegyz\u0151k\u00f6nyv"},"content":{"rendered":"<p><strong>A Fed \u00e1prilisi kamatd\u00f6nt\u0151 \u00fcl\u00e9s\u00e9nek szerd\u00e1n k\u00f6zz\u00e9tett jegyz\u0151k\u00f6nyve alapj\u00e1n arra lehet k\u00f6vetkeztetni, hogy a d\u00f6nt\u00e9shoz\u00f3 test\u00fclet egy k\u00f6zelg\u0151 kamatemel\u00e9s val\u00f3sz\u00edn\u0171s\u00e9g\u00e9t pr\u00f3b\u00e1lja elfogadtatni, igyekszik eloszlatni a szigor\u00edt\u00e1si \u00fctem lass\u00edt\u00e1s\u00e1r\u00f3l kialakult piaci v\u00e1rakoz\u00e1sokat. <\/strong><!--more--><\/p>\n<div class=\"ads-in-post1\"><div id=\"gazdasagportal.hu_fullbanner_wideboard\"><\/div>\r\n<\/div>\n<p>    Szerd\u00e1n hozt\u00e1k nyilv\u00e1noss\u00e1gra az amerikai jegybank szerep\u00e9t bet\u00f6lt\u0151 sz\u00f6vets\u00e9gi tartal\u00e9kbank rendszer, a Fed monet\u00e1ris d\u00f6nt\u00e9shoz\u00f3 test\u00fclete, a ny\u00edltpiaci bizotts\u00e1g (FOMC) \u00e1prilis 26-27-i kamatd\u00f6nt\u0151 \u00fcl\u00e9s\u00e9nek a jegyz\u0151k\u00f6nyv\u00e9t.<br \/>\n    A jegyz\u0151k\u00f6nyv tan\u00fas\u00e1ga szerint a d\u00f6nt\u00e9shoz\u00f3 test\u00fclet tagjai nem k\u00f6telezt\u00e9k el magukat a kamatok emel\u00e9se mellett a k\u00f6vetkez\u0151, j\u00faniusi \u00fcl\u00e9sen, nem alakult ki egyet\u00e9rt\u00e9s a kamatemel\u00e9s sz\u00fcks\u00e9gess\u00e9g\u00e9ben, aggodalmuknak adtak viszont hangot az el\u0151z\u0151, m\u00e1rciusi \u00fcl\u00e9st k\u00f6vet\u0151en kialakult piaci v\u00e1rakoz\u00e1sok miatt. \u00dagy l\u00e1tj\u00e1k, hogy a m\u00e1rciusi \u00fcl\u00e9st k\u00f6vet\u0151 kommunik\u00e1ci\u00f3 csillap\u00edtotta a piac v\u00e1rakoz\u00e1sait a monet\u00e1ris szigor\u00edt\u00e1sra.<br \/>\n    A jegyz\u0151k\u00f6nyv tan\u00fas\u00e1ga szerint a test\u00fclet tagjai nem l\u00e1ttak l\u00e9nyegi v\u00e1ltoz\u00e1st a k\u00f6z\u00e9pt\u00e1v\u00fa n\u00f6veked\u00e9si kil\u00e1t\u00e1sokban. Sz\u00e1mos t\u00e9nyez\u0151 alapj\u00e1n arra a k\u00f6vetkeztet\u00e9sre jutottak, hogy a lakoss\u00e1gi kiad\u00e1sok els\u0151 negyed\u00e9vben tapasztalt cs\u00f6kken\u00e9se csak \u00e1tmeneti jelleg\u0171 volt, az elk\u00f6vetkez\u0151 h\u00f3napokban ism\u00e9t n\u00f6veked\u00e9s\u00e9re lehet sz\u00e1m\u00edtani. A lakoss\u00e1gi fogyaszt\u00e1s alakul\u00e1s\u00e1val mint n\u00f6veked\u00e9si kock\u00e1zattal azonban a test\u00fclet t\u00f6bb tagja szerint is tov\u00e1bbra is sz\u00e1molni kell.<br \/>\n    Hasonl\u00f3k\u00e9ppen h\u00e1tr\u00e1nyos n\u00f6veked\u00e9si k\u00f6vetkezm\u00e9nyei lehetnek szerint\u00fck a termel\u00e9kenys\u00e9g t\u00fal lass\u00fa javul\u00e1s\u00e1nak is.<br \/>\n    A makrogazdas\u00e1gi mutat\u00f3k javul\u00e1sa azonban \u00f6sszess\u00e9g\u00e9ben hozz\u00e1j\u00e1rult a p\u00e9nzpiaci k\u00f6rnyezet normaliz\u00e1l\u00f3d\u00e1s\u00e1hoz &#8211; der\u00fcl ki a dokumentumb\u00f3l, azzal a meghagy\u00e1ssal, hogy n\u00e9h\u00e1ny tag v\u00e9lem\u00e9nye szerint a k\u00ednai deviza\u00e1rfolyam-politika befoly\u00e1solhatja a nemzetk\u00f6zi p\u00e9nzpiaci \u00e1llapotokat. Hasonl\u00f3k\u00e9ppen \u00e9rz\u00e9kenyen reag\u00e1lhatnak a p\u00e9nzpiacok a Brexit-referendum eredm\u00e9ny\u00e9re is.<br \/>\n    \u00d6sszess\u00e9g\u00e9ben a dokumentum meg\u00e1llap\u00edt\u00e1sa szerint a glob\u00e1lis p\u00e9nz\u00fcgyi \u00e9s gazdas\u00e1gi kock\u00e1zatok enyh\u00fcltek ugyan, de nem sz\u0171ntek meg.<br \/>\n    A gazdas\u00e1gi szerepl\u0151k infl\u00e1ci\u00f3s v\u00e1rakoz\u00e1sai nem sokat v\u00e1ltoztak \u00e1prilisban. Az infl\u00e1ci\u00f3 a test\u00fclet v\u00e9lem\u00e9nye szerint is r\u00f6vid t\u00e1von gyenge marad, k\u00f6z\u00e9p t\u00e1von viszont m\u00e1r fokozatosan k\u00e9t sz\u00e1zal\u00e9k k\u00f6zel\u00e9be emelkedhet. A test\u00fclet v\u00e1rakoz\u00e1sai szerint az infl\u00e1ci\u00f3 2018-ban m\u00e9g &#8222;valamivel k\u00e9t sz\u00e1zal\u00e9k alatt&#8221; lesz.<br \/>\n    A jegyz\u0151k\u00f6nyvb\u0151l kider\u00fcl, hogy a d\u00f6nt\u00e9shoz\u00f3 test\u00fclet tagjainak t\u00f6bbs\u00e9ge szerint amennyiben a m\u00e1sodik negyed\u00e9vi teljes\u00edtm\u00e9nyr\u0151l be\u00e9rkez\u0151 makrogazdas\u00e1gi adatok, a munkaer\u0151-piaci helyzet \u00e9s az infl\u00e1ci\u00f3 alakul\u00e1sa az lehet\u0151v\u00e9 teszi, akkor a k\u00f6vetkez\u0151, j\u00faniusi kamatd\u00f6nt\u0151 \u00fcl\u00e9sen m\u00e1r indokoltt\u00e1 v\u00e1lhat az ir\u00e1nyad\u00f3 kamatok megemel\u00e9se.<br \/>\n    Az amerikai \u00e9rt\u00e9kt\u0151zsd\u00e9k szerd\u00e1n m\u00ednuszban nyitottak. A Wall Streeten az \u00e1rfolyamindexek a jegyz\u0151k\u00f6nyv k\u00f6zz\u00e9t\u00e9tele el\u0151tt azonban m\u00e1r 0,5 sz\u00e1zal\u00e9kos, a Nasdaq piacon pedig a Composite index 0,8 sz\u00e1zal\u00e9kos nyeres\u00e9gben \u00e1lltak. Az \u00e1rfolyammutat\u00f3k a jegyz\u0151k\u00f6nyv megjelen\u00e9s\u00e9t k\u00f6vet\u0151en esni kezdtek \u00e9s b\u0151 f\u00e9l \u00f3r\u00e1val k\u00e9s\u0151bb a DJIA-30 index m\u00e1r 0,4 sz\u00e1zal\u00e9k, az S&#038;P-500 index 0,3 sz\u00e1zal\u00e9k vesztes\u00e9get mutatott, a Nasdaq Composite nyeres\u00e9ge pedig minim\u00e1lisra zsugorodott.(MTI)<br \/>\nhttp:\/\/www.federalreserve.gov\/monetarypolicy\/files\/fomcminutes20160427.pdf<\/p>\n","protected":false},"excerpt":{"rendered":"<p>A Fed \u00e1prilisi kamatd\u00f6nt\u0151 \u00fcl\u00e9s\u00e9nek szerd\u00e1n k\u00f6zz\u00e9tett jegyz\u0151k\u00f6nyve alapj\u00e1n arra lehet k\u00f6vetkeztetni, hogy a d\u00f6nt\u00e9shoz\u00f3 test\u00fclet egy k\u00f6zelg\u0151 kamatemel\u00e9s val\u00f3sz\u00edn\u0171s\u00e9g\u00e9t pr\u00f3b\u00e1lja elfogadtatni, igyekszik eloszlatni a szigor\u00edt\u00e1si \u00fctem lass\u00edt\u00e1s\u00e1r\u00f3l kialakult piaci v\u00e1rakoz\u00e1sokat.<\/p>\n","protected":false},"author":1,"featured_media":59667,"comment_status":"open","ping_status":"closed","sticky":false,"template":"","format":"standard","meta":[],"categories":[146,246],"tags":[],"_links":{"self":[{"href":"https:\/\/gazdasagportal.hu\/index.php\/wp-json\/wp\/v2\/posts\/79488"}],"collection":[{"href":"https:\/\/gazdasagportal.hu\/index.php\/wp-json\/wp\/v2\/posts"}],"about":[{"href":"https:\/\/gazdasagportal.hu\/index.php\/wp-json\/wp\/v2\/types\/post"}],"author":[{"embeddable":true,"href":"https:\/\/gazdasagportal.hu\/index.php\/wp-json\/wp\/v2\/users\/1"}],"replies":[{"embeddable":true,"href":"https:\/\/gazdasagportal.hu\/index.php\/wp-json\/wp\/v2\/comments?post=79488"}],"version-history":[{"count":1,"href":"https:\/\/gazdasagportal.hu\/index.php\/wp-json\/wp\/v2\/posts\/79488\/revisions"}],"predecessor-version":[{"id":79489,"href":"https:\/\/gazdasagportal.hu\/index.php\/wp-json\/wp\/v2\/posts\/79488\/revisions\/79489"}],"wp:featuredmedia":[{"embeddable":true,"href":"https:\/\/gazdasagportal.hu\/index.php\/wp-json\/wp\/v2\/media\/59667"}],"wp:attachment":[{"href":"https:\/\/gazdasagportal.hu\/index.php\/wp-json\/wp\/v2\/media?parent=79488"}],"wp:term":[{"taxonomy":"category","embeddable":true,"href":"https:\/\/gazdasagportal.hu\/index.php\/wp-json\/wp\/v2\/categories?post=79488"},{"taxonomy":"post_tag","embeddable":true,"href":"https:\/\/gazdasagportal.hu\/index.php\/wp-json\/wp\/v2\/tags?post=79488"}],"curies":[{"name":"wp","href":"https:\/\/api.w.org\/{rel}","templated":true}]}}