{"id":79476,"date":"2016-05-18T15:54:05","date_gmt":"2016-05-18T13:54:05","guid":{"rendered":"http:\/\/gazdasagportal.hu\/?p=79476"},"modified":"2016-05-18T15:54:05","modified_gmt":"2016-05-18T13:54:05","slug":"ngm-a-eb-orszagspecifikus-ajanlasai-nagyreszt-egyeznek-a-kormany-celjaival","status":"publish","type":"post","link":"https:\/\/gazdasagportal.hu\/index.php\/ngm-a-eb-orszagspecifikus-ajanlasai-nagyreszt-egyeznek-a-kormany-celjaival\/","title":{"rendered":"NGM: a EB orsz\u00e1gspecifikus aj\u00e1nl\u00e1sai nagyr\u00e9szt egyeznek a korm\u00e1ny c\u00e9ljaival"},"content":{"rendered":"<p><strong>Az Eur\u00f3pai Bizotts\u00e1g szerd\u00e1n publik\u00e1lt orsz\u00e1gspecifikus aj\u00e1nl\u00e1saiban szerepl\u0151 gazdas\u00e1gpolitikai c\u00e9lok t\u00f6bbs\u00e9ge megegyezik a magyar korm\u00e1ny\u00e9val &#8211; k\u00f6z\u00f6lte a Nemzetgazdas\u00e1gi Miniszt\u00e9rium (NGM) az MTI-vel szerd\u00e1n.<\/strong><!--more--><\/p>\n<div class=\"ads-in-post1\"><div id=\"gazdasagportal.hu_fullbanner_wideboard\"><\/div>\r\n<\/div>\n<p>    A nemzetgazdas\u00e1gi t\u00e1rca szerint az aj\u00e1nl\u00e1sok a kor\u00e1bbi \u00e9vekhez k\u00e9pest kiegyens\u00falyozottabbak, l\u00e9nyegesen kevesebb a sz\u00e1muk, \u00e9s a konkr\u00e9t beavatkoz\u00e1si javaslatok helyett \u00e1ltal\u00e1nos strat\u00e9giai ir\u00e1nyokat tartalmaznak, illetve jobban t\u00fckr\u00f6zik az eur\u00f3pai szemeszter keret\u00e9ben a bizotts\u00e1ggal folytatott szakmai p\u00e1rbesz\u00e9d eredm\u00e9nyeit is.<br \/>\n    A k\u00f6zlem\u00e9ny r\u00e1mutat: a bizotts\u00e1g alapvet\u0151en kedvez\u0151nek \u00edt\u00e9li meg a magyar munkaer\u0151piaci folyamatokat, elismeri a korm\u00e1ny e ter\u00fcleten tett l\u00e9p\u00e9seit, \u00e9s m\u00e1r nem vitatja a k\u00f6zfoglalkoztat\u00e1s l\u00e9tjogosults\u00e1g\u00e1t. Egyezik az aj\u00e1nl\u00e1stervezetben foglaltakkal a korm\u00e1nynak az a t\u00f6rekv\u00e9se, hogy megk\u00f6nny\u00edtse \u00e9s \u00f6szt\u00f6n\u00f6zze az \u00e1tmenetet a k\u00f6zfoglalkoztat\u00e1sb\u00f3l a ny\u00edlt munkaer\u0151piacra.<br \/>\n    Az ad\u00f3kkal kapcsolatban megfogalmazott aj\u00e1nl\u00e1sr\u00f3l a t\u00e1rca kiemelte: a bankad\u00f3 az \u00e9v elej\u00e9t\u0151l a kor\u00e1bbi mintegy fel\u00e9re cs\u00f6kkent, \u00e9s 2017-t\u0151l tov\u00e1bb m\u00e9rs\u00e9kl\u0151dik.<br \/>\n    A bizotts\u00e1g sz\u00e1mszer\u0171 k\u00f6lts\u00e9gvet\u00e9si kiigaz\u00edt\u00e1si javaslat\u00e1val kapcsolatban az NGM jelezte: a korm\u00e1ny az elm\u00falt \u00e9vekben is fegyelmezett k\u00f6lts\u00e9gvet\u00e9si politik\u00e1t folytatott, teljes\u00edtette a kit\u0171z\u00f6tt c\u00e9lokat. Ezt az \u00e1llamad\u00f3s\u00e1g brutt\u00f3 hazai term\u00e9khez (GDP) viszony\u00edtott ar\u00e1ny\u00e1nak folyamatos cs\u00f6kken\u00e9se \u00e9s a 2017. \u00e9vi k\u00f6lts\u00e9gvet\u00e9si t\u00f6rv\u00e9nyjavaslatban szerepl\u0151 hi\u00e1nyc\u00e9l is jelzi &#8211; tett\u00e9k hozz\u00e1. A konvergenciaprogram ad\u00f3ss\u00e1gp\u00e1ly\u00e1ja szerint az \u00e1llamad\u00f3ss\u00e1g ar\u00e1nya 2020-ra a GDP 65 sz\u00e1zal\u00e9ka al\u00e1 s\u00fcllyed. A k\u00f6vetkez\u0151 \u00e9vek ad\u00f3ss\u00e1gcs\u00f6kkent\u00e9s\u00e9t a gazdas\u00e1gi n\u00f6veked\u00e9s mellett a GDP 3 sz\u00e1zal\u00e9k\u00e1n\u00e1l l\u00e9nyegesen alacsonyabb hi\u00e1nyc\u00e9lok is t\u00e1mogatj\u00e1k &#8211; \u00edrta az NGM.<br \/>\n    Az orsz\u00e1gspecifikus aj\u00e1nl\u00e1sokat a k\u00f6vetkez\u0151 hetekben sz\u00e1mos eur\u00f3pai f\u00f3rum vitatja meg, majd v\u00e9gleges v\u00e1ltozatukat j\u00faniusban az Eur\u00f3pai Tan\u00e1cs fogadja el &#8211; ismerteti az NGM k\u00f6zlem\u00e9ny\u00e9ben.(MTI)<\/p>\n","protected":false},"excerpt":{"rendered":"<p>Az Eur\u00f3pai Bizotts\u00e1g szerd\u00e1n publik\u00e1lt orsz\u00e1gspecifikus aj\u00e1nl\u00e1saiban szerepl\u0151 gazdas\u00e1gpolitikai c\u00e9lok t\u00f6bbs\u00e9ge megegyezik a magyar korm\u00e1ny\u00e9val &#8211; k\u00f6z\u00f6lte a Nemzetgazdas\u00e1gi Miniszt\u00e9rium (NGM) az MTI-vel szerd\u00e1n.<\/p>\n","protected":false},"author":1,"featured_media":0,"comment_status":"open","ping_status":"closed","sticky":false,"template":"","format":"standard","meta":[],"categories":[19],"tags":[],"_links":{"self":[{"href":"https:\/\/gazdasagportal.hu\/index.php\/wp-json\/wp\/v2\/posts\/79476"}],"collection":[{"href":"https:\/\/gazdasagportal.hu\/index.php\/wp-json\/wp\/v2\/posts"}],"about":[{"href":"https:\/\/gazdasagportal.hu\/index.php\/wp-json\/wp\/v2\/types\/post"}],"author":[{"embeddable":true,"href":"https:\/\/gazdasagportal.hu\/index.php\/wp-json\/wp\/v2\/users\/1"}],"replies":[{"embeddable":true,"href":"https:\/\/gazdasagportal.hu\/index.php\/wp-json\/wp\/v2\/comments?post=79476"}],"version-history":[{"count":1,"href":"https:\/\/gazdasagportal.hu\/index.php\/wp-json\/wp\/v2\/posts\/79476\/revisions"}],"predecessor-version":[{"id":79477,"href":"https:\/\/gazdasagportal.hu\/index.php\/wp-json\/wp\/v2\/posts\/79476\/revisions\/79477"}],"wp:attachment":[{"href":"https:\/\/gazdasagportal.hu\/index.php\/wp-json\/wp\/v2\/media?parent=79476"}],"wp:term":[{"taxonomy":"category","embeddable":true,"href":"https:\/\/gazdasagportal.hu\/index.php\/wp-json\/wp\/v2\/categories?post=79476"},{"taxonomy":"post_tag","embeddable":true,"href":"https:\/\/gazdasagportal.hu\/index.php\/wp-json\/wp\/v2\/tags?post=79476"}],"curies":[{"name":"wp","href":"https:\/\/api.w.org\/{rel}","templated":true}]}}