{"id":79470,"date":"2016-05-18T13:24:58","date_gmt":"2016-05-18T11:24:58","guid":{"rendered":"http:\/\/gazdasagportal.hu\/?p=79470"},"modified":"2016-05-18T13:24:58","modified_gmt":"2016-05-18T11:24:58","slug":"microsoft-a-brit-eu-tagsagtol-fuggnek-a-jovobeni-nagy-britanniai-beruhazasok","status":"publish","type":"post","link":"https:\/\/gazdasagportal.hu\/index.php\/microsoft-a-brit-eu-tagsagtol-fuggnek-a-jovobeni-nagy-britanniai-beruhazasok\/","title":{"rendered":"Microsoft: a brit EU-tags\u00e1gt\u00f3l f\u00fcggnek a j\u00f6v\u0151beni nagy-britanniai beruh\u00e1z\u00e1sok"},"content":{"rendered":"<p><strong>Alig burkoltan a tov\u00e1bbi brit EU-tags\u00e1gt\u00f3l tette f\u00fcgg\u0151v\u00e9 j\u00f6v\u0151beni nagy-britanniai beruh\u00e1z\u00e1sait a Microsoft.<\/strong><!--more--><\/p>\n<div class=\"ads-in-post1\"><div id=\"gazdasagportal.hu_fullbanner_wideboard\"><\/div>\r\n<\/div>\n<p>    Az amerikai szoftver\u00f3ri\u00e1s brit r\u00e9szleg\u00e9nek vezet\u0151je, Michel Van der Bel a c\u00e9g \u00f6tezer nagy-britanniai alkalmazottj\u00e1nak k\u00fcld\u00f6tt, kedd este nyilv\u00e1noss\u00e1gra hozott k\u00f6r\u00fczenet\u00e9ben k\u00f6z\u00f6lte: a Microsoft v\u00e9lem\u00e9nye az, hogy Nagy-Britanni\u00e1nak az Eur\u00f3pai Uni\u00f3ban kell maradnia.<br \/>\n    Van der Bel szerint a v\u00e1llalat tiszteletben fogja tartani a brit EU-tags\u00e1gr\u00f3l j\u00fanius 23-\u00e1ra ki\u00edrt n\u00e9pszavaz\u00e1s eredm\u00e9ny\u00e9t, \u00e9s szil\u00e1rdan elk\u00f6telezett nagy-britanniai \u00fczleti tev\u00e9kenys\u00e9g\u00e9nek fenntart\u00e1sa mellett. A tov\u00e1bbi brit EU-tags\u00e1gt\u00f3l azonban a Microsoft j\u00f6v\u0151beni nagy-britanniai beruh\u00e1z\u00e1sainak fontos krit\u00e9riumai f\u00fcggnek &#8211; fogalmaz a k\u00f6rlev\u00e9lben a c\u00e9g brit r\u00e9szleg\u00e9nek igazgat\u00f3ja.<br \/>\n    Hozz\u00e1tette: a brit EU-tags\u00e1g \u00f6nmag\u00e1ban is olyan kulcsfontoss\u00e1g\u00fa krit\u00e9rium volt, amely Nagy-Britanni\u00e1t az egyik legvonz\u00f3bb eur\u00f3pai beruh\u00e1z\u00e1si helysz\u00ednn\u00e9 tette a Microsoft sz\u00e1m\u00e1ra. Az EU-tags\u00e1g volt a f\u0151 oka annak is, hogy a Microsoft Cambridge-ben hozta l\u00e9tre els\u0151 k\u00fclf\u00f6ldi kutat\u00e1si \u00e9s fejleszt\u00e9si laborat\u00f3rium\u00e1t &#8211; \u00e1ll Michel Van der Bel keddi \u00e1ll\u00e1sfoglal\u00e1s\u00e1ban.<br \/>\n    A c\u00e9gvezet\u0151 hangs\u00falyozta, hogy a Microsoft 1982-ben Nagy-Britanni\u00e1ban nyitotta meg els\u0151 k\u00fclf\u00f6ldi k\u00e9pviselet\u00e9t, \u00e9s az\u00f3ta 25 ezer brit v\u00e1llalattal alak\u00edtott ki partners\u00e9gi h\u00e1l\u00f3zatot.<br \/>\n    A brit piacon tev\u00e9kenyked\u0151 hazai \u00e9s k\u00fclf\u00f6ldi \u00f3ri\u00e1sv\u00e1llalatok egym\u00e1s ut\u00e1n adnak ki hasonl\u00f3 \u00e1ll\u00e1sfoglal\u00e1sokat az EU-referendum k\u00f6zeledt\u00e9vel.<br \/>\n    Nemr\u00e9giben az Airbus eur\u00f3pai rep\u00fcl\u0151g\u00e9pgy\u00e1rt\u00f3 konzorcium &#8211; amely 25 brit telephelyen k\u00f6zvetlen\u00fcl 15 ezer, a besz\u00e1ll\u00edt\u00f3kkal egy\u00fctt k\u00f6zvetve sz\u00e1zezer brit alkalmazottat foglalkoztat &#8211; egyenes utal\u00e1st tett arra, hogy ha a v\u00e1laszt\u00f3k t\u00f6bbs\u00e9ge a kil\u00e9p\u00e9sre voksol a brit EU-tags\u00e1gr\u00f3l d\u00f6nt\u0151 n\u00e9pszavaz\u00e1son, az k\u00e9rd\u00e9sess\u00e9 teheti az Airbus j\u00f6v\u0151beni nagy-britanniai beruh\u00e1z\u00e1sait.<br \/>\n    Az alkalmazotti \u00e1llom\u00e1nynak \u00e1prilisban k\u00f6rbek\u00fcld\u00f6tt felh\u00edv\u00e1s szerint az Airbus \u00fczleti modellje teljes m\u00e9rt\u00e9kben arra \u00e9p\u00fcl, hogy a c\u00e9g minden korl\u00e1toz\u00e1s n\u00e9lk\u00fcl mozgathassa Eur\u00f3p\u00e1ban term\u00e9keit, alkalmazottait \u00e9s \u00fczleti elk\u00e9pzel\u00e9seit, \u00e9s nem hiszi, hogy ha Nagy-Britannia t\u00e1vozik az EU-b\u00f3l, az jav\u00edtan\u00e1 az Airbus nagy-britanniai m\u0171k\u00f6d\u00e9s\u00e9nek versenyk\u00e9pess\u00e9g\u00e9t.<br \/>\n    &#8222;Mindenkinek \u00e9szben kell tartania, hogy a j\u00f6v\u0151beni beruh\u00e1z\u00e1sok nagym\u00e9rt\u00e9kben f\u00fcggnek att\u00f3l az \u00fczleti k\u00f6rnyezett\u0151l, amelyben a c\u00e9g tev\u00e9kenykedik&#8221; &#8211; \u00e1llt az Airbus figyelmeztet\u00e9s\u00e9ben.<br \/>\n    A brit v\u00e1llalati szf\u00e9ra is m\u00e1r t\u00f6bbsz\u00f6r kifejez\u00e9sre juttatta azt a v\u00e9lem\u00e9ny\u00e9t, hogy Nagy-Britanni\u00e1nak az EU-ban kell maradnia, ha meg akarja \u0151rizni versenyk\u00e9pess\u00e9g\u00e9t.<br \/>\n    A Brit Iparsz\u00f6vets\u00e9g (CBI) minap k\u00f6zz\u00e9tett, enyh\u00e9bb \u00e9s s\u00falyosabb forgat\u00f3k\u00f6nyveket felv\u00e1zol\u00f3 79 oldalas tanulm\u00e1nya szerint &#8211; amelyet a CBI megb\u00edz\u00e1s\u00e1b\u00f3l a PwC \u00fczleti tan\u00e1csad\u00f3 c\u00e9g \u00e1ll\u00edtott \u00f6ssze &#8211; az uni\u00f3s tags\u00e1g felad\u00e1sa eset\u00e9n a nomin\u00e1lis brit hazai \u00f6sszterm\u00e9k (GDP) m\u00e1r 2020-ban 3-5,5 sz\u00e1zal\u00e9kkal lenne alacsonyabb ann\u00e1l a szintn\u00e9l, amelyet Nagy-Britannia az EU tagjak\u00e9nt abban az \u00e9vben el\u00e9rhetne.<br \/>\n    A PwC szak\u00e9rt\u0151inek becsl\u00e9se szerint ez 55-100 milli\u00e1rd font (23-40 ezer milli\u00e1rd forint) &#8211; h\u00e1ztart\u00e1sonk\u00e9nt 2100-3700 font &#8211; k\u00f6z\u00f6tti nomin\u00e1lis gazdas\u00e1gi vesztes\u00e9get jelentene az \u00e9vtized v\u00e9g\u00e9ig 2015-\u00f6s \u00e1rfolyamokon sz\u00e1molva.(MTI)<\/p>\n","protected":false},"excerpt":{"rendered":"<p>Alig burkoltan a tov\u00e1bbi brit EU-tags\u00e1gt\u00f3l tette f\u00fcgg\u0151v\u00e9 j\u00f6v\u0151beni nagy-britanniai beruh\u00e1z\u00e1sait a Microsoft.<\/p>\n","protected":false},"author":1,"featured_media":19508,"comment_status":"open","ping_status":"closed","sticky":false,"template":"","format":"standard","meta":[],"categories":[146,8,246],"tags":[],"_links":{"self":[{"href":"https:\/\/gazdasagportal.hu\/index.php\/wp-json\/wp\/v2\/posts\/79470"}],"collection":[{"href":"https:\/\/gazdasagportal.hu\/index.php\/wp-json\/wp\/v2\/posts"}],"about":[{"href":"https:\/\/gazdasagportal.hu\/index.php\/wp-json\/wp\/v2\/types\/post"}],"author":[{"embeddable":true,"href":"https:\/\/gazdasagportal.hu\/index.php\/wp-json\/wp\/v2\/users\/1"}],"replies":[{"embeddable":true,"href":"https:\/\/gazdasagportal.hu\/index.php\/wp-json\/wp\/v2\/comments?post=79470"}],"version-history":[{"count":1,"href":"https:\/\/gazdasagportal.hu\/index.php\/wp-json\/wp\/v2\/posts\/79470\/revisions"}],"predecessor-version":[{"id":79471,"href":"https:\/\/gazdasagportal.hu\/index.php\/wp-json\/wp\/v2\/posts\/79470\/revisions\/79471"}],"wp:featuredmedia":[{"embeddable":true,"href":"https:\/\/gazdasagportal.hu\/index.php\/wp-json\/wp\/v2\/media\/19508"}],"wp:attachment":[{"href":"https:\/\/gazdasagportal.hu\/index.php\/wp-json\/wp\/v2\/media?parent=79470"}],"wp:term":[{"taxonomy":"category","embeddable":true,"href":"https:\/\/gazdasagportal.hu\/index.php\/wp-json\/wp\/v2\/categories?post=79470"},{"taxonomy":"post_tag","embeddable":true,"href":"https:\/\/gazdasagportal.hu\/index.php\/wp-json\/wp\/v2\/tags?post=79470"}],"curies":[{"name":"wp","href":"https:\/\/api.w.org\/{rel}","templated":true}]}}