{"id":79466,"date":"2016-05-18T11:32:50","date_gmt":"2016-05-18T09:32:50","guid":{"rendered":"http:\/\/gazdasagportal.hu\/?p=79466"},"modified":"2016-05-18T11:14:39","modified_gmt":"2016-05-18T09:14:39","slug":"quaestor-felszamolas-soron-kivul-biralja-el-a-vitatott-hitelezoi-igenyeket-a-birosag","status":"publish","type":"post","link":"https:\/\/gazdasagportal.hu\/index.php\/quaestor-felszamolas-soron-kivul-biralja-el-a-vitatott-hitelezoi-igenyeket-a-birosag\/","title":{"rendered":"Quaestor-felsz\u00e1mol\u00e1s: soron k\u00edv\u00fcl b\u00edr\u00e1lja el a vitatott hitelez\u0151i ig\u00e9nyeket a b\u00edr\u00f3s\u00e1g"},"content":{"rendered":"<p><strong>A Quaestor \u00c9rt\u00e9kpap\u00edrkereskedelmi \u00e9s Befektet\u00e9si Zrt. felsz\u00e1mol\u00e1si elj\u00e1r\u00e1s\u00e1ban a felsz\u00e1mol\u00f3 beterjesztette a b\u00edr\u00f3s\u00e1gnak azokat a hitelez\u0151i ig\u00e9nyeket, amelyek eset\u00e9ben b\u00edr\u00f3s\u00e1gi hat\u00e1rozat alapj\u00e1n t\u00f6rt\u00e9nhet meg a k\u00e1rrendez\u00e9s; a b\u00edr\u00f3s\u00e1g soron k\u00edv\u00fcl j\u00e1r el \u00e9s megkezdte az ig\u00e9nyek elb\u00edr\u00e1l\u00e1s\u00e1t &#8211; t\u00e1j\u00e9koztatta a F\u0151v\u00e1rosi T\u00f6rv\u00e9nysz\u00e9k szerd\u00e1n az MTI-t.<\/strong><!--more--><\/p>\n<div class=\"ads-in-post1\"><div id=\"gazdasagportal.hu_fullbanner_wideboard\"><\/div>\r\n<\/div>\n<p>    A t\u00f6rv\u00e9nysz\u00e9k k\u00f6zlem\u00e9ny\u00e9ben felid\u00e9zte, 2015. \u00e1prilis 22-\u00e9n tett\u00e9k k\u00f6zz\u00e9 a Quaestor Zrt. felsz\u00e1mol\u00e1si elj\u00e1r\u00e1s\u00e1nak megind\u00edt\u00e1s\u00e1ra vonatkoz\u00f3 k\u00f6zlem\u00e9nyt a C\u00e9gk\u00f6zl\u00f6nyben.<br \/>\n    A felsz\u00e1mol\u00f3, a P\u00e9nz\u00fcgyi Stabilit\u00e1si \u00e9s Felsz\u00e1mol\u00f3 Nonprofit Kft. a Quaestor felsz\u00e1mol\u00e1si elj\u00e1r\u00e1sa sor\u00e1n az ig\u00e9nyt bejelent\u0151, de az ad\u00f3s nyilv\u00e1ntart\u00e1saiban nem, vagy hi\u00e1nyosan szerepl\u0151 \u00fcgyfelek k\u00e1rrendez\u00e9si elj\u00e1r\u00e1s\u00e1nak el\u0151seg\u00edt\u00e9se \u00e9rdek\u00e9ben a vitatott hitelez\u0151i ig\u00e9nyeket beterjesztette a felsz\u00e1mol\u00e1si elj\u00e1r\u00e1sban elj\u00e1r\u00f3 F\u0151v\u00e1rosi T\u00f6rv\u00e9nysz\u00e9knek.<br \/>\n    A k\u00f6zlem\u00e9ny szerint ennek az\u00e9rt van jelent\u0151s\u00e9ge, mert a t\u00f6rv\u00e9ny alapj\u00e1n a K\u00e1rrendez\u00e9si Alap akkor is ellen\u00e9rt\u00e9ket \u00e1llap\u00edt meg, ha a k\u00f6tv\u00e9ny \u00e9rt\u00e9kpap\u00edrsz\u00e1ml\u00e1n a befizet\u00e9st t\u00e9nylegesen nem \u00edrt\u00e1k j\u00f3v\u00e1, de annak fenn\u00e1ll\u00e1s\u00e1t joger\u0151s b\u00edr\u00f3s\u00e1gi hat\u00e1rozat meg\u00e1llap\u00edtotta. A k\u00e9relmez\u0151 a b\u00edr\u00f3s\u00e1gi hat\u00e1rozat joger\u0151re emelked\u00e9s\u00e9t k\u00f6vet\u0151 harminc napon bel\u00fcl terjesztheti el\u0151 ig\u00e9ny\u00e9t a K\u00e1rrendez\u00e9si Alapn\u00e1l.<br \/>\n    A b\u00edr\u00f3s\u00e1g felh\u00edvja a hitelez\u0151k figyelm\u00e9t, hogy a felsz\u00e1mol\u00f3 beny\u00fajtotta a b\u00edr\u00f3s\u00e1gnak az \u00fcgyfelek ig\u00e9nybejelent\u00e9seit \u00e9s az azokhoz csatolt iratokat, a befizet\u00e9seket igazol\u00f3 dokumentumokat, az \u00fcgyfeleknek a felsz\u00e1mol\u00e1st megel\u0151z\u0151en a Quaestor Zrt. \u00e1ltal elk\u00e9sz\u00edtett \u00e9s megk\u00fcld\u00f6tt elsz\u00e1mol\u00e1sokat. Ezeket az okiratokat sz\u00fcks\u00e9gtelen \u00fajb\u00f3l megk\u00fcldeni\u00fck a b\u00edr\u00f3s\u00e1gnak.<br \/>\n    A F\u0151v\u00e1rosi T\u00f6rv\u00e9nysz\u00e9k a felsz\u00e1mol\u00e1si elj\u00e1r\u00e1sban a vitatott hitelez\u0151i ig\u00e9nyeket soron k\u00edv\u00fcl b\u00edr\u00e1lja el, az elj\u00e1r\u00e1s az \u00fcgyfeleknek illet\u00e9kmentes &#8211; k\u00f6z\u00f6lt\u00e9k.(MTI)<\/p>\n","protected":false},"excerpt":{"rendered":"<p>A Quaestor \u00c9rt\u00e9kpap\u00edrkereskedelmi \u00e9s Befektet\u00e9si Zrt. felsz\u00e1mol\u00e1si elj\u00e1r\u00e1s\u00e1ban a felsz\u00e1mol\u00f3 beterjesztette a b\u00edr\u00f3s\u00e1gnak azokat a hitelez\u0151i ig\u00e9nyeket, amelyek eset\u00e9ben b\u00edr\u00f3s\u00e1gi hat\u00e1rozat alapj\u00e1n t\u00f6rt\u00e9nhet meg a k\u00e1rrendez\u00e9s; a b\u00edr\u00f3s\u00e1g soron k\u00edv\u00fcl j\u00e1r el \u00e9s megkezdte az ig\u00e9nyek elb\u00edr\u00e1l\u00e1s\u00e1t &#8211; t\u00e1j\u00e9koztatta a F\u0151v\u00e1rosi T\u00f6rv\u00e9nysz\u00e9k szerd\u00e1n az MTI-t.<\/p>\n","protected":false},"author":1,"featured_media":0,"comment_status":"open","ping_status":"closed","sticky":false,"template":"","format":"standard","meta":[],"categories":[19],"tags":[],"_links":{"self":[{"href":"https:\/\/gazdasagportal.hu\/index.php\/wp-json\/wp\/v2\/posts\/79466"}],"collection":[{"href":"https:\/\/gazdasagportal.hu\/index.php\/wp-json\/wp\/v2\/posts"}],"about":[{"href":"https:\/\/gazdasagportal.hu\/index.php\/wp-json\/wp\/v2\/types\/post"}],"author":[{"embeddable":true,"href":"https:\/\/gazdasagportal.hu\/index.php\/wp-json\/wp\/v2\/users\/1"}],"replies":[{"embeddable":true,"href":"https:\/\/gazdasagportal.hu\/index.php\/wp-json\/wp\/v2\/comments?post=79466"}],"version-history":[{"count":1,"href":"https:\/\/gazdasagportal.hu\/index.php\/wp-json\/wp\/v2\/posts\/79466\/revisions"}],"predecessor-version":[{"id":79467,"href":"https:\/\/gazdasagportal.hu\/index.php\/wp-json\/wp\/v2\/posts\/79466\/revisions\/79467"}],"wp:attachment":[{"href":"https:\/\/gazdasagportal.hu\/index.php\/wp-json\/wp\/v2\/media?parent=79466"}],"wp:term":[{"taxonomy":"category","embeddable":true,"href":"https:\/\/gazdasagportal.hu\/index.php\/wp-json\/wp\/v2\/categories?post=79466"},{"taxonomy":"post_tag","embeddable":true,"href":"https:\/\/gazdasagportal.hu\/index.php\/wp-json\/wp\/v2\/tags?post=79466"}],"curies":[{"name":"wp","href":"https:\/\/api.w.org\/{rel}","templated":true}]}}