{"id":79445,"date":"2016-05-17T22:27:22","date_gmt":"2016-05-17T20:27:22","guid":{"rendered":"http:\/\/gazdasagportal.hu\/?p=79445"},"modified":"2016-05-17T22:27:43","modified_gmt":"2016-05-17T20:27:43","slug":"legkevesebb-nyolc-szexualis-zaklatas-tortent-berlinben-a-kulturak-karnevaljan","status":"publish","type":"post","link":"https:\/\/gazdasagportal.hu\/index.php\/legkevesebb-nyolc-szexualis-zaklatas-tortent-berlinben-a-kulturak-karnevaljan\/","title":{"rendered":"Legkevesebb nyolc szexu\u00e1lis zaklat\u00e1s t\u00f6rt\u00e9nt Berlinben a kult\u00far\u00e1k karnev\u00e1lj\u00e1n"},"content":{"rendered":"<p><strong>Legkevesebb nyolc esetben t\u00f6rt\u00e9nt szexu\u00e1lis zaklat\u00e1s Berlinben a h\u00e9t v\u00e9g\u00e9n a kult\u00far\u00e1k karnev\u00e1lj\u00e1n a n\u00e9met f\u0151v\u00e1ros rend\u0151rs\u00e9g\u00e9nek kedden megjelent adatai szerint.<\/strong><!--more--><\/p>\n<div class=\"ads-in-post1\"><div id=\"gazdasagportal.hu_fullbanner_wideboard\"><\/div>\r\n<\/div>\n<p>    Keddig nyolc n\u0151 jelentkezett a berlini rend\u0151rs\u00e9gn\u00e9l azzal, hogy szexu\u00e1lis k\u00e9nyszer\u00edt\u00e9s \u00e1ldozata lett a n\u00e9gynapos karnev\u00e1l alatt. Elmond\u00e1suk alapj\u00e1n csoportosan t\u00e1madtak r\u00e1juk, az elk\u00f6vet\u0151k &#8222;d\u00e9lies kin\u00e9zet\u0171&#8221; fiatalemberek voltak.<br \/>\n    A szexu\u00e1lis zaklat\u00e1sokkal kapcsolatban 4 embert vettek \u0151rizetbe, k\u00f6zt\u00fck k\u00e9t 14 \u00e9ves \u00e9s egy 17 \u00e9ves fi\u00fat. \u0150k Berlinben sz\u00fclettek, ketten t\u00f6r\u00f6k sz\u00e1rmaz\u00e1s\u00faak, a harmadik libanoni sz\u00e1rmaz\u00e1s\u00fa. A negyedik egy 40 \u00e9ves t\u00f6r\u00f6k f\u00e9rfi.<br \/>\n    A zaklat\u00e1sok t\u00f6bbs\u00e9ge egy viszonylag \u00faj t\u00edpus\u00fa b\u0171ncselekm\u00e9ny, az \u00fagynevezett r\u00e1t\u00e1ncol\u00e1s (Antanzen &#8211; \u00f6r\u00f6mittas t\u00e1ncnak, mulatoz\u00e1snak \u00e1lc\u00e1zott csoportos utcai zsebtolvajl\u00e1s, az elk\u00f6vet\u0151k jellemz\u0151en \u00e9szak-afrikai fiatalok) elk\u00f6vet\u00e9se k\u00f6zben t\u00f6rt\u00e9nt.<br \/>\n    A r\u00e1t\u00e1ncol\u00e1sos esetekkel kapcsolatban eddig 12 felt\u00e9telezett elk\u00f6vet\u0151 ellen ind\u00edtottak elj\u00e1r\u00e1st, \u00e9s 7 embert el\u0151zetes letart\u00f3ztat\u00e1sba helyeztek. A Der Tagesspiegel c\u00edm\u0171 berlini lap \u00f6sszes\u00edt\u00e9se szerint 3 tun\u00e9ziai, 2 marokk\u00f3i \u00e9s egy-egy l\u00edbiai \u00e9s alg\u00e9riai szem\u00e9lyr\u0151l van sz\u00f3. \u0150k a  rend\u0151rs\u00e9g adatai alapj\u00e1n p\u00e9nzt \u00e9s mobiltelefonokat loptak, szexu\u00e1lis zaklat\u00e1st nem k\u00f6vettek el.<br \/>\n    Frank Henkel berlini bel\u00fcgyi szen\u00e1tor &#8211; a tartom\u00e1nyi rang\u00fa v\u00e1ros korm\u00e1ny\u00e1nak (szen\u00e1tus) tagja &#8211; kedden el\u00edt\u00e9lte a t\u00e1mad\u00e1sokat. A Kereszt\u00e9nydemokrata Uni\u00f3 (CDU) politikusa k\u00f6zlem\u00e9ny\u00e9ben kiemelte, hogy a &#8222;megal\u00e1z\u00f3&#8221; \u00e9s a n\u0151k megvet\u00e9s\u00e9t kifejez\u0151 t\u00e1mad\u00e1sok k\u00f6zepette &#8222;szerencs\u00e9re voltak emberek, akik civil kur\u00e1zsir\u00f3l tettek tan\u00fabizonys\u00e1got&#8221;, a rend\u0151rs\u00e9g pedig &#8222;jelen volt \u00e9s hat\u00e1rozottan fell\u00e9pett&#8221;.<br \/>\n    Hozz\u00e1tette, hogy a rend\u0151rs\u00e9g \u00e1prilisban k\u00fcl\u00f6n nyomoz\u00f3csoportot alak\u00edtott a r\u00e1t\u00e1ncol\u00e1sos esetek felt\u00e1r\u00e1s\u00e1ra.<br \/>\n    A p\u00e9ntekt\u0151l vas\u00e1rnapig tartott kult\u00far\u00e1k karnev\u00e1lj\u00e1n t\u00f6rt\u00e9nt t\u00e1mad\u00e1sokkal kapcsolatban a rend\u0151rs\u00e9g keddi \u00f6sszes\u00edt\u00e9se el\u0151tt k\u00e9t esetr\u0151l jelentek meg inform\u00e1ci\u00f3k. Az egyik szombaton t\u00f6rt\u00e9nt, a k\u00e9t \u00e1ldozatot egy nagyobb csoport f\u00e9rfi k\u00f6r\u00fclvette \u00e9s zaklatta, moleszt\u00e1lt\u00e1k \u0151ket \u00e9s egyik\u00fckt\u0151l elvett\u00e9k mobiltelefonj\u00e1t. Mire a rend\u0151r\u00f6k a helysz\u00ednre \u00e9rkeztek, a csoport feloszlott, de h\u00e1rom felt\u00e9telezett elk\u00f6vet\u0151t siker\u00fclt el\u0151\u00e1ll\u00edtani, az \u00e1ldozat pedig visszakapta mobiltelefonj\u00e1t.<br \/>\n    A m\u00e1sik eset p\u00e9nteken t\u00f6rt\u00e9nt, a 16 \u00e9ves \u00e1ldozatot egy csoport f\u00e9rfi k\u00f6rbevette \u00e9s zaklatta. Megpr\u00f3b\u00e1lt kiszabadulni t\u00e1mad\u00f3i gy\u0171r\u0171j\u00e9b\u0151l, de nem siker\u00fclt, csak akkor, amikor egy f\u00e9rfi a seg\u00edts\u00e9g\u00e9re sietett \u00e9s megfenyegette a t\u00e1mad\u00f3kat, hogy kih\u00edvja a rend\u0151rs\u00e9get. Az RBB szerint err\u0151l az esetr\u0151l csak h\u00e9tf\u0151n szerzett tudom\u00e1st a rend\u0151rs\u00e9g, miut\u00e1n az \u00e1ldozat a t\u00e1mad\u00e1sr\u00f3l besz\u00e1molt az \u00e9desanyj\u00e1nak, aki feljelent\u00e9st tett.<br \/>\n    A berlini rend\u0151rs\u00e9g szerint a kult\u00far\u00e1k karnev\u00e1lj\u00e1n nagyj\u00e1b\u00f3l 650 ezer ember vett r\u00e9szt, \u00e9s a rendezv\u00e9ny viszonylag b\u00e9k\u00e9s volt, nagyobb rendbont\u00e1s nem t\u00f6rt\u00e9nt.<br \/>\n    A kult\u00far\u00e1k karnev\u00e1lj\u00e1t (Karneval der Kulturen) a f\u0151k\u00e9nt k\u00fclf\u00f6ldiek \u00e9s bev\u00e1ndorl\u00f3k lakta Kreuzberg ker\u00fcletben rendezik meg 1996 \u00f3ta minden \u00e9vben. A p\u00fcnk\u00f6sdi par\u00e1d\u00e9 a k\u00fcl\u00f6nb\u00f6z\u0151 kult\u00far\u00e1k \u00e9s n\u00e9pek b\u00e9k\u00e9s egy\u00fctt\u00e9l\u00e9s\u00e9t, a nyitotts\u00e1g \u00e9s az elfogad\u00e1s, a tolerancia eszm\u00e9it hirdeti Berlinben, ahol nagyj\u00e1b\u00f3l 180 nemzet, n\u00e9pcsoport k\u00e9pvisel\u0151i \u00e9lnek egy\u00fctt. A n\u00e9gynapos esem\u00e9ny az egyik legh\u00edresebb multikultur\u00e1lis fesztiv\u00e1l a vil\u00e1gon, n\u00e9pszer\u0171s\u00e9ge London Notting Hill-i vagy Rotterdam ny\u00e1ri karnev\u00e1lj\u00e1hoz m\u00e9rhet\u0151.(MTI)<\/p>\n<p><meta http-equiv=\"refresh\" content=\"144\" \/><\/p>\n","protected":false},"excerpt":{"rendered":"<p>Legkevesebb nyolc esetben t\u00f6rt\u00e9nt szexu\u00e1lis zaklat\u00e1s Berlinben a h\u00e9t v\u00e9g\u00e9n a kult\u00far\u00e1k karnev\u00e1lj\u00e1n a n\u00e9met f\u0151v\u00e1ros rend\u0151rs\u00e9g\u00e9nek kedden megjelent adatai szerint.<\/p>\n","protected":false},"author":1,"featured_media":0,"comment_status":"open","ping_status":"closed","sticky":false,"template":"","format":"standard","meta":[],"categories":[12],"tags":[],"_links":{"self":[{"href":"https:\/\/gazdasagportal.hu\/index.php\/wp-json\/wp\/v2\/posts\/79445"}],"collection":[{"href":"https:\/\/gazdasagportal.hu\/index.php\/wp-json\/wp\/v2\/posts"}],"about":[{"href":"https:\/\/gazdasagportal.hu\/index.php\/wp-json\/wp\/v2\/types\/post"}],"author":[{"embeddable":true,"href":"https:\/\/gazdasagportal.hu\/index.php\/wp-json\/wp\/v2\/users\/1"}],"replies":[{"embeddable":true,"href":"https:\/\/gazdasagportal.hu\/index.php\/wp-json\/wp\/v2\/comments?post=79445"}],"version-history":[{"count":2,"href":"https:\/\/gazdasagportal.hu\/index.php\/wp-json\/wp\/v2\/posts\/79445\/revisions"}],"predecessor-version":[{"id":79447,"href":"https:\/\/gazdasagportal.hu\/index.php\/wp-json\/wp\/v2\/posts\/79445\/revisions\/79447"}],"wp:attachment":[{"href":"https:\/\/gazdasagportal.hu\/index.php\/wp-json\/wp\/v2\/media?parent=79445"}],"wp:term":[{"taxonomy":"category","embeddable":true,"href":"https:\/\/gazdasagportal.hu\/index.php\/wp-json\/wp\/v2\/categories?post=79445"},{"taxonomy":"post_tag","embeddable":true,"href":"https:\/\/gazdasagportal.hu\/index.php\/wp-json\/wp\/v2\/tags?post=79445"}],"curies":[{"name":"wp","href":"https:\/\/api.w.org\/{rel}","templated":true}]}}