{"id":79438,"date":"2016-05-17T19:15:03","date_gmt":"2016-05-17T17:15:03","guid":{"rendered":"http:\/\/gazdasagportal.hu\/?p=79438"},"modified":"2016-05-17T19:15:03","modified_gmt":"2016-05-17T17:15:03","slug":"tozsdezaras-az-europai-hangulat-befolyasolta-a-bet-en-a-kereskedest","status":"publish","type":"post","link":"https:\/\/gazdasagportal.hu\/index.php\/tozsdezaras-az-europai-hangulat-befolyasolta-a-bet-en-a-kereskedest\/","title":{"rendered":"T\u0151zsdez\u00e1r\u00e1s: az eur\u00f3pai hangulat befoly\u00e1solta a B\u00c9T-en a keresked\u00e9st"},"content":{"rendered":"<p><strong>A Budapesti \u00c9rt\u00e9kt\u0151zsde r\u00e9szv\u00e9nyindexe, a BUX 309,04 pontos, 1,16 sz\u00e1zal\u00e9kos cs\u00f6kken\u00e9ssel, 26 247,31 ponton z\u00e1rt kedden.<\/strong><!--more--><\/p>\n<div class=\"ads-in-post1\"><div id=\"gazdasagportal.hu_fullbanner_wideboard\"><\/div>\r\n<\/div>\n<p>    A r\u00e9szv\u00e9nypiac forgalma 9,2 milli\u00e1rd forint volt, a vezet\u0151 r\u00e9szv\u00e9nyek gyeng\u00fcltek a p\u00e9nteki z\u00e1r\u00e1shoz k\u00e9pest.<br \/>\n    Kiss M\u00f3nika, az Equilor Befektet\u00e9si Zrt. vezet\u0151 elemz\u0151je az MTI-nek elmondta, az enyh\u00e9n negat\u00edv eur\u00f3pai hangulat befoly\u00e1solta a B\u00c9T keresked\u00e9s\u00e9t, a forgalom n\u00e9mileg a 2016-os \u00e1tlag (10,9 milli\u00e1rd forint) alatt alakult.<br \/>\n    A k\u00e9t legforgalmasabb r\u00e9szv\u00e9ny az OTP \u00e9s a Mol volt. Az elemz\u0151 szerint a bankpap\u00edr es\u00e9se m\u00e9g a p\u00e9nteken k\u00f6zz\u00e9tett gyorsjelent\u00e9s \u00e9s makroadatok ut\u00e1ni reakci\u00f3. B\u00e1r a jelent\u00e9s \u00e9s az azt k\u00f6vet\u0151 kommentek is pozit\u00edvak voltak, \u00e1m a v\u00e1rtn\u00e1l alacsonyabb brutt\u00f3 hazai term\u00e9k (GDP) adat rontotta az OTP kil\u00e1t\u00e1sait, hiszen a c\u00e9g gazd\u00e1lkod\u00e1s\u00e1ra er\u0151sen hat az orsz\u00e1g n\u00f6veked\u00e9si lehet\u0151s\u00e9ge &#8211; mondta.<br \/>\n    Kiss M\u00f3nika kiemelte: a Moln\u00e1l nem volt jelent\u0151s adat, a pap\u00edr nem reag\u00e1lt az olaj\u00e1r emelked\u00e9s\u00e9re, a Magyar Telekom \u00e9s a Richter pedig a viszonylag alacsony keresked\u00e9si volumen mellett megtartotta \u00e9rt\u00e9k\u00e9t.<br \/>\n    Varj\u00fa P\u00e9ter, az Erste Befektet\u00e9si Zrt. igazgat\u00f3ja az M1 aktu\u00e1lis csatorn\u00e1n kifejtette: a p\u00e9nteken k\u00f6zz\u00e9tett ki\u00e1br\u00e1nd\u00edt\u00f3 GDP-adat miatt sz\u00e1m\u00edtottak arra, hogy a keddi keresked\u00e9sben is alulteljes\u00edt majd a B\u00c9T. A nyugat-eur\u00f3pai piacok 0,5 sz\u00e1zal\u00e9kos, a magyar piac pedig 1,2 sz\u00e1zal\u00e9kos m\u00ednuszban z\u00e1rt &#8211; mondta.<br \/>\n    Varj\u00fa P\u00e9ter szerint az utols\u00f3 egy \u00f3r\u00e1ban er\u0151s elad\u00f3i nyom\u00e1s alatt volt a BUX.<br \/>\n    A Mol 245 forinttal, 1,49 sz\u00e1zal\u00e9kkal 16 150 forintra cs\u00f6kkent, 1,4 milli\u00e1rd forintos forgalomban.<br \/>\n    Az OTP-r\u00e9szv\u00e9nyek \u00e1ra 109 forinttal, 1,57 sz\u00e1zal\u00e9kkal 6851 forintra esett, forgalmuk 5,1 milli\u00e1rd forintot tett ki.<br \/>\n    A Magyar Telekom \u00e1rfolyama 2 forinttal, 0,44 sz\u00e1zal\u00e9kkal 452 forintra gyeng\u00fclt, forgalma 587,3 milli\u00f3 forint volt.<br \/>\n    A Richter-pap\u00edrok \u00e1rfolyama 36 forinttal, 0,65 sz\u00e1zal\u00e9kkal 5513 forintra cs\u00f6kkentette \u00e9rt\u00e9k\u00e9t, a r\u00e9szv\u00e9nyek forgalma 2,0 milli\u00e1rd forintot \u00e9rt el.<br \/>\n    A BUMIX 1782,19 ponton z\u00e1rt kedden, ez 2,84 pontos, 0,16 sz\u00e1zal\u00e9kos cs\u00f6kken\u00e9s a h\u00e9tf\u0151i z\u00e1r\u00e1shoz viszony\u00edtva.<br \/>\n    A B\u00c9T \u00e1ruszekci\u00f3j\u00e1ban a p\u00e9nteki z\u00e1r\u00e1shoz k\u00e9pest csup\u00e1n a takarm\u00e1nykukorica elsz\u00e1mol\u00f3 \u00e1ra v\u00e1ltozott.<br \/>\n    Augusztusi sz\u00e1ll\u00edt\u00e1sra a malmi b\u00faza \u00e1ra tov\u00e1bbra is 43 500 forint, a takarm\u00e1nyb\u00faza elsz\u00e1mol\u00f3 \u00e1ra augusztusra \u00e9s szeptemberre v\u00e1ltozatlanul 42 500, 42 800 forint maradt.<br \/>\n    A takarm\u00e1nykukorica \u00e1ra j\u00faliusra 500 forinttal, 49 500 forintra dr\u00e1gult, a takarm\u00e1nykukorica jegyz\u00e9se azonban novemberre \u00e9s decemberre tov\u00e1bbra is 46 500 forinton \u00e1ll.<br \/>\n    A takarm\u00e1ny\u00e1rpa elsz\u00e1mol\u00f3 \u00e1ra augusztusra 39 500 forint maradt.<br \/>\n    A nagy olajtartalm\u00fa napraforg\u00f3mag jegyz\u00e9se okt\u00f3berre v\u00e1ltozatlanul 108 500 forinton \u00e1ll.<br \/>\n    A nagy olajtartalm\u00fa repce elsz\u00e1mol\u00f3 \u00e1ra augusztusra \u00e9s novemberre 109 000, szeptemberre pedig 108 000 forint maradt.(MTI)<\/p>\n","protected":false},"excerpt":{"rendered":"<p>A Budapesti \u00c9rt\u00e9kt\u0151zsde r\u00e9szv\u00e9nyindexe, a BUX 309,04 pontos, 1,16 sz\u00e1zal\u00e9kos cs\u00f6kken\u00e9ssel, 26 247,31 ponton z\u00e1rt kedden.<\/p>\n","protected":false},"author":1,"featured_media":0,"comment_status":"open","ping_status":"closed","sticky":false,"template":"","format":"standard","meta":[],"categories":[7],"tags":[],"_links":{"self":[{"href":"https:\/\/gazdasagportal.hu\/index.php\/wp-json\/wp\/v2\/posts\/79438"}],"collection":[{"href":"https:\/\/gazdasagportal.hu\/index.php\/wp-json\/wp\/v2\/posts"}],"about":[{"href":"https:\/\/gazdasagportal.hu\/index.php\/wp-json\/wp\/v2\/types\/post"}],"author":[{"embeddable":true,"href":"https:\/\/gazdasagportal.hu\/index.php\/wp-json\/wp\/v2\/users\/1"}],"replies":[{"embeddable":true,"href":"https:\/\/gazdasagportal.hu\/index.php\/wp-json\/wp\/v2\/comments?post=79438"}],"version-history":[{"count":1,"href":"https:\/\/gazdasagportal.hu\/index.php\/wp-json\/wp\/v2\/posts\/79438\/revisions"}],"predecessor-version":[{"id":79439,"href":"https:\/\/gazdasagportal.hu\/index.php\/wp-json\/wp\/v2\/posts\/79438\/revisions\/79439"}],"wp:attachment":[{"href":"https:\/\/gazdasagportal.hu\/index.php\/wp-json\/wp\/v2\/media?parent=79438"}],"wp:term":[{"taxonomy":"category","embeddable":true,"href":"https:\/\/gazdasagportal.hu\/index.php\/wp-json\/wp\/v2\/categories?post=79438"},{"taxonomy":"post_tag","embeddable":true,"href":"https:\/\/gazdasagportal.hu\/index.php\/wp-json\/wp\/v2\/tags?post=79438"}],"curies":[{"name":"wp","href":"https:\/\/api.w.org\/{rel}","templated":true}]}}