{"id":79435,"date":"2016-05-17T17:45:42","date_gmt":"2016-05-17T15:45:42","guid":{"rendered":"http:\/\/gazdasagportal.hu\/?p=79435"},"modified":"2016-05-17T17:45:42","modified_gmt":"2016-05-17T15:45:42","slug":"az-ukran-parlament-nem-europainak-minositette-az-orosz-tv-es-radiomusorokat","status":"publish","type":"post","link":"https:\/\/gazdasagportal.hu\/index.php\/az-ukran-parlament-nem-europainak-minositette-az-orosz-tv-es-radiomusorokat\/","title":{"rendered":"Az ukr\u00e1n parlament nem eur\u00f3painak min\u0151s\u00edtette az orosz tv- \u00e9s r\u00e1di\u00f3m\u0171sorokat"},"content":{"rendered":"<p><strong>Az ukr\u00e1n parlament t\u00f6rv\u00e9nym\u00f3dos\u00edt\u00e1st fogadott el kedden, amelyben nem eur\u00f3painak min\u0151s\u00edtette az orosz megrendel\u00e9sre k\u00e9sz\u00edtett, illetve orosz gy\u00e1rt\u00e1s\u00fa t\u00e9v\u00e9- \u00e9s r\u00e1di\u00f3m\u0171sorokat, kiz\u00e1rva \u00edgy gyakorlatilag annak lehet\u0151s\u00e9g\u00e9t, hogy azok ad\u00e1sba ker\u00fcljenek az orsz\u00e1gban.<\/strong><!--more--><\/p>\n<div class=\"ads-in-post1\"><div id=\"gazdasagportal.hu_fullbanner_wideboard\"><\/div>\r\n<\/div>\n<p>    A m\u00f3dos\u00edt\u00e1s \u00e9rtelm\u00e9ben &#8211; amelyet a 450 f\u0151s kijevi t\u00f6rv\u00e9nyhoz\u00e1s 229 tagja szavazott meg &#8211; heti bont\u00e1sban legal\u00e1bb 50 sz\u00e1zal\u00e9kot kell kitenni\u00fck az ukr\u00e1n gy\u00e1rt\u00e1s\u00fa m\u0171soroknak, s az ukr\u00e1nt is belesz\u00e1m\u00edtva 70 sz\u00e1zal\u00e9kban hat\u00e1rozt\u00e1k meg az eur\u00f3pai, amerikai \u00e9s kanadai gy\u00e1rt\u00e1s\u00fa m\u0171sorok egy\u00fcttes ar\u00e1ny\u00e1t.<br \/>\n    Eur\u00f3pai k\u00e9sz\u00edt\u00e9s\u0171 m\u0171sornak a jogszab\u00e1ly sz\u00f6vege szerint az sz\u00e1m\u00edt, amelyet olyan jogi szem\u00e9ly vagy szem\u00e9lyek k\u00e9sz\u00edtettek, amelyek a hat\u00e1rokon \u00e1tny\u00fal\u00f3 telev\u00edzi\u00f3z\u00e1sr\u00f3l sz\u00f3l\u00f3 eur\u00f3pai egyezm\u00e9nyt ratifik\u00e1l\u00f3 \u00e1llamok valamelyik\u00e9ben vannak bejegyezve. Amennyiben viszont az adott m\u0171sor megrendel\u0151i, illetve k\u00e9sz\u00edt\u0151i k\u00f6z\u00f6tt van ak\u00e1r egy jogi szem\u00e9ly is, amely az ukr\u00e1n parlament \u00e1ltal agresszornak min\u0151s\u00edtett Oroszorsz\u00e1gban van bejegyezve, a m\u0171sor nem min\u0151s\u00fclhet eur\u00f3pai vagy ukr\u00e1n gy\u00e1rt\u00e1s\u00fanak.<br \/>\n    Az ukr\u00e1n parlament tavaly janu\u00e1rban fogadott el nyilatkozatot, amelyben Oroszorsz\u00e1got agresszor \u00e1llamnak, a kelet-ukrajnai Moszkva-bar\u00e1t szakad\u00e1rok donyecki, illetve luhanszki n\u00e9pk\u00f6zt\u00e1rsas\u00e1gait pedig terrorszervezeteknek min\u0151s\u00edtette.<br \/>\n    Ukrajn\u00e1ban a Kr\u00edm f\u00e9lsziget k\u00e9t \u00e9vvel ezel\u0151tti orosz elcsatol\u00e1sa, valamint a kelet-ukrajnai fegyveres konfliktus kirobban\u00e1sa ut\u00e1n sorra tiltott\u00e1k be az orosz t\u00e9v\u00e9csatorn\u00e1k m\u0171sor\u00e1nak sug\u00e1rz\u00e1s\u00e1t.<br \/>\n    A tavaly \u0151sszel elfogadott szankci\u00f3s list\u00e1n z\u00f6m\u00e9ben m\u00e9g csak politikai \u00e9s h\u00edrm\u0171sorokat sug\u00e1rz\u00f3 orosz \u00e1llami, illetve kereskedelmi t\u00e9v\u00e9k szerepeltek, mint p\u00e9ld\u00e1ul az \u00e1llami egyes, a Rosszija 24, az RTR-Planeta, a Life News \u00e9s a Russia Today. Mostanra \u00f6sszesen m\u00e1r csaknem \u00f6tven orosz telev\u00edzi\u00f3, k\u00f6zt\u00fck gyermek-, zenei, sz\u00f3rakoztat\u00f3 \u00e9s ismeretterjeszt\u0151 tematik\u00e1j\u00fa t\u00e9v\u00e9csatorn\u00e1k m\u0171sor\u00e1nak sug\u00e1rz\u00e1s\u00e1t tiltott\u00e1k meg az ukrajnai k\u00e1belt\u00e1rsas\u00e1goknak.<br \/>\n    Petro Porosenko ukr\u00e1n eln\u00f6k 2015. szeptember 16-\u00e1n \u00edrta al\u00e1 azt a rendeletet, amellyel \u00e9letbe l\u00e9ptette az ukr\u00e1n nemzetbiztons\u00e1gi \u00e9s v\u00e9delmi tan\u00e1cs (RNBO) hat\u00e1rozat\u00e1t &#8222;az Oroszorsz\u00e1g, illetve m\u00e1s, a Kr\u00edm elfoglal\u00e1s\u00e1val \u00e9s a Donyec-medencei agresszi\u00f3val \u00f6sszef\u00fcgg\u00e9sbe hozhat\u00f3 orsz\u00e1gok&#8221; mag\u00e1n- \u00e9s jogi szem\u00e9lyei elleni szankci\u00f3k bevezet\u00e9s\u00e9r\u0151l. A list\u00e1ra 105 jogi \u00e9s 388 mag\u00e1nszem\u00e9ly ker\u00fclt fel, el\u0151bbiek k\u00f6z\u00f6tt azok az orosz t\u00e9v\u00e9k, amelyek sug\u00e1rz\u00e1s\u00e1t az els\u0151k k\u00f6z\u00f6tt tiltott\u00e1k meg Ukrajn\u00e1ban.(MTI)<\/p>\n","protected":false},"excerpt":{"rendered":"<p>Az ukr\u00e1n parlament t\u00f6rv\u00e9nym\u00f3dos\u00edt\u00e1st fogadott el kedden, amelyben nem eur\u00f3painak min\u0151s\u00edtette az orosz megrendel\u00e9sre k\u00e9sz\u00edtett, illetve orosz gy\u00e1rt\u00e1s\u00fa t\u00e9v\u00e9- \u00e9s r\u00e1di\u00f3m\u0171sorokat, kiz\u00e1rva \u00edgy gyakorlatilag annak lehet\u0151s\u00e9g\u00e9t, hogy azok ad\u00e1sba ker\u00fcljenek az orsz\u00e1gban.<\/p>\n","protected":false},"author":1,"featured_media":0,"comment_status":"open","ping_status":"closed","sticky":false,"template":"","format":"standard","meta":[],"categories":[12],"tags":[],"_links":{"self":[{"href":"https:\/\/gazdasagportal.hu\/index.php\/wp-json\/wp\/v2\/posts\/79435"}],"collection":[{"href":"https:\/\/gazdasagportal.hu\/index.php\/wp-json\/wp\/v2\/posts"}],"about":[{"href":"https:\/\/gazdasagportal.hu\/index.php\/wp-json\/wp\/v2\/types\/post"}],"author":[{"embeddable":true,"href":"https:\/\/gazdasagportal.hu\/index.php\/wp-json\/wp\/v2\/users\/1"}],"replies":[{"embeddable":true,"href":"https:\/\/gazdasagportal.hu\/index.php\/wp-json\/wp\/v2\/comments?post=79435"}],"version-history":[{"count":1,"href":"https:\/\/gazdasagportal.hu\/index.php\/wp-json\/wp\/v2\/posts\/79435\/revisions"}],"predecessor-version":[{"id":79436,"href":"https:\/\/gazdasagportal.hu\/index.php\/wp-json\/wp\/v2\/posts\/79435\/revisions\/79436"}],"wp:attachment":[{"href":"https:\/\/gazdasagportal.hu\/index.php\/wp-json\/wp\/v2\/media?parent=79435"}],"wp:term":[{"taxonomy":"category","embeddable":true,"href":"https:\/\/gazdasagportal.hu\/index.php\/wp-json\/wp\/v2\/categories?post=79435"},{"taxonomy":"post_tag","embeddable":true,"href":"https:\/\/gazdasagportal.hu\/index.php\/wp-json\/wp\/v2\/tags?post=79435"}],"curies":[{"name":"wp","href":"https:\/\/api.w.org\/{rel}","templated":true}]}}