{"id":79432,"date":"2016-05-17T16:51:57","date_gmt":"2016-05-17T14:51:57","guid":{"rendered":"http:\/\/gazdasagportal.hu\/?p=79432"},"modified":"2016-05-17T16:51:57","modified_gmt":"2016-05-17T14:51:57","slug":"fonagy-a-kormany-a-torvenyesen-dolgozo-taxisok-mellett-all","status":"publish","type":"post","link":"https:\/\/gazdasagportal.hu\/index.php\/fonagy-a-kormany-a-torvenyesen-dolgozo-taxisok-mellett-all\/","title":{"rendered":"F\u00f3nagy: a korm\u00e1ny a t\u00f6rv\u00e9nyesen dolgoz\u00f3 taxisok mellett \u00e1ll"},"content":{"rendered":"<p><strong>A korm\u00e1ny a magyar jogszab\u00e1lyoknak megfelel\u0151en dolgoz\u00f3, Magyarorsz\u00e1gon ad\u00f3t fizet\u0151 taxisok mellett \u00e1ll &#8211; mondta a Nemzeti Fejleszt\u00e9si Miniszt\u00e9rium (NFM) parlamenti \u00e1llamtitk\u00e1ra kedden az MTI-nek.<\/strong><!--more--><\/p>\n<div class=\"ads-in-post1\"><div id=\"gazdasagportal.hu_fullbanner_wideboard\"><\/div>\r\n<\/div>\n<p>    F\u00f3nagy J\u00e1nos eml\u00e9keztetett, hogy az Orsz\u00e1ggy\u0171l\u00e9s kedd d\u00e9lut\u00e1n t\u00e1rgyalja azt a t\u00f6rv\u00e9nym\u00f3dos\u00edt\u00e1si javaslatot, amelynek c\u00e9lja a magyar jogszab\u00e1lyok semmibev\u00e9tel\u00e9vel, enged\u00e9ly n\u00e9lk\u00fcl v\u00e9gzett szem\u00e9lysz\u00e1ll\u00edt\u00f3 tev\u00e9kenys\u00e9g, k\u00f6zismert nev\u00e9n az Uber tov\u00e1bbi szankcion\u00e1l\u00e1sa.<br \/>\n    Az NFM-el\u0151terjeszt\u00e9s szerint aki jogosulatlan diszp\u00e9csertev\u00e9kenys\u00e9get v\u00e9gez, vagy b\u00e1r van jogos\u00edtv\u00e1nya diszp\u00e9cserszolg\u00e1latra, de olyanoknak ny\u00fajtja, akiknek nincs szem\u00e9lysz\u00e1ll\u00edt\u00e1si enged\u00e9ly\u00fck, annak az elektronikus adatszolg\u00e1ltat\u00e1s\u00e1t &#8211; vagyis a honlapj\u00e1t \u00e9s az applik\u00e1ci\u00f3j\u00e1t &#8211; a hat\u00f3s\u00e1g hat\u00e1rozott id\u0151re letilthatja kifejezetten a jogosulatlan tev\u00e9kenys\u00e9g megakad\u00e1lyoz\u00e1sa \u00e9rdek\u00e9ben.<br \/>\n    Az \u00e1llamtitk\u00e1r hangs\u00falyozta ugyanakkor: a korm\u00e1ny t\u00e1mogatja az okostelefonos taxirendel\u00e9st. &#8222;Baj akkor van, amikor ezt a korszer\u0171 eszk\u00f6zt egy jogosulatlan tev\u00e9kenys\u00e9g t\u00e1mogat\u00e1s\u00e1ra haszn\u00e1lj\u00e1k fel&#8221; &#8211; fogalmazott.<br \/>\n    A t\u00f6rv\u00e9nym\u00f3dos\u00edt\u00e1si javaslatnak r\u00e9sze, hogy az enged\u00e9ly n\u00e9lk\u00fcl taxiz\u00f3 a r\u00e1 kiszabott k\u00f6zigazgat\u00e1si b\u00edrs\u00e1g mellett 9-re emelt b\u00fcntet\u0151pontot is kaphasson, \u00edgy ism\u00e9telt elk\u00f6vet\u00e9s eset\u00e9n a pontjainak sz\u00e1ma 18 lesz, amikor is a jogos\u00edtv\u00e1nyt f\u00e9l \u00e9vre el kell venni. A g\u00e9pkocsij\u00e1nak rendsz\u00e1m\u00e1t els\u0151 alkalommal szint\u00e9n f\u00e9l \u00e9vre, \u00fajb\u00f3li elk\u00f6vet\u00e9sn\u00e9l pedig 3 \u00e9vre venn\u00e9k el &#8211; ismertette a tervezett v\u00e1ltoztat\u00e1sokat.<br \/>\n    A jogszab\u00e1ly-m\u00f3dos\u00edt\u00e1s a kihirdet\u00e9s\u00e9t k\u00f6vet\u0151 31. napon l\u00e9phet hat\u00e1lyba.<br \/>\n    F\u00f3nagy J\u00e1nos \u00fagy fogalmazott: a korm\u00e1ny nem a korszer\u0171 lehet\u0151s\u00e9gek ellen van, hanem tiszta versenyt szeretne biztos\u00edtani.(MTI)<\/p>\n","protected":false},"excerpt":{"rendered":"<p>A korm\u00e1ny a magyar jogszab\u00e1lyoknak megfelel\u0151en dolgoz\u00f3, Magyarorsz\u00e1gon ad\u00f3t fizet\u0151 taxisok mellett \u00e1ll &#8211; mondta a Nemzeti Fejleszt\u00e9si Miniszt\u00e9rium (NFM) parlamenti \u00e1llamtitk\u00e1ra kedden az MTI-nek.<\/p>\n","protected":false},"author":1,"featured_media":0,"comment_status":"open","ping_status":"closed","sticky":false,"template":"","format":"standard","meta":[],"categories":[19],"tags":[],"_links":{"self":[{"href":"https:\/\/gazdasagportal.hu\/index.php\/wp-json\/wp\/v2\/posts\/79432"}],"collection":[{"href":"https:\/\/gazdasagportal.hu\/index.php\/wp-json\/wp\/v2\/posts"}],"about":[{"href":"https:\/\/gazdasagportal.hu\/index.php\/wp-json\/wp\/v2\/types\/post"}],"author":[{"embeddable":true,"href":"https:\/\/gazdasagportal.hu\/index.php\/wp-json\/wp\/v2\/users\/1"}],"replies":[{"embeddable":true,"href":"https:\/\/gazdasagportal.hu\/index.php\/wp-json\/wp\/v2\/comments?post=79432"}],"version-history":[{"count":1,"href":"https:\/\/gazdasagportal.hu\/index.php\/wp-json\/wp\/v2\/posts\/79432\/revisions"}],"predecessor-version":[{"id":79433,"href":"https:\/\/gazdasagportal.hu\/index.php\/wp-json\/wp\/v2\/posts\/79432\/revisions\/79433"}],"wp:attachment":[{"href":"https:\/\/gazdasagportal.hu\/index.php\/wp-json\/wp\/v2\/media?parent=79432"}],"wp:term":[{"taxonomy":"category","embeddable":true,"href":"https:\/\/gazdasagportal.hu\/index.php\/wp-json\/wp\/v2\/categories?post=79432"},{"taxonomy":"post_tag","embeddable":true,"href":"https:\/\/gazdasagportal.hu\/index.php\/wp-json\/wp\/v2\/tags?post=79432"}],"curies":[{"name":"wp","href":"https:\/\/api.w.org\/{rel}","templated":true}]}}