{"id":79191,"date":"2016-05-12T03:03:45","date_gmt":"2016-05-12T01:03:45","guid":{"rendered":"http:\/\/gazdasagportal.hu\/?p=79191"},"modified":"2016-05-11T22:31:52","modified_gmt":"2016-05-11T20:31:52","slug":"europai-parlament-nem-lehet-enyhiteni-a-torok-vizummentesseg-felteteleit","status":"publish","type":"post","link":"https:\/\/gazdasagportal.hu\/index.php\/europai-parlament-nem-lehet-enyhiteni-a-torok-vizummentesseg-felteteleit\/","title":{"rendered":"Eur\u00f3pai Parlament: nem lehet enyh\u00edteni a t\u00f6r\u00f6k v\u00edzummentess\u00e9g felt\u00e9teleit"},"content":{"rendered":"<p><strong>A migr\u00e1ci\u00f3s nyom\u00e1s cs\u00f6kkent\u00e9se \u00e9rdek\u00e9ben sem szabad elt\u00e9rni a v\u00edzumliberaliz\u00e1ci\u00f3 szigor\u00fa szab\u00e1lyait\u00f3l, T\u00f6r\u00f6korsz\u00e1gnak ugyanazoknak a felt\u00e9teleknek kell megfelelnie, mint minden m\u00e1s orsz\u00e1gnak ahhoz, hogy polg\u00e1rai szabad beutaz\u00e1st kapjanak az Eur\u00f3pai Uni\u00f3 ter\u00fclet\u00e9re &#8211; hangs\u00falyozt\u00e1k politikai hovatartoz\u00e1st\u00f3l f\u00fcggetlen\u00fcl a k\u00e9pvisel\u0151k az Eur\u00f3pai Parlament (EP) szerdai strasbourgi plen\u00e1ris \u00fcl\u00e9s\u00e9n.<\/strong><!--more--><\/p>\n<div class=\"ads-in-post1\"><div id=\"gazdasagportal.hu_fullbanner_wideboard\"><\/div>\r\n<\/div>\n<p>    A soros uni\u00f3s eln\u00f6ks\u00e9g k\u00e9pviselet\u00e9ben Jeannine Hennis-Plasschaert holland v\u00e9delmi miniszter elmondta, hogy b\u00e1r a t\u00f6r\u00f6k hat\u00f3s\u00e1gok jelent\u0151s el\u0151rel\u00e9p\u00e9seket tettek, egyel\u0151re nem tudt\u00e1k teljes\u00edteni a v\u00edzumliberaliz\u00e1ci\u00f3s akci\u00f3terv el\u0151\u00edr\u00e1sainak mindegyik\u00e9t.<br \/>\n    A t\u00e1rcavezet\u0151 kijelentette, Ankar\u00e1nak &#8222;m\u00e9g sok a h\u00e1zi feladata&#8221;, ez\u00e9rt a reformfolyamat felgyors\u00edt\u00e1s\u00e1ra k\u00e9rte a t\u00f6r\u00f6k korm\u00e1nyt.<br \/>\n    Az \u00fcl\u00e9sen felsz\u00f3lalt Dimitrisz Avramopulosz migr\u00e1ci\u00f3s \u00fcgyek\u00e9rt felel\u0151s uni\u00f3s biztos is, aki lesz\u00f6gezte, hogy a krit\u00e9riumok enyh\u00edt\u00e9se n\u00e9lk\u00fcl mindent meg kellene tenni a folyamat felgyors\u00edt\u00e1s\u00e1\u00e9rt. Ez ugyanis mindk\u00e9t f\u00e9l \u00e9rdeke &#8211; tette hozz\u00e1.<br \/>\n    Avramopulosz ugyanakkor m\u00e9ltatta az Eur\u00f3pai Uni\u00f3 \u00e9s T\u00f6r\u00f6korsz\u00e1g k\u00f6z\u00f6tti migr\u00e1ci\u00f3s egyezm\u00e9ny eddigi eredm\u00e9nyeit. Kifejtette, jelenleg nagyj\u00e1b\u00f3l napi 140 menek\u00fclt \u00e9rkezik illeg\u00e1lis \u00faton T\u00f6r\u00f6korsz\u00e1gb\u00f3l G\u00f6r\u00f6gorsz\u00e1gba, mik\u00f6zben ez a sz\u00e1m okt\u00f3berben m\u00e9g 6000 k\u00f6r\u00fcl volt \u00e1tlagosan.<br \/>\n    Mariya Gabriel, az Eur\u00f3pai N\u00e9pp\u00e1rt k\u00e9pvisel\u0151je hangs\u00falyozta, az el\u0151\u00edr\u00e1sok teljes\u00edt\u00e9se el\u0151tt nem szabad megszavazni a v\u00edzumliberaliz\u00e1ci\u00f3t, erre kiz\u00e1r\u00f3lag akkor ker\u00fclhet sor, ha a t\u00f6r\u00f6k szervek minden krit\u00e9riumot teljes\u00edtettek, ennek az ellen\u0151rz\u00e9se pedig az Eur\u00f3pai Bizotts\u00e1g feladata.<br \/>\n    Hasonl\u00f3 v\u00e9lem\u00e9ny\u00e9nek adott hangot Tanja Fajon szoci\u00e1ldemokrata EP-k\u00e9pvisel\u0151 is, aki \u00fagy v\u00e9lte, hogy b\u00e1r a v\u00edzummentes utaz\u00e1s minden szempontb\u00f3l rendk\u00edv\u00fcl fontos, komoly fenntart\u00e1sok vannak a t\u00f6r\u00f6k v\u00edzummentess\u00e9ggel kapcsolatban. Hozz\u00e1tette, az Eur\u00f3pai Uni\u00f3 \u00e9s T\u00f6r\u00f6korsz\u00e1g k\u00f6z\u00f6tti egy\u00fcttm\u0171k\u00f6d\u00e9s kulcsfontoss\u00e1g\u00fa a migr\u00e1ci\u00f3s v\u00e1ls\u00e1g kezel\u00e9se szempontj\u00e1b\u00f3l, de ez nem jelentheti azt, hogy Br\u00fcsszel t\u00fal nagy engedm\u00e9nyeket tesz Ankar\u00e1nak.<br \/>\n    Felsz\u00f3lal\u00e1s\u00e1ban Sophia in &#8216;t Veld liber\u00e1lis k\u00e9pvisel\u0151 szint\u00e9n annak a sz\u00fcks\u00e9gess\u00e9g\u00e9r\u0151l besz\u00e9lt, hogy T\u00f6r\u00f6korsz\u00e1g teljes\u00edtse az uni\u00f3s v\u00edzummentess\u00e9g felt\u00e9teleit. Kijelentette, Recep Tayyip Erdogan t\u00f6r\u00f6k eln\u00f6k zsarolja az Eur\u00f3pai Uni\u00f3t, amit szerinte az\u00e9rt tehet meg, mert a &#8222;kontinens gyenge \u00e9s megosztott, a nemzeti politikusok nem tudnak meg\u00e1llapodni egy k\u00f6z\u00f6s eur\u00f3pai menek\u00fcltpolitik\u00e1r\u00f3l&#8221;.<br \/>\n    Ugyancsak szerd\u00e1n Volkan Bozkir eur\u00f3pai \u00fcgyek\u00e9rt felel\u0151s t\u00f6r\u00f6k miniszter arra figyelmeztetett, hogy nagy vesz\u00e9lybe ker\u00fclt az Eur\u00f3pai Uni\u00f3 \u00e9s T\u00f6r\u00f6korsz\u00e1g k\u00f6z\u00f6tti migr\u00e1ci\u00f3s egyezm\u00e9ny az\u00e1ltal, hogy a felek azon vitatkoznak, Ankara teljes\u00edtette-e az uni\u00f3s v\u00edzumk\u00e9nyszer elt\u00f6rl\u00e9s\u00e9re vonatkoz\u00f3 felt\u00e9teleket.<br \/>\n    &#8222;Nagy vesz\u00e9lyben van minden meg\u00e1llapod\u00e1s, amelyet a bizalomra, a j\u00f3 sz\u00e1nd\u00e9kra \u00e9s a felel\u0151ss\u00e9gv\u00e1llal\u00e1sra alapozva, politikai kock\u00e1zatokat v\u00e1llalva eddig siker\u00fclt el\u00e9rni&#8221; &#8211; mondta sajt\u00f3t\u00e1j\u00e9koztat\u00f3j\u00e1n a t\u00e1rcavezet\u0151, miut\u00e1n Martin Schulz-cal, az Eur\u00f3pai Parlament eln\u00f6k\u00e9vel t\u00e1rgyalt Strasbourgban.<br \/>\n    Martin Schulz szerd\u00e1n kijelentette, az Eur\u00f3pai Parlament nem t\u00e1rgyal a T\u00f6r\u00f6korsz\u00e1ggal szembeni v\u00edzumk\u00f6telezetts\u00e9g megsz\u00fcntet\u00e9s\u00e9r\u0151l, ha a t\u00f6r\u00f6k f\u00e9l nem teljes\u00edti a felt\u00e9teleket.<br \/>\n    Az Eur\u00f3pai Uni\u00f3 \u00e9s T\u00f6r\u00f6korsz\u00e1g k\u00f6z\u00f6tti migr\u00e1ci\u00f3s meg\u00e1llapod\u00e1sban az EU v\u00e1llalta, hogy felgyors\u00edtja a v\u00edzummentess\u00e9g megad\u00e1s\u00e1r\u00f3l 2013 \u00f3ta zajl\u00f3 t\u00e1rgyal\u00e1sokat. T\u00f6r\u00f6korsz\u00e1g eddig 67 felt\u00e9telt teljes\u00edtett a 72-b\u0151l. Az Eur\u00f3pai Bizotts\u00e1g az el\u0151z\u0151 h\u00e9ten javaslatot tett r\u00e1, hogy oldj\u00e1k fel a v\u00edzumk\u00f6telezetts\u00e9get, ha a t\u00f6r\u00f6k f\u00e9l teljes\u00edti a v\u00edzumliberaliz\u00e1ci\u00f3s akci\u00f3terv el\u0151\u00edr\u00e1sainak mindegyik\u00e9t. Azonban Recep Tayyip Erdogan k\u00e9t nap m\u00falva bejelentette, hogy sz\u00f3 sem lehet a terrorizmus elleni harccal foglalkoz\u00f3 t\u00f6rv\u00e9ny m\u00f3dos\u00edt\u00e1s\u00e1r\u00f3l.(MTI)<\/p>\n","protected":false},"excerpt":{"rendered":"<p>A migr\u00e1ci\u00f3s nyom\u00e1s cs\u00f6kkent\u00e9se \u00e9rdek\u00e9ben sem szabad elt\u00e9rni a v\u00edzumliberaliz\u00e1ci\u00f3 szigor\u00fa szab\u00e1lyait\u00f3l, T\u00f6r\u00f6korsz\u00e1gnak ugyanazoknak a felt\u00e9teleknek kell megfelelnie, mint minden m\u00e1s orsz\u00e1gnak ahhoz, hogy polg\u00e1rai szabad beutaz\u00e1st kapjanak az Eur\u00f3pai Uni\u00f3 ter\u00fclet\u00e9re &#8211; hangs\u00falyozt\u00e1k politikai hovatartoz\u00e1st\u00f3l f\u00fcggetlen\u00fcl a k\u00e9pvisel\u0151k az Eur\u00f3pai Parlament (EP) szerdai strasbourgi plen\u00e1ris \u00fcl\u00e9s\u00e9n.<\/p>\n","protected":false},"author":1,"featured_media":0,"comment_status":"open","ping_status":"closed","sticky":false,"template":"","format":"standard","meta":[],"categories":[12],"tags":[],"_links":{"self":[{"href":"https:\/\/gazdasagportal.hu\/index.php\/wp-json\/wp\/v2\/posts\/79191"}],"collection":[{"href":"https:\/\/gazdasagportal.hu\/index.php\/wp-json\/wp\/v2\/posts"}],"about":[{"href":"https:\/\/gazdasagportal.hu\/index.php\/wp-json\/wp\/v2\/types\/post"}],"author":[{"embeddable":true,"href":"https:\/\/gazdasagportal.hu\/index.php\/wp-json\/wp\/v2\/users\/1"}],"replies":[{"embeddable":true,"href":"https:\/\/gazdasagportal.hu\/index.php\/wp-json\/wp\/v2\/comments?post=79191"}],"version-history":[{"count":1,"href":"https:\/\/gazdasagportal.hu\/index.php\/wp-json\/wp\/v2\/posts\/79191\/revisions"}],"predecessor-version":[{"id":79192,"href":"https:\/\/gazdasagportal.hu\/index.php\/wp-json\/wp\/v2\/posts\/79191\/revisions\/79192"}],"wp:attachment":[{"href":"https:\/\/gazdasagportal.hu\/index.php\/wp-json\/wp\/v2\/media?parent=79191"}],"wp:term":[{"taxonomy":"category","embeddable":true,"href":"https:\/\/gazdasagportal.hu\/index.php\/wp-json\/wp\/v2\/categories?post=79191"},{"taxonomy":"post_tag","embeddable":true,"href":"https:\/\/gazdasagportal.hu\/index.php\/wp-json\/wp\/v2\/tags?post=79191"}],"curies":[{"name":"wp","href":"https:\/\/api.w.org\/{rel}","templated":true}]}}