{"id":79181,"date":"2016-05-11T22:21:17","date_gmt":"2016-05-11T20:21:17","guid":{"rendered":"http:\/\/gazdasagportal.hu\/?p=79181"},"modified":"2016-05-11T22:21:17","modified_gmt":"2016-05-11T20:21:17","slug":"heves-vita-folyik-az-elnoki-rendszerrol-torokorszagban-ellenzeki-vezeto-szerint-verontashoz-vezethet-a-lepes","status":"publish","type":"post","link":"https:\/\/gazdasagportal.hu\/index.php\/heves-vita-folyik-az-elnoki-rendszerrol-torokorszagban-ellenzeki-vezeto-szerint-verontashoz-vezethet-a-lepes\/","title":{"rendered":"Heves vita folyik az eln\u00f6ki rendszerr\u0151l T\u00f6r\u00f6korsz\u00e1gban: ellenz\u00e9ki vezet\u0151 szerint v\u00e9ront\u00e1shoz vezethet a l\u00e9p\u00e9s"},"content":{"rendered":"<p><strong>V\u00e9ront\u00e1s n\u00e9lk\u00fcl nem vezethet\u0151 be a v\u00e9grehajt\u00f3i eln\u00f6ki rendszer T\u00f6r\u00f6korsz\u00e1gban &#8211; hangoztatta szerd\u00e1n Kemal Kilicdaroglu, a legf\u0151bb ellenz\u00e9ki t\u00f6m\u00f6r\u00fcl\u00e9s, a K\u00f6zt\u00e1rsas\u00e1gi N\u00e9pp\u00e1rt (CHP) eln\u00f6ke a T\u00f6r\u00f6korsz\u00e1gi Kamar\u00e1k \u00e9s T\u0151zsd\u00e9k Sz\u00f6vets\u00e9g\u00e9nek (TOBB) 72. k\u00f6zgy\u0171l\u00e9s\u00e9n.<\/strong><!--more--><\/p>\n<div class=\"ads-in-post1\"><div id=\"gazdasagportal.hu_fullbanner_wideboard\"><\/div>\r\n<\/div>\n<p>    A CHP eln\u00f6ke Ahmet Davutoglu t\u00f6r\u00f6k minisztereln\u00f6k k\u00f6zeled\u0151 t\u00e1voz\u00e1s\u00e1ra is kit\u00e9rt: &#8222;Davutoglut k\u00e9tszer is korm\u00e1nyf\u0151v\u00e9 v\u00e1lasztott\u00e1k, el\u0151sz\u00f6r tavaly j\u00fanius 7-\u00e9n, majd az el\u0151rehozott parlamenti szavaz\u00e1son november 1-\u00e9n. Egyik reggel sz\u00f3l\u00edtott\u00e1k \u00e9s arra k\u00e9rt\u00e9k, hogy hagyja ott a posztj\u00e1t. Mi\u00e9rt? 23 milli\u00f3 600 ezer t\u00f6r\u00f6k \u00e1llampolg\u00e1r szavazott r\u00e1 \u00e9s valaki azt mondta neki, hogy l\u00e9pjen vissza. Ez a demokr\u00e1cia? Kinek \u00e1ll jog\u00e1ban ekkora bizalmat a kuk\u00e1ba dobni?&#8221;<br \/>\n    Kilicdaroglu kijelent\u00e9sei azonnal nagy port kavartak a t\u00f6r\u00f6k k\u00f6z\u00e9letben.<br \/>\n    B\u00fclent Turan, a korm\u00e1nyon l\u00e9v\u0151 Igazs\u00e1g \u00e9s Fejl\u0151d\u00e9s P\u00e1rtja (AKP) frakci\u00f3vezet\u0151-helyettese &#8222;tr\u00e1g\u00e1rnak&#8221; nevezte az ellenz\u00e9ki politikus szavait. Kiemelte: &#8222;sajn\u00e1latos, hogy a T\u00f6r\u00f6k K\u00f6zt\u00e1rsas\u00e1g alap\u00edt\u00f3ja, Musztafa Kemal Atat\u00fcrk t\u00f6rt\u00e9nelmi p\u00e1rtja id\u00e1ig jutott. K\u00edv\u00e1ncsian v\u00e1rjuk, hogy mit fog tenni a vezet\u0151: kiv\u00e9gezteti az eln\u00f6ki rendszert t\u00e1mogat\u00f3 k\u00e9pvisel\u0151ket \u00e9s \u00e1llampolg\u00e1rokat? G\u00e1zkamr\u00e1kba z\u00e1rja \u0151ket, mint a n\u00e1cik? Ilyen laza nyelvet haszn\u00e1l Kilicdaroglu.&#8221;<br \/>\n    Turan nyomat\u00e9kos\u00edtotta: ebben az orsz\u00e1gban csak a n\u00e9p d\u00f6nthet a rendszerv\u00e1lt\u00e1sr\u00f3l, m\u00e1rpedig a j\u00f3zan \u00e9sz nem \u00fcl fel a CHP polg\u00e1rh\u00e1bor\u00fas fenyeget\u00e9s\u00e9nek.<br \/>\n    Mustafa Elitas gazdas\u00e1gi miniszter k\u00e9rd\u0151re vonta Kilicdaroglut. &#8222;Az \u00e9g szerelm\u00e9re, lehet v\u00e9rrel alkotm\u00e1nyt m\u00f3dos\u00edtani? Lehet egy n\u00e9pet \u00edgy megfenyegetni? A legf\u0151bb ellenz\u00e9ki p\u00e1rthoz m\u00e9lt\u00f3 az ilyen? Esetleg puccsra k\u00e9sz\u00fcl?&#8221; &#8211; fejtette ki Elitas.<br \/>\n    \u00d6mer Celik, az AKP sz\u00f3viv\u0151je Kilicdaroglu megnyilv\u00e1nul\u00e1s\u00e1t &#8222;rendk\u00edv\u00fcl s\u00falyosnak&#8221; min\u0151s\u00edtette. Celik rem\u00e9ny\u00e9t fejezte ki, hogy az ellenz\u00e9ki vezet\u0151 &#8222;korrig\u00e1lja&#8221; v\u00e9lem\u00e9ny\u00e9t. &#8211; Nagy balszerencse T\u00f6r\u00f6korsz\u00e1g sz\u00e1m\u00e1ra a CHP kommunik\u00e1ci\u00f3ja, amelyet m\u00e9g a p\u00e1rton bel\u00fcl is sokan kritiz\u00e1lnak &#8211; v\u00e9lte a korm\u00e1nyp\u00e1rti sz\u00f3viv\u0151.<br \/>\n    Ahmet Davutoglu korm\u00e1nyf\u0151 m\u00falt cs\u00fct\u00f6rt\u00f6k\u00f6n jelentette be, hogy nem indul az AKP p\u00e1rteln\u00f6ki tiszts\u00e9g\u00e9\u00e9rt a m\u00e1jus 22-re kit\u0171z\u00f6tt rendk\u00edv\u00fcli kongresszuson \u00e9s ezzel automatikusan lemond a minisztereln\u00f6ki poz\u00edci\u00f3j\u00e1r\u00f3l is. Davutoglu a bejelent\u00e9s el\u0151tti nap, szerda este Recep Tayyip Erdogan t\u00f6r\u00f6k \u00e1llamf\u0151vel tal\u00e1lkozott.(MTI)<\/p>\n","protected":false},"excerpt":{"rendered":"<p>V\u00e9ront\u00e1s n\u00e9lk\u00fcl nem vezethet\u0151 be a v\u00e9grehajt\u00f3i eln\u00f6ki rendszer T\u00f6r\u00f6korsz\u00e1gban &#8211; hangoztatta szerd\u00e1n Kemal Kilicdaroglu, a legf\u0151bb ellenz\u00e9ki t\u00f6m\u00f6r\u00fcl\u00e9s, a K\u00f6zt\u00e1rsas\u00e1gi N\u00e9pp\u00e1rt (CHP) eln\u00f6ke a T\u00f6r\u00f6korsz\u00e1gi Kamar\u00e1k \u00e9s T\u0151zsd\u00e9k Sz\u00f6vets\u00e9g\u00e9nek (TOBB) 72. k\u00f6zgy\u0171l\u00e9s\u00e9n.<\/p>\n","protected":false},"author":1,"featured_media":0,"comment_status":"open","ping_status":"closed","sticky":false,"template":"","format":"standard","meta":[],"categories":[12],"tags":[],"_links":{"self":[{"href":"https:\/\/gazdasagportal.hu\/index.php\/wp-json\/wp\/v2\/posts\/79181"}],"collection":[{"href":"https:\/\/gazdasagportal.hu\/index.php\/wp-json\/wp\/v2\/posts"}],"about":[{"href":"https:\/\/gazdasagportal.hu\/index.php\/wp-json\/wp\/v2\/types\/post"}],"author":[{"embeddable":true,"href":"https:\/\/gazdasagportal.hu\/index.php\/wp-json\/wp\/v2\/users\/1"}],"replies":[{"embeddable":true,"href":"https:\/\/gazdasagportal.hu\/index.php\/wp-json\/wp\/v2\/comments?post=79181"}],"version-history":[{"count":1,"href":"https:\/\/gazdasagportal.hu\/index.php\/wp-json\/wp\/v2\/posts\/79181\/revisions"}],"predecessor-version":[{"id":79182,"href":"https:\/\/gazdasagportal.hu\/index.php\/wp-json\/wp\/v2\/posts\/79181\/revisions\/79182"}],"wp:attachment":[{"href":"https:\/\/gazdasagportal.hu\/index.php\/wp-json\/wp\/v2\/media?parent=79181"}],"wp:term":[{"taxonomy":"category","embeddable":true,"href":"https:\/\/gazdasagportal.hu\/index.php\/wp-json\/wp\/v2\/categories?post=79181"},{"taxonomy":"post_tag","embeddable":true,"href":"https:\/\/gazdasagportal.hu\/index.php\/wp-json\/wp\/v2\/tags?post=79181"}],"curies":[{"name":"wp","href":"https:\/\/api.w.org\/{rel}","templated":true}]}}