{"id":79179,"date":"2016-05-11T20:40:38","date_gmt":"2016-05-11T18:40:38","guid":{"rendered":"http:\/\/gazdasagportal.hu\/?p=79179"},"modified":"2016-05-11T20:11:26","modified_gmt":"2016-05-11T18:11:26","slug":"katasztrofa-tobb-tizezer-hektarnyi-erdo-eg-sziberiaban-es-az-orosz-tavol-keleten","status":"publish","type":"post","link":"https:\/\/gazdasagportal.hu\/index.php\/katasztrofa-tobb-tizezer-hektarnyi-erdo-eg-sziberiaban-es-az-orosz-tavol-keleten\/","title":{"rendered":"Katasztr\u00f3fa &#8211; T\u00f6bb t\u00edzezer hekt\u00e1rnyi erd\u0151 \u00e9g Szib\u00e9ri\u00e1ban \u00e9s az orosz T\u00e1vol-Keleten"},"content":{"rendered":"<p><strong>T\u00f6bb t\u00edzezer hekt\u00e1rnyi erd\u0151 l\u00e1ngol Szib\u00e9ri\u00e1ban \u00e9s az orosz T\u00e1vol-Keleten, a legs\u00falyosabb helyzet az am\u00fari k\u00f6rzetben, Burj\u00e1tf\u00f6ld\u00f6n \u00e9s a Bajk\u00e1lon t\u00fali r\u00e9gi\u00f3ban alakult ki &#8211; der\u00fclt ki a rendk\u00edv\u00fcli helyzetek miniszt\u00e9rium\u00e1nak cs\u00fct\u00f6rt\u00f6ki jelent\u00e9s\u00e9b\u0151l.<\/strong><!--more--><\/p>\n<div class=\"ads-in-post1\"><div id=\"gazdasagportal.hu_fullbanner_wideboard\"><\/div>\r\n<\/div>\n<p>    Oroszorsz\u00e1g nyolc r\u00e9gi\u00f3j\u00e1ban jelenleg 116 erd\u0151t\u0171z tombol, az olt\u00e1s sor\u00e1n 45 rep\u00fcl\u0151g\u00e9pet, valamint dr\u00f3nokat vezettek be, \u00e9s a katasztr\u00f3fahelyzet alakul\u00e1s\u00e1t m\u0171holdakr\u00f3l is figyelik . Az Am\u00far t\u00e9rs\u00e9g\u00e9ben, ahol 42 ezer hekt\u00e1ron 24 erd\u0151t\u0171z l\u00e1ngol, k\u00fcl\u00f6nleges t\u0171zv\u00e9delmi \u00e1llapotot hirdettek ki. Az \u00f6vezetben 140 lakott telep\u00fcl\u00e9s tal\u00e1lhat\u00f3, 23 a term\u00e9szeti csap\u00e1s k\u00f6zvetlen k\u00f6zel\u00e9ben.<br \/>\n    Az olt\u00e1sba a t\u0171zolt\u00f3k mellett bekapcsol\u00f3dni k\u00e9sz\u00fcl a t\u00e1vol-keleti katonai k\u00f6rzet t\u00edz, 15 \u00e9s 50 f\u0151 k\u00f6z\u00f6tti l\u00e9tsz\u00e1m\u00fa alakulata. A helyi templomokban es\u0151\u00e9rt im\u00e1dkoznak, ami a meteorol\u00f3giai el\u0151rejelz\u00e9sek szerint a k\u00f6zeli napokban-\u00f3r\u00e1kban meg\u00e9rkezhet, \u00e9s lelass\u00edthatja a l\u00e1ngok terjed\u00e9s\u00e9t.<br \/>\n    A Bajk\u00e1lon t\u00fali ter\u00fcleten 11 ezer hekt\u00e1ron 41 erd\u0151t\u0171z \u00e9g, ott 794-en k\u00fczdenek a l\u00e1ngokkal, k\u00f6zt\u00fck 143 ejt\u0151erny\u0151s katona. Burj\u00e1tf\u00f6ld\u00f6n csaknem 19 ezer, az irkutszki k\u00f6rzetben pedig 50 ezer hekt\u00e1r \u00e9g. Jakutf\u00f6ld\u00f6n szerd\u00e1ra siker\u00fclt eloltani a l\u00e1ngokat, amelyek 605 hekt\u00e1rnyi ter\u00fcletet perzseltek fel, de az er\u0151jelz\u00e9sek szerint sz\u00e1raz, forr\u00f3 ny\u00e1r v\u00e1rhat\u00f3, ami a n\u00f6v\u00e9nyzet \u00fajabb fell\u00e1ngol\u00e1s\u00e1hoz vezethet.<br \/>\n    Vlagyimir Putyin orosz eln\u00f6k cs\u00fct\u00f6rt\u00f6k\u00f6n Szocsiban a kialakult helyzetr\u0151l tartott tan\u00e1cskoz\u00e1son hangs\u00falyozta a t\u0171zv\u00e9sszel \u00e9s m\u00e1s term\u00e9szeti csap\u00e1sokkal szembeni megel\u0151z\u0151 int\u00e9zked\u00e9sek fontoss\u00e1g\u00e1t. Utas\u00edtotta a rendk\u00edv\u00fcli helyzetek miniszt\u00e9rium\u00e1t ir\u00e1ny\u00edt\u00f3 Vlagyimir Pucskovot, hogy tegyen folyamatos jelent\u00e9st a munka el\u0151rehalad\u00e1s\u00e1r\u00f3l, k\u00fcl\u00f6n\u00f6s tekintettel arra, hogy az igaz\u00e1n t\u0171zvesz\u00e9lyes id\u0151szak m\u00e9g meg sem kezd\u0151d\u00f6tt, \u00e9s hogy ford\u00edtsanak k\u00fcl\u00f6n\u00f6s figyelmet azokra az emberekre, akik a term\u00e9szeti csap\u00e1s k\u00f6vetkezt\u00e9ben hajl\u00e9ktalanokk\u00e1 v\u00e1ltak.<br \/>\n    A miniszt\u00e9rium operat\u00edv k\u00f6zpontj\u00e1nak vezet\u0151je, Viktor Jacucenko az eln\u00f6knek Moszkv\u00e1b\u00f3l videokapcsolaton tett jelent\u00e9s\u00e9ben elmondta, hogy egyetlen nap leforg\u00e1sa alatt t\u00f6bb mint 70 telep\u00fcl\u00e9s k\u00f6zel\u00e9ben siker\u00fclt feltart\u00f3ztatni a l\u00e1ngokat. Szavai szerint a l\u00e1ngok eddig n\u00e9gy telep\u00fcl\u00e9sen terjedtek \u00e1t lak\u00f3h\u00e1zakra, de a lakoss\u00e1got siker\u00fclt kimenek\u00edteni, \u00e9s az erd\u0151t\u00fczek ember\u00e9letet nem k\u00f6veteltek.<br \/>\nJacucenko szerint a t\u00fczek egyik okoz\u00f3ja az enged\u00e9ly n\u00e9lk\u00fcli mez\u0151gazdas\u00e1gi tarl\u00f3\u00e9get\u00e9s.(MTI)<\/p>\n","protected":false},"excerpt":{"rendered":"<p>T\u00f6bb t\u00edzezer hekt\u00e1rnyi erd\u0151 l\u00e1ngol Szib\u00e9ri\u00e1ban \u00e9s az orosz T\u00e1vol-Keleten, a legs\u00falyosabb helyzet az am\u00fari k\u00f6rzetben, Burj\u00e1tf\u00f6ld\u00f6n \u00e9s a Bajk\u00e1lon t\u00fali r\u00e9gi\u00f3ban alakult ki &#8211; der\u00fclt ki a rendk\u00edv\u00fcli helyzetek miniszt\u00e9rium\u00e1nak cs\u00fct\u00f6rt\u00f6ki jelent\u00e9s\u00e9b\u0151l.<\/p>\n","protected":false},"author":1,"featured_media":0,"comment_status":"open","ping_status":"closed","sticky":false,"template":"","format":"standard","meta":[],"categories":[12],"tags":[],"_links":{"self":[{"href":"https:\/\/gazdasagportal.hu\/index.php\/wp-json\/wp\/v2\/posts\/79179"}],"collection":[{"href":"https:\/\/gazdasagportal.hu\/index.php\/wp-json\/wp\/v2\/posts"}],"about":[{"href":"https:\/\/gazdasagportal.hu\/index.php\/wp-json\/wp\/v2\/types\/post"}],"author":[{"embeddable":true,"href":"https:\/\/gazdasagportal.hu\/index.php\/wp-json\/wp\/v2\/users\/1"}],"replies":[{"embeddable":true,"href":"https:\/\/gazdasagportal.hu\/index.php\/wp-json\/wp\/v2\/comments?post=79179"}],"version-history":[{"count":1,"href":"https:\/\/gazdasagportal.hu\/index.php\/wp-json\/wp\/v2\/posts\/79179\/revisions"}],"predecessor-version":[{"id":79180,"href":"https:\/\/gazdasagportal.hu\/index.php\/wp-json\/wp\/v2\/posts\/79179\/revisions\/79180"}],"wp:attachment":[{"href":"https:\/\/gazdasagportal.hu\/index.php\/wp-json\/wp\/v2\/media?parent=79179"}],"wp:term":[{"taxonomy":"category","embeddable":true,"href":"https:\/\/gazdasagportal.hu\/index.php\/wp-json\/wp\/v2\/categories?post=79179"},{"taxonomy":"post_tag","embeddable":true,"href":"https:\/\/gazdasagportal.hu\/index.php\/wp-json\/wp\/v2\/tags?post=79179"}],"curies":[{"name":"wp","href":"https:\/\/api.w.org\/{rel}","templated":true}]}}