{"id":79173,"date":"2016-05-12T04:44:30","date_gmt":"2016-05-12T02:44:30","guid":{"rendered":"http:\/\/gazdasagportal.hu\/?p=79173"},"modified":"2016-05-11T22:25:29","modified_gmt":"2016-05-11T20:25:29","slug":"brusszeli-robbantasok-elott-e-mailben-utasitottak-az-illetekest-metrohalozat-lezarasara-de-o-nem-olvasta","status":"publish","type":"post","link":"https:\/\/gazdasagportal.hu\/index.php\/brusszeli-robbantasok-elott-e-mailben-utasitottak-az-illetekest-metrohalozat-lezarasara-de-o-nem-olvasta\/","title":{"rendered":"Br\u00fcsszeli robbant\u00e1sok el\u0151tt e-mailben utas\u00edtott\u00e1k az illet\u00e9kest metr\u00f3h\u00e1l\u00f3zat lez\u00e1r\u00e1s\u00e1ra, de \u0151 nem olvasta"},"content":{"rendered":"<p><strong>E-mailben utas\u00edtott\u00e1k a belga rend\u0151rs\u00e9g illet\u00e9kes tiszts\u00e9gvisel\u0151j\u00e9t a metr\u00f3h\u00e1l\u00f3zat lez\u00e1r\u00e1s\u00e1ra n\u00e9h\u00e1ny perccel a br\u00fcsszeli Maelbeek \u00e1llom\u00e1son elk\u00f6vetett m\u00e1rciusi robbant\u00e1st megel\u0151z\u0151en, \u0151 azonban nem olvasta id\u0151ben a levelet, azt ugyanis a priv\u00e1t fi\u00f3kj\u00e1ra k\u00fcldt\u00e9k &#8211; jelentette a helyi m\u00e9dia szerd\u00e1n.<br \/>\n<\/strong><!--more--><\/p>\n<div class=\"ads-in-post1\"><div id=\"gazdasagportal.hu_fullbanner_wideboard\"><\/div>\r\n<\/div>\n    A La Derni\u00e9re Heure c\u00edm\u0171 napilap besz\u00e1mol\u00f3ja szerint err\u0151l maga az illet\u00e9kes, Jo Decuyper sz\u00e1molt be szerd\u00e1n a br\u00fcsszeli mer\u00e9nyletek kivizsg\u00e1l\u00e1s\u00e1ra fel\u00e1ll\u00edtott parlamenti bizotts\u00e1g el\u0151tt.<br \/>\n    A rend\u0151rs\u00e9gi tiszts\u00e9gvisel\u0151 a meghallgat\u00e1son lesz\u00f6gezte, a trag\u00e9dia akkor is bek\u00f6vetkezett volna, ha kor\u00e1bban l\u00e1tja a levelet. &#8222;Ha lett volna olyan gomb, amivel megszak\u00edthat\u00f3 minden \u00e9s elrendelhet\u0151 az evaku\u00e1ci\u00f3 &#8211; m\u00e1rpedig ilyen nyilv\u00e1nval\u00f3an nem l\u00e9tezik -, akkor sem lehetett volna megel\u0151zni (a t\u00f6rt\u00e9nteket)&#8221; &#8211; mondta.<br \/>\n    A rend\u0151rs\u00e9gi utas\u00edt\u00e1st tartalmaz\u00f3 email reggel 9 \u00f3ra 7 perckor \u00e9rkezett meg Decuyper fi\u00f3kj\u00e1ba, n\u00e9gy perccel a metr\u00f3kocsiban v\u00e9grehajtott robbant\u00e1s el\u0151tt. A f\u00e9rfi szerint a metr\u00f3h\u00e1l\u00f3zat lez\u00e1r\u00e1sa ugyanakkor legal\u00e1bb 30 percet vesz ig\u00e9nybe.<br \/>\n    A k\u00e9t helysz\u00ednen &#8211; a metr\u00f3ban \u00e9s a Zaventem rep\u00fcl\u0151t\u00e9ren &#8211; elk\u00f6vetett m\u00e1rcius 22-i br\u00fcsszeli terrort\u00e1mad\u00e1sokban harminck\u00e9t ember \u00e9let\u00e9t vesztette \u00e9s t\u00f6bb mint h\u00e1romsz\u00e1zan megsebes\u00fcltek. A mer\u00e9nyleteket az Iszl\u00e1m \u00c1llam nev\u0171 dzsihadista szervezet v\u00e1llalta mag\u00e1ra.(MTI)<\/p>\n","protected":false},"excerpt":{"rendered":"<p>E-mailben utas\u00edtott\u00e1k a belga rend\u0151rs\u00e9g illet\u00e9kes tiszts\u00e9gvisel\u0151j\u00e9t a metr\u00f3h\u00e1l\u00f3zat lez\u00e1r\u00e1s\u00e1ra n\u00e9h\u00e1ny perccel a br\u00fcsszeli Maelbeek \u00e1llom\u00e1son elk\u00f6vetett m\u00e1rciusi robbant\u00e1st megel\u0151z\u0151en, \u0151 azonban nem olvasta id\u0151ben a levelet, azt ugyanis a priv\u00e1t fi\u00f3kj\u00e1ra k\u00fcldt\u00e9k &#8211; jelentette a helyi m\u00e9dia szerd\u00e1n.<\/p>\n","protected":false},"author":1,"featured_media":0,"comment_status":"open","ping_status":"closed","sticky":false,"template":"","format":"standard","meta":[],"categories":[12],"tags":[],"_links":{"self":[{"href":"https:\/\/gazdasagportal.hu\/index.php\/wp-json\/wp\/v2\/posts\/79173"}],"collection":[{"href":"https:\/\/gazdasagportal.hu\/index.php\/wp-json\/wp\/v2\/posts"}],"about":[{"href":"https:\/\/gazdasagportal.hu\/index.php\/wp-json\/wp\/v2\/types\/post"}],"author":[{"embeddable":true,"href":"https:\/\/gazdasagportal.hu\/index.php\/wp-json\/wp\/v2\/users\/1"}],"replies":[{"embeddable":true,"href":"https:\/\/gazdasagportal.hu\/index.php\/wp-json\/wp\/v2\/comments?post=79173"}],"version-history":[{"count":1,"href":"https:\/\/gazdasagportal.hu\/index.php\/wp-json\/wp\/v2\/posts\/79173\/revisions"}],"predecessor-version":[{"id":79174,"href":"https:\/\/gazdasagportal.hu\/index.php\/wp-json\/wp\/v2\/posts\/79173\/revisions\/79174"}],"wp:attachment":[{"href":"https:\/\/gazdasagportal.hu\/index.php\/wp-json\/wp\/v2\/media?parent=79173"}],"wp:term":[{"taxonomy":"category","embeddable":true,"href":"https:\/\/gazdasagportal.hu\/index.php\/wp-json\/wp\/v2\/categories?post=79173"},{"taxonomy":"post_tag","embeddable":true,"href":"https:\/\/gazdasagportal.hu\/index.php\/wp-json\/wp\/v2\/tags?post=79173"}],"curies":[{"name":"wp","href":"https:\/\/api.w.org\/{rel}","templated":true}]}}